{"id":999,"date":"2018-03-18T17:21:31","date_gmt":"2018-03-18T16:21:31","guid":{"rendered":"http:\/\/rodnovjerje.com.hr\/?p=999"},"modified":"2025-01-14T15:47:58","modified_gmt":"2025-01-14T14:47:58","slug":"blagdan-velje-noci-velikdana-1386-1387","status":"publish","type":"post","link":"https:\/\/rodnovjerje.com.hr\/index.php\/2018\/03\/18\/blagdan-velje-noci-velikdana-1386-1387\/","title":{"rendered":"Blagdan Velje no\u0107i\/Velikdana 1386.\/1387."},"content":{"rendered":"<p><span class=\"_fbReactionComponent__eventDetailsContent fsl\"><strong>&#8220;Na Veliki dan, na prvi dan, \/ Vino, vino zeleno. \/ Svi su se, svi se okupili, \/ Jedino Juraj se nije okupio, Po polju je hodao, \u017eito rodio&#8230;&#8221;<\/strong><\/span><\/p>\n<p>&nbsp;<\/p>\n<p><strong>Pi\u0161e: Vlk, HR\u017d Perunica<\/strong><\/p>\n<p><span class=\"_fbReactionComponent__eventDetailsContent fsl\">Dragi prijatelji, pro\u0161ao je jo\u0161 jedan hod kroz godinu i otpo\u010deo novi. Jarilo iz podzemlja, gdje su ga po Koledu odveli Velesovi ljudi, napokon kre\u0107e u svoj novi Hod kroz godinu, koji \u0107e nam donijeti obilje plodova i blagostanja. Uz otklju\u010davanje vrata Vireja, kre\u0107e nova godina, novi ciklus. <\/span><strong>Velja no\u0107 <\/strong>je bila no\u0107 zadnjeg mladog mjeseca prije proljetne ravnodnevnice, posljednja no\u0107 u na\u0161oj rodnovjernoj godini. Savez hrvatskih rodnovjeraca okupio se tom prigodom uz obilje hrane i pi\u0107a, glazbe i pjesme te sve\u010dano do\u010dekao novi hod kroz godinu koji je po\u010deo <strong>Velikdanom.<\/strong><\/p>\n<p>&nbsp; <img fetchpriority=\"high\" decoding=\"async\" class=\"aligncenter wp-image-1003\" src=\"https:\/\/rodnovjerje.com.hr\/wp-content\/uploads\/2018\/03\/1-630x840.jpg\" alt=\"\" width=\"335\" height=\"447\" srcset=\"https:\/\/rodnovjerje.com.hr\/wp-content\/uploads\/2018\/03\/1-630x840.jpg 630w, https:\/\/rodnovjerje.com.hr\/wp-content\/uploads\/2018\/03\/1-274x365.jpg 274w, https:\/\/rodnovjerje.com.hr\/wp-content\/uploads\/2018\/03\/1.jpg 720w\" sizes=\"(max-width: 335px) 100vw, 335px\" \/><\/p>\n<p><img decoding=\"async\" class=\"aligncenter size-medium wp-image-1004\" src=\"https:\/\/rodnovjerje.com.hr\/wp-content\/uploads\/2018\/03\/2-487x365.jpg\" alt=\"\" width=\"487\" height=\"365\" srcset=\"https:\/\/rodnovjerje.com.hr\/wp-content\/uploads\/2018\/03\/2-487x365.jpg 487w, https:\/\/rodnovjerje.com.hr\/wp-content\/uploads\/2018\/03\/2-768x576.jpg 768w, https:\/\/rodnovjerje.com.hr\/wp-content\/uploads\/2018\/03\/2-840x630.jpg 840w, https:\/\/rodnovjerje.com.hr\/wp-content\/uploads\/2018\/03\/2.jpg 2040w\" sizes=\"(max-width: 487px) 100vw, 487px\" \/><\/p>\n<p><img decoding=\"async\" class=\"aligncenter wp-image-1005\" src=\"https:\/\/rodnovjerje.com.hr\/wp-content\/uploads\/2018\/03\/3-274x365.jpg\" alt=\"\" width=\"348\" height=\"464\" srcset=\"https:\/\/rodnovjerje.com.hr\/wp-content\/uploads\/2018\/03\/3-274x365.jpg 274w, https:\/\/rodnovjerje.com.hr\/wp-content\/uploads\/2018\/03\/3-630x840.jpg 630w, https:\/\/rodnovjerje.com.hr\/wp-content\/uploads\/2018\/03\/3.jpg 720w\" sizes=\"(max-width: 348px) 100vw, 348px\" \/><\/p>\n<p>Kao i svake nove obredne godine, na prvi dan, blagdan Velikdana, Savez hrvatskih rodnovjeraca objavljuje <strong>blagdanar<\/strong> za teku\u0107u godinu sa svim blagdanima koji se slave u hrvatskom rodnovjerju prema Savezu hrvatskih rodnovjeraca, prikazom mjese\u010devih mijena te dr\u017eavnim blagdanima i praznicima u Republici Hrvatskoj.<\/p>\n<p><img loading=\"lazy\" decoding=\"async\" class=\"aligncenter wp-image-1010\" src=\"https:\/\/rodnovjerje.com.hr\/wp-content\/uploads\/2018\/03\/29365496_2014970388532583_8194220919804133376_n-274x365.jpg\" alt=\"\" width=\"347\" height=\"462\" srcset=\"https:\/\/rodnovjerje.com.hr\/wp-content\/uploads\/2018\/03\/29365496_2014970388532583_8194220919804133376_n-274x365.jpg 274w, https:\/\/rodnovjerje.com.hr\/wp-content\/uploads\/2018\/03\/29365496_2014970388532583_8194220919804133376_n-630x840.jpg 630w, https:\/\/rodnovjerje.com.hr\/wp-content\/uploads\/2018\/03\/29365496_2014970388532583_8194220919804133376_n.jpg 720w\" sizes=\"(max-width: 347px) 100vw, 347px\" \/><\/p>\n<p>Ako \u017eelite svoj primjerak, mo\u017eete dogovoriti nabavku i naru\u010diti po cijeni od <strong>25 kn (komad) plus po\u0161tarina<\/strong>. Kontakt na<a href=\"https:\/\/www.facebook.com\/SavezHrvatskihRodnovjeraca\/\"><strong> https:\/\/www.facebook.com\/SavezHrvatskihRodnovjeraca\/<\/strong><\/a>.<\/p>\n","protected":false},"excerpt":{"rendered":"<p>\u201cNa Veliki dan, na prvi dan, \/ Vino, vino zeleno. \/ Svi su se, svi se okupili, \/ Jedino Juraj se nije okupio, Po polju je hodao, \u017eito rodio\u2026\u201d<\/p>\n","protected":false},"author":3,"featured_media":0,"comment_status":"open","ping_status":"open","sticky":false,"template":"","format":"standard","meta":{"footnotes":""},"categories":[9],"tags":[],"class_list":["post-999","post","type-post","status-publish","format-standard","hentry","category-blagdani"],"_links":{"self":[{"href":"https:\/\/rodnovjerje.com.hr\/index.php\/wp-json\/wp\/v2\/posts\/999","targetHints":{"allow":["GET"]}}],"collection":[{"href":"https:\/\/rodnovjerje.com.hr\/index.php\/wp-json\/wp\/v2\/posts"}],"about":[{"href":"https:\/\/rodnovjerje.com.hr\/index.php\/wp-json\/wp\/v2\/types\/post"}],"author":[{"embeddable":true,"href":"https:\/\/rodnovjerje.com.hr\/index.php\/wp-json\/wp\/v2\/users\/3"}],"replies":[{"embeddable":true,"href":"https:\/\/rodnovjerje.com.hr\/index.php\/wp-json\/wp\/v2\/comments?post=999"}],"version-history":[{"count":6,"href":"https:\/\/rodnovjerje.com.hr\/index.php\/wp-json\/wp\/v2\/posts\/999\/revisions"}],"predecessor-version":[{"id":1104,"href":"https:\/\/rodnovjerje.com.hr\/index.php\/wp-json\/wp\/v2\/posts\/999\/revisions\/1104"}],"wp:attachment":[{"href":"https:\/\/rodnovjerje.com.hr\/index.php\/wp-json\/wp\/v2\/media?parent=999"}],"wp:term":[{"taxonomy":"category","embeddable":true,"href":"https:\/\/rodnovjerje.com.hr\/index.php\/wp-json\/wp\/v2\/categories?post=999"},{"taxonomy":"post_tag","embeddable":true,"href":"https:\/\/rodnovjerje.com.hr\/index.php\/wp-json\/wp\/v2\/tags?post=999"}],"curies":[{"name":"wp","href":"https:\/\/api.w.org\/{rel}","templated":true}]}}