{"id":787,"date":"2017-04-26T14:50:54","date_gmt":"2017-04-26T12:50:54","guid":{"rendered":"http:\/\/rodnovjerje.com.hr\/?p=787"},"modified":"2017-04-26T16:34:05","modified_gmt":"2017-04-26T14:34:05","slug":"jurjevo-na-zagrebackom-zmajurjevu","status":"publish","type":"post","link":"https:\/\/rodnovjerje.com.hr\/index.php\/2017\/04\/26\/jurjevo-na-zagrebackom-zmajurjevu\/","title":{"rendered":"Jurjevo na zagreba\u010dkom ZmaJurjevu"},"content":{"rendered":"<p>\n\t<strong><em>K\u01ebda Jaryilo hodit\u044c, t\u01ebda pol&#39;e rodit\u044c. <\/em><\/strong>\n<\/p>\n<p>\n\t<strong><em>Zelen\u044a Jarylo j\u044cz daleka p\u01ebti, trud\u044cna jego hoda po pol&#39;u. <\/em><\/strong>\n<\/p>\n<p>\n\t<strong><em>Hodit\u044a Jarylo, t&#39;ud&#39;\u044c t&#39;ud&#39;in\u044c, po mostu, most&#39;\u044a gybajet\u044c s\u0119, lomajet\u044c s\u0119&#8230; <\/em><\/strong>\n<\/p>\n<p>\n\t&nbsp;\n<\/p>\n<p>\n\t<strong>Pi&scaron;e: Vlk, HR\u017d Perunica<\/strong>\n<\/p>\n<p style=\"text-align: justify;\">\n\t&nbsp;\n<\/p>\n<p style=\"text-align: justify;\">\n\tU zagreba\u010dkom <strong>Parku Ribnjak<\/strong>, tijekom ovogodi&scaron;njeg jurjevskog vikenda, u <strong>subotu i nedjelju 22. i 23. travnja 2017. godine<\/strong>, pro&scaron;lo je oko <strong>30.000 posjetitelja<\/strong> manifestacijom <a href=\"http:\/\/www.zmajurjevo.hr\"><strong>ZmaJurjevo<\/strong><\/a>, odr\u017eanom nakon pro&scaron;logodi&scaron;nje prve takve drugi put po redu, u\u017eivaju\u0107i u sun\u010danom danu u sredi&scaron;tu Zagreba, oku&scaron;avaju\u0107i se u brojnim srednjovjekovnim radionicama i prate\u0107i brojne predstave i atrakcije ovog glavnog zagreba\u010dkog festivala o\u017eivljene povijesti. Manifestacija je organizirala zagreba\u010dka udruga za anti\u010dku, srednjovjekovnu i ranonovovjekovnu povijest <a href=\"http:\/\/www.cuvari.hr\"><strong>Red \u010cuvara grada Zagreba<\/strong><\/a> s brojnim partnerima i suradnicima.<strong> <\/strong>\n<\/p>\n<p style=\"text-align: justify;\">\n\t&nbsp;\n<\/p>\n<p style=\"text-align: justify;\">\n\t<img fetchpriority=\"high\" decoding=\"async\" alt=\"\" class=\"aligncenter size-large wp-image-814\" height=\"360\" src=\"https:\/\/rodnovjerje.com.hr\/wp-content\/uploads\/2017\/04\/20170422_174428-1024x576.jpg\" width=\"640\" srcset=\"https:\/\/rodnovjerje.com.hr\/wp-content\/uploads\/2017\/04\/20170422_174428-1024x576.jpg 1024w, https:\/\/rodnovjerje.com.hr\/wp-content\/uploads\/2017\/04\/20170422_174428-300x169.jpg 300w, https:\/\/rodnovjerje.com.hr\/wp-content\/uploads\/2017\/04\/20170422_174428-768x432.jpg 768w\" sizes=\"(max-width: 640px) 100vw, 640px\" \/>\n<\/p>\n<p style=\"text-align: center;\">\n\t<span style=\"font-size:8px;\"><strong>Foto: Vlk<\/strong><\/span>\n<\/p>\n<p style=\"text-align: justify;\">\n\tOno &scaron;to je svakako zanimljivo jest da je u ova dva dana, osim brojnoga repertoara srednjovjekovne o\u017eivljene povijesti, sadr\u017eaj ove godine dodatno oboga\u0107en i dijelom programa posve\u0107enom <strong>staroj slavenskoj i hrvatskoj vjeri i mitologiji, <\/strong>a posebno vezano uz<strong> jurjevske obi\u010daje<\/strong>.\n<\/p>\n<p style=\"text-align: justify;\">\n\tTako je <strong>Hrvatski savez arheologa<\/strong> oba dana izveo <strong>veliku jarilovsku povorku<\/strong> pod nazivom <strong>&quot;Jarilov put&quot; <\/strong>s brojnim tradicijskim hrvatskim napjevima koje je prikupila poznata hrvatska etnomuzikologinja, glazbenica i znanstvenica <strong>Lidija Bajuk<\/strong>, a s kojima su kroz ples i pjesmu prikazali nis mitskih slika stare hrvatske vjere, od mitolo&scaron;kog ciklusa borbe bogova Peruna i Velesa, do jurjevskog proljetnog mitskog narativa izme\u0111u Jaryla i Morane. Hrvatski savez arheologa tako\u0111er je organizirao u subotu i <strong>predavanje Andreja Jane&scaron;a &quot;Stari slaveni i arheologija&quot;<\/strong> u Centru mladih Ribnjak.\n<\/p>\n<p style=\"text-align: justify;\">\n\t&nbsp;\n<\/p>\n<p>\n\t<img decoding=\"async\" alt=\"\" class=\"aligncenter size-large wp-image-808\" height=\"427\" src=\"https:\/\/rodnovjerje.com.hr\/wp-content\/uploads\/2017\/04\/zamjzrjevo-38-of-69-1024x683.jpg\" width=\"640\" srcset=\"https:\/\/rodnovjerje.com.hr\/wp-content\/uploads\/2017\/04\/zamjzrjevo-38-of-69-1024x683.jpg 1024w, https:\/\/rodnovjerje.com.hr\/wp-content\/uploads\/2017\/04\/zamjzrjevo-38-of-69-300x200.jpg 300w, https:\/\/rodnovjerje.com.hr\/wp-content\/uploads\/2017\/04\/zamjzrjevo-38-of-69-768x512.jpg 768w, https:\/\/rodnovjerje.com.hr\/wp-content\/uploads\/2017\/04\/zamjzrjevo-38-of-69.jpg 1800w\" sizes=\"(max-width: 640px) 100vw, 640px\" \/>\n<\/p>\n<p style=\"text-align: center;\">\n\t<span style=\"font-size:8px;\"><strong>Foto: Dominionart (preuzeto s <a href=\"http:\/\/www.dominionart.com\/2017\/04\/25\/zmajurjevo-srednjovjekovni-spektakl-u-srcu-zagreba\/\">http:\/\/www.dominionart.com\/2017\/04\/25\/zmajurjevo-srednjovjekovni-spektakl-u-srcu-zagreba\/<\/a>)<\/strong><\/span>\n<\/p>\n<p style=\"text-align: justify;\">\n\t<img decoding=\"async\" alt=\"\" class=\"aligncenter size-large wp-image-809\" height=\"427\" src=\"https:\/\/rodnovjerje.com.hr\/wp-content\/uploads\/2017\/04\/zamjzrjevo-40-of-69-1024x683.jpg\" width=\"640\" srcset=\"https:\/\/rodnovjerje.com.hr\/wp-content\/uploads\/2017\/04\/zamjzrjevo-40-of-69-1024x683.jpg 1024w, https:\/\/rodnovjerje.com.hr\/wp-content\/uploads\/2017\/04\/zamjzrjevo-40-of-69-300x200.jpg 300w, https:\/\/rodnovjerje.com.hr\/wp-content\/uploads\/2017\/04\/zamjzrjevo-40-of-69-768x512.jpg 768w, https:\/\/rodnovjerje.com.hr\/wp-content\/uploads\/2017\/04\/zamjzrjevo-40-of-69.jpg 1800w\" sizes=\"(max-width: 640px) 100vw, 640px\" \/>\n<\/p>\n<p style=\"text-align: center;\">\n\t<span style=\"font-size:8px;\"><strong>Foto: Dominionart (preuzeto s <a href=\"http:\/\/www.dominionart.com\/2017\/04\/25\/zmajurjevo-srednjovjekovni-spektakl-u-srcu-zagreba\/\">http:\/\/www.dominionart.com\/2017\/04\/25\/zmajurjevo-srednjovjekovni-spektakl-u-srcu-zagreba\/<\/a>)<\/strong><\/span>\n<\/p>\n<p style=\"text-align: justify;\">\n\t<img loading=\"lazy\" decoding=\"async\" alt=\"\" class=\"aligncenter size-large wp-image-810\" height=\"427\" src=\"https:\/\/rodnovjerje.com.hr\/wp-content\/uploads\/2017\/04\/zamjzrjevo-43-of-69-1024x683.jpg\" width=\"640\" srcset=\"https:\/\/rodnovjerje.com.hr\/wp-content\/uploads\/2017\/04\/zamjzrjevo-43-of-69-1024x683.jpg 1024w, https:\/\/rodnovjerje.com.hr\/wp-content\/uploads\/2017\/04\/zamjzrjevo-43-of-69-300x200.jpg 300w, https:\/\/rodnovjerje.com.hr\/wp-content\/uploads\/2017\/04\/zamjzrjevo-43-of-69-768x512.jpg 768w, https:\/\/rodnovjerje.com.hr\/wp-content\/uploads\/2017\/04\/zamjzrjevo-43-of-69.jpg 1800w\" sizes=\"(max-width: 640px) 100vw, 640px\" \/>\n<\/p>\n<p style=\"text-align: center;\">\n\t<span style=\"font-size:8px;\"><strong>Foto: Dominionart (preuzeto s <a href=\"http:\/\/www.dominionart.com\/2017\/04\/25\/zmajurjevo-srednjovjekovni-spektakl-u-srcu-zagreba\/\">http:\/\/www.dominionart.com\/2017\/04\/25\/zmajurjevo-srednjovjekovni-spektakl-u-srcu-zagreba\/<\/a>)<\/strong><\/span>\n<\/p>\n<p style=\"text-align: justify;\">\n\t<img loading=\"lazy\" decoding=\"async\" alt=\"\" class=\"aligncenter size-large wp-image-811\" height=\"427\" src=\"https:\/\/rodnovjerje.com.hr\/wp-content\/uploads\/2017\/04\/zamjzrjevo-44-of-69-1024x683.jpg\" width=\"640\" srcset=\"https:\/\/rodnovjerje.com.hr\/wp-content\/uploads\/2017\/04\/zamjzrjevo-44-of-69-1024x683.jpg 1024w, https:\/\/rodnovjerje.com.hr\/wp-content\/uploads\/2017\/04\/zamjzrjevo-44-of-69-300x200.jpg 300w, https:\/\/rodnovjerje.com.hr\/wp-content\/uploads\/2017\/04\/zamjzrjevo-44-of-69-768x512.jpg 768w, https:\/\/rodnovjerje.com.hr\/wp-content\/uploads\/2017\/04\/zamjzrjevo-44-of-69.jpg 1800w\" sizes=\"(max-width: 640px) 100vw, 640px\" \/>\n<\/p>\n<p style=\"text-align: center;\">\n\t<span style=\"font-size:8px;\"><strong>Foto: Dominionart (preuzeto s <a href=\"http:\/\/www.dominionart.com\/2017\/04\/25\/zmajurjevo-srednjovjekovni-spektakl-u-srcu-zagreba\/\">http:\/\/www.dominionart.com\/2017\/04\/25\/zmajurjevo-srednjovjekovni-spektakl-u-srcu-zagreba\/<\/a>))<\/strong><\/span>\n<\/p>\n<p style=\"text-align: justify;\">\n\t<img loading=\"lazy\" decoding=\"async\" alt=\"\" class=\"aligncenter size-large wp-image-812\" height=\"427\" src=\"https:\/\/rodnovjerje.com.hr\/wp-content\/uploads\/2017\/04\/zamjzrjevo-45-of-69-1024x683.jpg\" width=\"640\" srcset=\"https:\/\/rodnovjerje.com.hr\/wp-content\/uploads\/2017\/04\/zamjzrjevo-45-of-69-1024x683.jpg 1024w, https:\/\/rodnovjerje.com.hr\/wp-content\/uploads\/2017\/04\/zamjzrjevo-45-of-69-300x200.jpg 300w, https:\/\/rodnovjerje.com.hr\/wp-content\/uploads\/2017\/04\/zamjzrjevo-45-of-69-768x512.jpg 768w, https:\/\/rodnovjerje.com.hr\/wp-content\/uploads\/2017\/04\/zamjzrjevo-45-of-69.jpg 1800w\" sizes=\"(max-width: 640px) 100vw, 640px\" \/>\n<\/p>\n<p style=\"text-align: center;\">\n\t<span style=\"font-size:8px;\"><strong>Foto: Dominionart (preuzeto s <a href=\"http:\/\/www.dominionart.com\/2017\/04\/25\/zmajurjevo-srednjovjekovni-spektakl-u-srcu-zagreba\/\">http:\/\/www.dominionart.com\/2017\/04\/25\/zmajurjevo-srednjovjekovni-spektakl-u-srcu-zagreba\/<\/a>)<\/strong><\/span>\n<\/p>\n<p style=\"text-align: justify;\">\n\t&nbsp;\n<\/p>\n<p style=\"text-align: justify;\">\n\tRed \u010cuvara grada Zagreba organizirao je i dvodnevnu <strong>bajkopri\u010daonicu<\/strong> pod nazivom <strong>&quot;Bilo jednom davno&quot;<\/strong>, a osim svoje voditeljice uz pomo\u0107 dviju \u010dlanica <strong>udruge Perunova Svetinja<\/strong>. Oba dana tri su tete pri\u010dalice brojnim najmla\u0111ima ispri\u010dale <strong>brojne pri\u010de iz bogate hrvatske tradicije<\/strong>.\n<\/p>\n<p style=\"text-align: justify;\">\n\t<img loading=\"lazy\" decoding=\"async\" alt=\"\" class=\"aligncenter size-large wp-image-822\" height=\"360\" src=\"https:\/\/rodnovjerje.com.hr\/wp-content\/uploads\/2017\/04\/20170422_125512-1024x576.jpg\" width=\"640\" srcset=\"https:\/\/rodnovjerje.com.hr\/wp-content\/uploads\/2017\/04\/20170422_125512-1024x576.jpg 1024w, https:\/\/rodnovjerje.com.hr\/wp-content\/uploads\/2017\/04\/20170422_125512-300x169.jpg 300w, https:\/\/rodnovjerje.com.hr\/wp-content\/uploads\/2017\/04\/20170422_125512-768x432.jpg 768w\" sizes=\"(max-width: 640px) 100vw, 640px\" \/>\n<\/p>\n<p style=\"text-align: center;\">\n\t<strong><span style=\"font-size:8px;\">&nbsp; Foto: Vlk<\/span><\/strong>\n<\/p>\n<p style=\"text-align: justify;\">\n\t<img loading=\"lazy\" decoding=\"async\" alt=\"\" class=\"aligncenter size-large wp-image-823\" height=\"360\" src=\"https:\/\/rodnovjerje.com.hr\/wp-content\/uploads\/2017\/04\/20170422_141514-1024x576.jpg\" width=\"640\" srcset=\"https:\/\/rodnovjerje.com.hr\/wp-content\/uploads\/2017\/04\/20170422_141514-1024x576.jpg 1024w, https:\/\/rodnovjerje.com.hr\/wp-content\/uploads\/2017\/04\/20170422_141514-300x169.jpg 300w, https:\/\/rodnovjerje.com.hr\/wp-content\/uploads\/2017\/04\/20170422_141514-768x432.jpg 768w\" sizes=\"(max-width: 640px) 100vw, 640px\" \/>\n<\/p>\n<p style=\"text-align: center;\">\n\t<strong><span style=\"font-size:8px;\">&nbsp; Foto: Vlk<\/span><\/strong>\n<\/p>\n<p style=\"text-align: justify;\">\n\tZanimljivo glazbeno iskustvo na ovu temu je bio poslijepodnevni nastup glazbenika <strong>Jaroslava i Veleslava<\/strong> koji su izveli rekonstrukt praslavenske obredne pjesme <span style=\"font-family:arial,helvetica,sans-serif;\"><b style=\"mso-bidi-font-weight:normal\"><i style=\"mso-bidi-font-style:normal\"><span style=\"font-size: 10pt; line-height: 115%;\">K\u01ebda Jaryilo hodit\u044c.<\/span><\/i><\/b><\/span>\n<\/p>\n<p style=\"text-align: center;\">\n\t<img loading=\"lazy\" decoding=\"async\" alt=\"\" class=\"aligncenter size-large wp-image-797\" height=\"360\" src=\"https:\/\/rodnovjerje.com.hr\/wp-content\/uploads\/2017\/04\/s-1024x576.jpg\" width=\"640\" srcset=\"https:\/\/rodnovjerje.com.hr\/wp-content\/uploads\/2017\/04\/s.jpg 1024w, https:\/\/rodnovjerje.com.hr\/wp-content\/uploads\/2017\/04\/s-300x169.jpg 300w, https:\/\/rodnovjerje.com.hr\/wp-content\/uploads\/2017\/04\/s-768x432.jpg 768w\" sizes=\"(max-width: 640px) 100vw, 640px\" \/>\n<\/p>\n<p style=\"text-align: center;\">\n\t<strong><span style=\"font-size:8px;\">&nbsp;&nbsp;&nbsp;&nbsp; Foto: Vlk<\/span><\/strong>\n<\/p>\n<p style=\"text-align: center;\">\n\t<iframe title=\"Jaroslav i Veleslav - K\u01ebda Jaryilo hodit\u044c\" width=\"1170\" height=\"658\" src=\"https:\/\/www.youtube.com\/embed\/6sK1_1AQwF0?feature=oembed\" frameborder=\"0\" allow=\"accelerometer; autoplay; clipboard-write; encrypted-media; gyroscope; picture-in-picture; web-share\" referrerpolicy=\"strict-origin-when-cross-origin\" allowfullscreen><\/iframe>\n<\/p>\n<p style=\"text-align: center;\">\n\t<span style=\"font-size:8px;\"><strong>Video: Vlk<\/strong><\/span>\n<\/p>\n<p style=\"text-align: justify;\">\n\tPrava poslastica zavr&scaron;etka ovog festivala posve\u0107enog prolje\u0107u i o\u017eivljavanju hrvatske kulturne ba&scaron;tine i tradicije svakako je bio nastup <strong>hrvatskog etno sastava Svarica<\/strong> koji je u finalnih sat vremena festivala pro&scaron;ao repertoar svojih najboljih starih pjesama, ali i pjesme sa zadnjeg EP albuma <strong>&quot;Tira les&quot;<\/strong> upravo posve\u0107enih<strong> jurjevskom ciklusu<\/strong>.\n<\/p>\n<p style=\"text-align: justify;\">\n\t<img loading=\"lazy\" decoding=\"async\" alt=\"\" class=\"aligncenter size-large wp-image-791\" height=\"360\" src=\"https:\/\/rodnovjerje.com.hr\/wp-content\/uploads\/2017\/04\/20170423_203258-2-1024x576.jpg\" width=\"640\" srcset=\"https:\/\/rodnovjerje.com.hr\/wp-content\/uploads\/2017\/04\/20170423_203258-2-1024x576.jpg 1024w, https:\/\/rodnovjerje.com.hr\/wp-content\/uploads\/2017\/04\/20170423_203258-2-300x169.jpg 300w, https:\/\/rodnovjerje.com.hr\/wp-content\/uploads\/2017\/04\/20170423_203258-2-768x432.jpg 768w\" sizes=\"(max-width: 640px) 100vw, 640px\" \/>\n<\/p>\n<p style=\"text-align: center;\">\n\t<span style=\"font-size:8px;\"><strong>Foto: Vlk<\/strong><\/span>\n<\/p>\n<p style=\"text-align: justify;\">\n\t<img loading=\"lazy\" decoding=\"async\" alt=\"\" class=\"aligncenter size-large wp-image-792\" height=\"360\" src=\"https:\/\/rodnovjerje.com.hr\/wp-content\/uploads\/2017\/04\/20170423_203310-1024x576.jpg\" width=\"640\" srcset=\"https:\/\/rodnovjerje.com.hr\/wp-content\/uploads\/2017\/04\/20170423_203310-1024x576.jpg 1024w, https:\/\/rodnovjerje.com.hr\/wp-content\/uploads\/2017\/04\/20170423_203310-300x169.jpg 300w, https:\/\/rodnovjerje.com.hr\/wp-content\/uploads\/2017\/04\/20170423_203310-768x432.jpg 768w\" sizes=\"(max-width: 640px) 100vw, 640px\" \/>\n<\/p>\n<p style=\"text-align: center;\">\n\t<span style=\"font-size:8px;\"><strong>Foto: Vlk<\/strong><\/span>\n<\/p>\n<p style=\"text-align: justify;\">\n\t<img loading=\"lazy\" decoding=\"async\" alt=\"\" class=\"aligncenter size-large wp-image-794\" height=\"1024\" src=\"https:\/\/rodnovjerje.com.hr\/wp-content\/uploads\/2017\/04\/d-576x1024.jpg\" width=\"576\" srcset=\"https:\/\/rodnovjerje.com.hr\/wp-content\/uploads\/2017\/04\/d-576x1024.jpg 576w, https:\/\/rodnovjerje.com.hr\/wp-content\/uploads\/2017\/04\/d-169x300.jpg 169w, https:\/\/rodnovjerje.com.hr\/wp-content\/uploads\/2017\/04\/d-768x1365.jpg 768w\" sizes=\"(max-width: 576px) 100vw, 576px\" \/>\n<\/p>\n<p style=\"text-align: center;\">\n\t<span style=\"font-size:8px;\">&nbsp;<strong>Foto: Vlk<\/strong><\/span>\n<\/p>\n<p style=\"text-align: justify;\">\n\tZanimljiv \u010dlanak s velikom galerijom o svemu mo\u017eete pogledati i na stranicama na&scaron;eg dragog prijatelja <strong>Slavoruma<\/strong> <strong>&#8211; <a href=\"http:\/\/www.slavorum.org\/when-pagan-slavs-meet-christian-knights-at-zmajurjevo-festival-in-zagreb-croatia\/\">http:\/\/www.slavorum.org\/when-pagan-slavs-meet-christian-knights-at-zmajurjevo-festival-in-zagreb-croatia\/<\/a><\/strong>\n<\/p>\n<p style=\"text-align: justify;\">\n\t&nbsp;\n<\/p>\n<p style=\"text-align: justify;\">\n\tSretno vam svima Jurjevo i Jarilovo i blagoslovljeni bili suncem, da\u017edom i mladim prolje\u0107em!\n<\/p>\n<p style=\"text-align: justify;\">\n\t&nbsp;\n<\/p>\n<p style=\"text-align: justify;\">\n\t&nbsp;<\/p>\n","protected":false},"excerpt":{"rendered":"<p>K\u01ebda Jaryilo hodit\u044c, t\u01ebda pol&#39;e rodit\u044c. Zelen\u044a Jarylo j\u044cz daleka p\u01ebti, trud\u044cna jego hoda po pol&#39;u. Hodit\u044a Jarylo, t&#39;ud&#39;\u044c t&#39;ud&#39;in\u044c, po mostu, most&#39;\u044a gybajet\u044c s\u0119, lomajet\u044c s\u0119&#8230; &nbsp; Pi&scaron;e: Vlk, HR\u017d Perunica &nbsp; U zagreba\u010dkom Parku Ribnjak, tijekom ovogodi&scaron;njeg jurjevskog vikenda, u subotu i nedjelju 22. i 23. travnja 2017. godine, pro&scaron;lo je oko 30.000<\/p>\n<p class=\"more-link\"><a href=\"https:\/\/rodnovjerje.com.hr\/index.php\/2017\/04\/26\/jurjevo-na-zagrebackom-zmajurjevu\/\" class=\"themebutton2\">READ MORE<\/a><\/p>\n","protected":false},"author":3,"featured_media":789,"comment_status":"open","ping_status":"open","sticky":false,"template":"","format":"standard","meta":{"footnotes":""},"categories":[9],"tags":[],"class_list":["post-787","post","type-post","status-publish","format-standard","has-post-thumbnail","hentry","category-blagdani"],"_links":{"self":[{"href":"https:\/\/rodnovjerje.com.hr\/index.php\/wp-json\/wp\/v2\/posts\/787","targetHints":{"allow":["GET"]}}],"collection":[{"href":"https:\/\/rodnovjerje.com.hr\/index.php\/wp-json\/wp\/v2\/posts"}],"about":[{"href":"https:\/\/rodnovjerje.com.hr\/index.php\/wp-json\/wp\/v2\/types\/post"}],"author":[{"embeddable":true,"href":"https:\/\/rodnovjerje.com.hr\/index.php\/wp-json\/wp\/v2\/users\/3"}],"replies":[{"embeddable":true,"href":"https:\/\/rodnovjerje.com.hr\/index.php\/wp-json\/wp\/v2\/comments?post=787"}],"version-history":[{"count":20,"href":"https:\/\/rodnovjerje.com.hr\/index.php\/wp-json\/wp\/v2\/posts\/787\/revisions"}],"predecessor-version":[{"id":824,"href":"https:\/\/rodnovjerje.com.hr\/index.php\/wp-json\/wp\/v2\/posts\/787\/revisions\/824"}],"wp:featuredmedia":[{"embeddable":true,"href":"https:\/\/rodnovjerje.com.hr\/index.php\/wp-json\/wp\/v2\/media\/789"}],"wp:attachment":[{"href":"https:\/\/rodnovjerje.com.hr\/index.php\/wp-json\/wp\/v2\/media?parent=787"}],"wp:term":[{"taxonomy":"category","embeddable":true,"href":"https:\/\/rodnovjerje.com.hr\/index.php\/wp-json\/wp\/v2\/categories?post=787"},{"taxonomy":"post_tag","embeddable":true,"href":"https:\/\/rodnovjerje.com.hr\/index.php\/wp-json\/wp\/v2\/tags?post=787"}],"curies":[{"name":"wp","href":"https:\/\/api.w.org\/{rel}","templated":true}]}}