{"id":777,"date":"2017-03-19T21:10:52","date_gmt":"2017-03-19T20:10:52","guid":{"rendered":"http:\/\/rodnovjerje.com.hr\/?p=777"},"modified":"2017-03-19T21:19:33","modified_gmt":"2017-03-19T20:19:33","slug":"blagdan-mare-1386-proljetna-ravnodnevnica","status":"publish","type":"post","link":"https:\/\/rodnovjerje.com.hr\/index.php\/2017\/03\/19\/blagdan-mare-1386-proljetna-ravnodnevnica\/","title":{"rendered":"Blagdan Mare 1386. &#8211; proljetna ravnodnevnica"},"content":{"rendered":"<p style=\"text-align: justify;\">\n\t<strong>&quot;Kukavica zakukovala \/ jutr\u011b rano zelen\u011b jem\u044c l\u01ebz\u011b \/ zelen\u011b jem\u044c l\u01ebz\u011b na sus\u011b jem\u044c dr\u01ebz\u011b, \/ na sus\u011b jem\u044c dr\u01ebz\u011b, na orkytov\u011b jem\u044c, \/ na orkytov\u011b jem\u044c, i na borov\u011b jem\u044c,<\/strong><strong> \/ na hold\u044cn\u011b jej\u044c vod\u011b. \/\/ To n\u011bst\u044c byla kukavica, \/ to jest\u044c byla molda nev\u011bsta. \/ V\u044cs\u0119 s\u01ebt\u044c d\u011bvoj\u044cky za m\u01eb\u017e\u044c ot\u044a &scaron;\u044cdly, \/ samo jest\u044c ostala Mara d\u011bvoj\u044cka.&quot;<\/strong>\n<\/p>\n<p style=\"text-align: justify;\">\n\t&nbsp;\n<\/p>\n<p style=\"text-align: justify;\">\n\t<strong>Pi&scaron;e: Vatroslava, HR\u017d Perunica<\/strong>\n<\/p>\n<p style=\"text-align: justify;\">\n\tProljetna ravnodnevnica slu\u017ebeno \u0107e nastupiti 20. o\u017eujka u 10:28 sati, no svi osje\u0107amo da je prolje\u0107e ve\u0107 stiglo. Ravnodnevnica ozna\u010dava dan kada se uspostavlja ravnote\u017ea izme\u0111u dana i no\u0107i, izme\u0111u suhog i mokrog, vatre i vode. Po\u010detak plodonosnog dijela godine.\n<\/p>\n<p style=\"text-align: justify;\">\n\tKao mlada djevojka koja tek zapo\u010dinje svoj \u017eivotni put, priroda se budi prvim pupoljcima, proljetnicama i zelenilom. Sve jasnijim zrakama Sunca nagovje&scaron;ta se jarilovska blagodat. Toplina izaziva nadu nakon mjeseci hladno\u0107e i sna. Pobu\u0111ena energija uzima zamaha i utire put prolje\u0107u koje nam kuca na vrata. Stoga ne \u010dudi personifikacija ovoga razdoblja s Marom divojkom koja razigrano i srame\u017eljivo, uz mno&scaron;tvo boja i mirisa, stasa u pravu boginju, ne slute\u0107i skora&scaron;nji dolazak svog odabranika te posljedi\u010dnu svadbu.\n<\/p>\n<p style=\"text-align: justify;\">\n\tKrajolik odi&scaron;e bu\u0111enjem \u017eivog svijeta. &Scaron;umom se prolama pjev ptica i ritmi\u010dko kucanje djetli\u0107a. Zemljani tonovi ustupaju mjesto navali zelenila. Jaglacima, plu\u0107njakom i &scaron;afranima ki\u0107ena je tapiserija o\u017eujka. Osluhnite prolje\u0107e. Sokovi protje\u010du kroz debla stabala i tjeraju srame\u017eljive izboje li&scaron;\u0107a na povr&scaron;inu. Cvjetovi &scaron;umarice po&scaron;kropili su sme\u0111i sag &scaron;ume kao zalog okopnjelom snijegu. Svuda oko nas, aktivnost zamijenjuje zimske sanje.\n<\/p>\n<p>\n\t<img fetchpriority=\"high\" decoding=\"async\" alt=\"\" class=\"aligncenter size-full wp-image-779\" height=\"403\" src=\"https:\/\/rodnovjerje.com.hr\/wp-content\/uploads\/2017\/03\/2.jpg\" width=\"538\" srcset=\"https:\/\/rodnovjerje.com.hr\/wp-content\/uploads\/2017\/03\/2.jpg 960w, https:\/\/rodnovjerje.com.hr\/wp-content\/uploads\/2017\/03\/2-300x225.jpg 300w, https:\/\/rodnovjerje.com.hr\/wp-content\/uploads\/2017\/03\/2-768x576.jpg 768w\" sizes=\"(max-width: 538px) 100vw, 538px\" \/>\n<\/p>\n<p style=\"text-align: justify;\">\n\tOti\u0111ite u prirodu, slavite promjenu godi&scaron;njeg doba, okusite energiju koja buja svugdje oko vas, hodajte bosi dok li&scaron;\u0107e &scaron;u&scaron;ka pod va&scaron;im stopalima. \u017divot je ipak satkan od takvih trenutaka.\n<\/p>\n<p>\n\t&nbsp;\n<\/p>\n<p>\n\t<img decoding=\"async\" alt=\"\" class=\"aligncenter size-full wp-image-778\" height=\"632\" src=\"https:\/\/rodnovjerje.com.hr\/wp-content\/uploads\/2017\/03\/1.jpg\" width=\"475\" srcset=\"https:\/\/rodnovjerje.com.hr\/wp-content\/uploads\/2017\/03\/1.jpg 720w, https:\/\/rodnovjerje.com.hr\/wp-content\/uploads\/2017\/03\/1-225x300.jpg 225w\" sizes=\"(max-width: 475px) 100vw, 475px\" \/>\n<\/p>\n<p>\n\t&nbsp;<\/p>\n","protected":false},"excerpt":{"rendered":"<p>&quot;Kukavica zakukovala \/ jutr\u011b rano zelen\u011b jem\u044c l\u01ebz\u011b \/ zelen\u011b jem\u044c l\u01ebz\u011b na sus\u011b jem\u044c dr\u01ebz\u011b, \/ na sus\u011b jem\u044c dr\u01ebz\u011b, na orkytov\u011b jem\u044c, \/ na orkytov\u011b jem\u044c, i na borov\u011b jem\u044c, \/ na hold\u044cn\u011b jej\u044c vod\u011b. \/\/ To n\u011bst\u044c byla kukavica, \/ to jest\u044c byla molda nev\u011bsta. \/ V\u044cs\u0119 s\u01ebt\u044c d\u011bvoj\u044cky za m\u01eb\u017e\u044c ot\u044a<\/p>\n<p class=\"more-link\"><a href=\"https:\/\/rodnovjerje.com.hr\/index.php\/2017\/03\/19\/blagdan-mare-1386-proljetna-ravnodnevnica\/\" class=\"themebutton2\">READ MORE<\/a><\/p>\n","protected":false},"author":3,"featured_media":779,"comment_status":"open","ping_status":"open","sticky":false,"template":"","format":"standard","meta":{"footnotes":""},"categories":[9],"tags":[],"class_list":["post-777","post","type-post","status-publish","format-standard","has-post-thumbnail","hentry","category-blagdani"],"_links":{"self":[{"href":"https:\/\/rodnovjerje.com.hr\/index.php\/wp-json\/wp\/v2\/posts\/777","targetHints":{"allow":["GET"]}}],"collection":[{"href":"https:\/\/rodnovjerje.com.hr\/index.php\/wp-json\/wp\/v2\/posts"}],"about":[{"href":"https:\/\/rodnovjerje.com.hr\/index.php\/wp-json\/wp\/v2\/types\/post"}],"author":[{"embeddable":true,"href":"https:\/\/rodnovjerje.com.hr\/index.php\/wp-json\/wp\/v2\/users\/3"}],"replies":[{"embeddable":true,"href":"https:\/\/rodnovjerje.com.hr\/index.php\/wp-json\/wp\/v2\/comments?post=777"}],"version-history":[{"count":6,"href":"https:\/\/rodnovjerje.com.hr\/index.php\/wp-json\/wp\/v2\/posts\/777\/revisions"}],"predecessor-version":[{"id":785,"href":"https:\/\/rodnovjerje.com.hr\/index.php\/wp-json\/wp\/v2\/posts\/777\/revisions\/785"}],"wp:featuredmedia":[{"embeddable":true,"href":"https:\/\/rodnovjerje.com.hr\/index.php\/wp-json\/wp\/v2\/media\/779"}],"wp:attachment":[{"href":"https:\/\/rodnovjerje.com.hr\/index.php\/wp-json\/wp\/v2\/media?parent=777"}],"wp:term":[{"taxonomy":"category","embeddable":true,"href":"https:\/\/rodnovjerje.com.hr\/index.php\/wp-json\/wp\/v2\/categories?post=777"},{"taxonomy":"post_tag","embeddable":true,"href":"https:\/\/rodnovjerje.com.hr\/index.php\/wp-json\/wp\/v2\/tags?post=777"}],"curies":[{"name":"wp","href":"https:\/\/api.w.org\/{rel}","templated":true}]}}