{"id":511,"date":"2016-03-08T15:54:59","date_gmt":"2016-03-08T14:54:59","guid":{"rendered":"http:\/\/rodnovjerje.com.hr\/?p=511"},"modified":"2016-03-09T09:29:31","modified_gmt":"2016-03-09T08:29:31","slug":"blagdan-velje-nocivelikdana-1384-1385","status":"publish","type":"post","link":"https:\/\/rodnovjerje.com.hr\/index.php\/2016\/03\/08\/blagdan-velje-nocivelikdana-1384-1385\/","title":{"rendered":"Blagdan Velje no\u0107i\/Velikdana 1384.\/1385."},"content":{"rendered":"<p style=\"text-align: justify;\">\n\t<span class=\"_fbReactionComponent__eventDetailsContent fsl\"><strong>&quot;Na Veliki dan, na prvi dan, \/ Vino, vino zeleno. \/ Svi su se, svi se okupili, \/ Jedino Juraj se nije okupio, Po polju je hodao, \u017eito rodio&#8230;&quot;<\/strong><\/span>\n<\/p>\n<p>\n\t&nbsp;\n<\/p>\n<p>\n\t&nbsp;\n<\/p>\n<p>\n\t&nbsp;\n<\/p>\n<p>\n\t<strong>Pi&scaron;e: Vlk, HR\u017d Perunica<\/strong>\n<\/p>\n<p style=\"text-align: justify;\">\n\t<span class=\"_fbReactionComponent__eventDetailsContent fsl\">Dragi prijatelji, do&scaron;ao je i taj dan. Kolo se jo&scaron; jednom okrenulo, a u susret nam dolazi Velikdan! Jarilo iz podzemlja, gdje su ga po Koledu odvezli Velesovi ljudi, napokon kre\u0107e u svoj novi Hod kroz godinu, koji \u0107e nam donijeti obilje plodova i blagostanja. Uz otklju\u010davanje vrata Vireja, kre\u0107e nova godina, novi ciklus. <\/span><strong>Velja no\u0107 (<em>Pisanovelani\u010dka<\/em>) <\/strong>je<strong> <\/strong>no\u0107 zadnjeg mladog mjeseca prije proljetne ravnodnevnice, posljednje no\u0107 u rodnovjernoj godini Saveza hrvatskih rodnovjeraca. Na nju se okupljanju hrvatski rodnovjerci Savez hrvatskih rodnovjeraca i uz obilje hrane i pi\u0107a, glazbe i pjesme, sve\u010dano do\u010dekuju novi hod kroz godinu koji po\u010dinje sljede\u0107im danom koji nazivamo <strong>Velikdan (<em>Vuzam<\/em>)<em>, <\/em><\/strong>a koji je<strong><em> <\/em><\/strong>prvi dan nakon no\u0107i zadnjeg mladog mjeseca prije proljetne ravnodnevnice.\n<\/p>\n<p style=\"text-align: justify;\">\n\t&nbsp;\n<\/p>\n<p style=\"text-align: justify;\">\n\t<img fetchpriority=\"high\" decoding=\"async\" alt=\"Velja no\u0107 1\" class=\"aligncenter size-full wp-image-512\" height=\"546\" src=\"https:\/\/rodnovjerje.com.hr\/wp-content\/uploads\/2016\/03\/Velja-no\u0107-1.jpg\" width=\"410\" srcset=\"https:\/\/rodnovjerje.com.hr\/wp-content\/uploads\/2016\/03\/Velja-no\u0107-1.jpg 720w, https:\/\/rodnovjerje.com.hr\/wp-content\/uploads\/2016\/03\/Velja-no\u0107-1-225x300.jpg 225w\" sizes=\"(max-width: 410px) 100vw, 410px\" \/>\n<\/p>\n<p style=\"text-align: justify;\">\n\t&nbsp;\n<\/p>\n<p style=\"text-align: justify;\">\n\tOve godine ovaj je blagdan i dodatno izuzetno zanimljiv jer je Savez hrvatskih rodnovjeraca odlu\u010dio promijeniti svoje ra\u010dunanje obredne godine. Uspostavom Saveza hrvatskih rodnovjeraca 2012. godine n. e. prema zapadnom ra\u010dunanju vremena, uz podr&scaron;ku jednog od najve\u0107ih ukrajinskih rodnovjerih saveza (ORU), Savez je za ozna\u010davanje rodnovejrnih obrednih godina preuzeo ra\u010dunanje vremena jednako onome ORU, kao i jo&scaron; nekih isto\u010dnoeuropskih slavenskih rodnovjernih zajednica. Tu je ustvari bila rije\u010d o <strong>bizantinskom kalendaru<\/strong>, odnosno <strong>od \u017eidovskog i ranokr&scaron;\u0107anskog poimanja vremena i ideje starozavjetnog stvaranja svijeta smje&scaron;tenog na datum 1. rujna 5508. g. prije inkarnacije, odnosno ro\u0111enja Isusa Krista,<\/strong> koji su brojni Slaveni, poglavito isto\u010dni (Kievska Rus i kasnije Rusija), preuzeli u srednjemu vijeku ponajvi&scaron;e stoga jer ju je isto\u010dna ortodoksna kr&scaron;\u0107anska crkva koristila od 691. to 1728. godine.\n<\/p>\n<p style=\"text-align: justify;\">\n\tRadi bolje duhovne komunikacije s ostalim slavenskim rodnovjernim skupinama tako je i Savez hrvatskih rodnovjeraca od 2012. do 2015. godine u svojim blagdanarima i obredima godine ra\u010dunao tim sustavom, dodaju\u0107i godini zapadnog kalendara 5508 godina. Tim su se ra\u010dunanjem obilje\u017eavale godine 7520. &ndash; 7523. (2012. &ndash; 2015. n. e.). Od 2016. godine zapadnog vremena Savez hrvatskih rodnovjeraca odlu\u010dio je konsensusom zajednice promijeniti ra\u010dunanje vremena i u\u0107i u novu obrednu, rodnovjernu godinu s novim ra\u010dunanjem. Kao glavna to\u010dka po\u010detka ra\u010dunanja vremena uzet je <strong>vojni dolazak Hrvata<\/strong> i drugih <strong>Slavena&nbsp; s Avarima<\/strong> na dana&scaron;nje hrvatske prostore kao nama primarna i najva\u017enija kulturna promjena paradigme prostora hrvatskih povijesnih zemalja, izuzetno zna\u010dajna za hrvatsku kulturu i tradiciju jer od tog trenutka po\u010dinje stvaranje srednjovjekovne hrvatske kulture i dr\u017eave, traje proces sakralne interpretacije novoga prostora kao i trajno naseljavanje i uklapanje u postoje\u0107e dru&scaron;tveno-kulturne paradigme.\n<\/p>\n<p style=\"text-align: justify;\">\n\tKako smatramo da su ve\u0107ina ra\u010dunanja vremena u ljudskoj povijesti dogovorena konsensusom neke zajednice (primjerice rimsko, \u017eidovsko i kr&scaron;\u0107ansko ra\u010dunanje vremena), osim ako je rije\u010d o to\u010dno poznatom datumu nekog politi\u010dkog doga\u0111aja (primjerice muslimansko), tako smo mi u Savezu hrvatskih rodnovjeraca uz prijedloge i dogovor Vije\u0107a Starje&scaron;ina Saveza hrvatskih rodnovjeraca kao i Velikog Vije\u0107a Saveza hrvatskih rodnovjeraca te prema procjeni najrecentnijih povijesnih izvora za tu temu, odabrali godinu <strong>631.<\/strong> <strong>n. e.<\/strong> zapadnog vremena kao nultu godinu hrvatskog rodnovjernog kalendara prema obedijenciji Saveza hrvatskih rodnovjeraca kao na&scaron;u po\u010detnu godinu ra\u010dunanja i to prema kriteriju i odabiru to\u010dno pet godina vi&scaron;e od najrecentnije procijenjene godine pada Salone, 626. n. e., smatraju\u0107i da je nakon pet godina zapo\u010deo proces asimilacije protohrvatske kulture na prostoru dana&scaron;nje Dalmacije i Like tako stvaraju\u0107i za\u010detak hrvatske kulturne paradigme. Tako se, primjerice ova, <strong>2016. n. e.<\/strong> zapadnog ra\u010dunanja vremena, u kalendarima, blagdanarima, obredima i rodnovjernoj korespodenciji Saveza hrvatskih rodnovjeraca od ovog blagdana Velikdana pi&scaron;e kao <strong>1385. hod kroz godinu (h. k. g.)<\/strong>. To naravno ne zna\u010di da time ne prihva\u0107amo druga sakralna ra\u010dunanja vremena, poglavito ona na&scaron;ih dragih slavenskih prijatelja, drugih rodnovjernih zajednica, ve\u0107 da je to samo na&scaron; osobni odabir kao Saveza hrvatskih rodnovjeraca. Svim hrvatskim rodnovjercima unutar Saveza hrvatskih rodnovjeraca \u017eelimo sretni, plodni i uspje&scaron;ni 1385. hod kroz godinu, a svima ostalima koji slave druga\u010dije \u017eelimo sretnu, plodnu i uspje&scaron;nu 7524. godinu!\n<\/p>\n<p style=\"text-align: justify;\">\n\t&nbsp;\n<\/p>\n<p style=\"text-align: center;\">\n\t<img decoding=\"async\" alt=\"cvetok_paporotnika_by_sukharev-d8xgh7c\" class=\"aligncenter size-full wp-image-523\" height=\"556\" src=\"https:\/\/rodnovjerje.com.hr\/wp-content\/uploads\/2016\/03\/cvetok_paporotnika_by_sukharev-d8xgh7c.jpg\" style=\"\" title=\"\" width=\"396\" \/>\n<\/p>\n<p style=\"text-align: justify;\">\n\t&nbsp;&nbsp;&nbsp;&nbsp;&nbsp;&nbsp;&nbsp;&nbsp;&nbsp;&nbsp;&nbsp;&nbsp;&nbsp;&nbsp;&nbsp;&nbsp;&nbsp;&nbsp;&nbsp;&nbsp;&nbsp;&nbsp;&nbsp;&nbsp;&nbsp;&nbsp;&nbsp;&nbsp;&nbsp;&nbsp;&nbsp;&nbsp;&nbsp;&nbsp;&nbsp;&nbsp;&nbsp;&nbsp;&nbsp;&nbsp;&nbsp;&nbsp;&nbsp;&nbsp;&nbsp;&nbsp;&nbsp;&nbsp;&nbsp;&nbsp;&nbsp;&nbsp;&nbsp;&nbsp;&nbsp;&nbsp;&nbsp;&nbsp;&nbsp;&nbsp;&nbsp;&nbsp;&nbsp;&nbsp;&nbsp;&nbsp;&nbsp;&nbsp; <strong>Ilustracija: Maksim Suharev<\/strong><\/p>\n","protected":false},"excerpt":{"rendered":"<p>&quot;Na Veliki dan, na prvi dan, \/ Vino, vino zeleno. \/ Svi su se, svi se okupili, \/ Jedino Juraj se nije okupio, Po polju je hodao, \u017eito rodio&#8230;&quot; &nbsp; &nbsp; &nbsp; Pi&scaron;e: Vlk, HR\u017d Perunica Dragi prijatelji, do&scaron;ao je i taj dan. Kolo se jo&scaron; jednom okrenulo, a u susret nam dolazi Velikdan! Jarilo<\/p>\n<p class=\"more-link\"><a href=\"https:\/\/rodnovjerje.com.hr\/index.php\/2016\/03\/08\/blagdan-velje-nocivelikdana-1384-1385\/\" class=\"themebutton2\">READ MORE<\/a><\/p>\n","protected":false},"author":3,"featured_media":522,"comment_status":"open","ping_status":"open","sticky":false,"template":"","format":"standard","meta":{"footnotes":""},"categories":[9],"tags":[],"class_list":["post-511","post","type-post","status-publish","format-standard","has-post-thumbnail","hentry","category-blagdani"],"_links":{"self":[{"href":"https:\/\/rodnovjerje.com.hr\/index.php\/wp-json\/wp\/v2\/posts\/511","targetHints":{"allow":["GET"]}}],"collection":[{"href":"https:\/\/rodnovjerje.com.hr\/index.php\/wp-json\/wp\/v2\/posts"}],"about":[{"href":"https:\/\/rodnovjerje.com.hr\/index.php\/wp-json\/wp\/v2\/types\/post"}],"author":[{"embeddable":true,"href":"https:\/\/rodnovjerje.com.hr\/index.php\/wp-json\/wp\/v2\/users\/3"}],"replies":[{"embeddable":true,"href":"https:\/\/rodnovjerje.com.hr\/index.php\/wp-json\/wp\/v2\/comments?post=511"}],"version-history":[{"count":12,"href":"https:\/\/rodnovjerje.com.hr\/index.php\/wp-json\/wp\/v2\/posts\/511\/revisions"}],"predecessor-version":[{"id":537,"href":"https:\/\/rodnovjerje.com.hr\/index.php\/wp-json\/wp\/v2\/posts\/511\/revisions\/537"}],"wp:featuredmedia":[{"embeddable":true,"href":"https:\/\/rodnovjerje.com.hr\/index.php\/wp-json\/wp\/v2\/media\/522"}],"wp:attachment":[{"href":"https:\/\/rodnovjerje.com.hr\/index.php\/wp-json\/wp\/v2\/media?parent=511"}],"wp:term":[{"taxonomy":"category","embeddable":true,"href":"https:\/\/rodnovjerje.com.hr\/index.php\/wp-json\/wp\/v2\/categories?post=511"},{"taxonomy":"post_tag","embeddable":true,"href":"https:\/\/rodnovjerje.com.hr\/index.php\/wp-json\/wp\/v2\/tags?post=511"}],"curies":[{"name":"wp","href":"https:\/\/api.w.org\/{rel}","templated":true}]}}