{"id":458,"date":"2015-12-26T12:04:18","date_gmt":"2015-12-26T11:04:18","guid":{"rendered":"http:\/\/rodnovjerje.com.hr\/?p=458"},"modified":"2016-03-06T12:19:36","modified_gmt":"2016-03-06T11:19:36","slug":"blagdan-koleda-7523","status":"publish","type":"post","link":"https:\/\/rodnovjerje.com.hr\/index.php\/2015\/12\/26\/blagdan-koleda-7523\/","title":{"rendered":"Blagdan Koleda 7523."},"content":{"rendered":"<p style=\"text-align: justify;\">\n\t<strong>&quot;Slava bogovima, na dobro vam do&scaron;la Badnja ve\u010der i poro\u0111enje Mladoga Sunca. Na dobro vam do&scaron;lo Mlado leto, Jarilovo, Kupala i sve leto i godi&scaron;\u0107e.&quot;<\/strong>\n<\/p>\n<p style=\"text-align: justify;\">\n\t&nbsp;\n<\/p>\n<p style=\"text-align: justify;\">\n\t&nbsp;\n<\/p>\n<p style=\"text-align: justify;\">\n\t&nbsp;\n<\/p>\n<p style=\"text-align: justify;\">\n\t&nbsp;\n<\/p>\n<p style=\"text-align: justify;\">\n\t&nbsp;\n<\/p>\n<p style=\"text-align: center;\">\n\t<img fetchpriority=\"high\" decoding=\"async\" alt=\"5\" class=\"aligncenter size-full wp-image-460\" height=\"448\" src=\"https:\/\/rodnovjerje.com.hr\/wp-content\/uploads\/2016\/03\/5.jpg\" style=\"\" title=\"\" width=\"590\" srcset=\"https:\/\/rodnovjerje.com.hr\/wp-content\/uploads\/2016\/03\/5.jpg 2048w, https:\/\/rodnovjerje.com.hr\/wp-content\/uploads\/2016\/03\/5-300x228.jpg 300w, https:\/\/rodnovjerje.com.hr\/wp-content\/uploads\/2016\/03\/5-768x584.jpg 768w, https:\/\/rodnovjerje.com.hr\/wp-content\/uploads\/2016\/03\/5-1024x779.jpg 1024w\" sizes=\"(max-width: 590px) 100vw, 590px\" \/>\n<\/p>\n<p style=\"text-align: center;\">\n\t&nbsp;\n<\/p>\n<p>\n\t<strong>Tekst i fotografije: Le&scaron;ak, HR\u017d Perunica<\/strong>\n<\/p>\n<p style=\"text-align: justify;\">\n\tU prekrasnoj prirodi \u017dumberka, nedaleko od Svetoga gaja gdje ve\u0107 godinama gore krijesovi u \u010dast rodnih bogova, Savez hrvatskih rodnovjeraca organizirao je proslavu Koleda za \u017eupljane rodnovjernih \u017eupa &quot;Perunica&quot;, Zagreb i &quot;Perun&quot;, U\u010dka. Veliko dru\u017eenje u \u010dast Mladom Suncu odvijalo se od subote, 19. prosinca 7523. do ponedjeljka, 21. prosinca 7523., a obrede je predvodio \u017erec zagreba\u010dke \u017eupe \u017d. vj. Vlk. Badnjak ili Koledo no\u0107 je kaosa (zimski suncostaj &ndash; najdu\u017ea no\u0107 u godini) i slavi se kako bi se pomoglo Jarilu (Mlado Sunce) da se ponovno rodi iz kaosa i krene u jo&scaron; jedan godi&scaron;nji ophod.\n<\/p>\n<p style=\"text-align: justify;\">\n\tSlavlje se odvijalo u obiteljskoj atmosferi s obzirom na prirodu ovog velikog blagdana. Koledo je blagdan kada u ku\u0107i nema gostiju, a uku\u0107ani se od ranoga jutra pripremaju za ve\u010dernje obrede. Obaveze djevojaka i \u017eena uglavnom su vezane za pripremu hrane i doma dok mladi\u0107i i mu&scaron;karci odlaze u potragu za badnjakom, pripremaju drva te odlaze u nabavku, a sa zalaskom sunca kada svi poslovi trebaju biti zavr&scaron;eni preuzimaju i obredne funkcije.\n<\/p>\n<p style=\"text-align: justify;\">\n\t<strong>Paljenje badnjaka i obredi<\/strong>\n<\/p>\n<p style=\"text-align: justify;\">\n\tZa badnjak se uvijek uzimala mladica hrasta koji je kod Slavena sveto drvo, a paljenje badnjaka u uskoj je vezi s obiteljskim ognji&scaron;tem te ro\u0111enjem Mladoga Sunca s obzirom na to da je Badnji dan odmah nakon zimskog solsticija ili kratkodnevnice. Drvo se tradicionalno zasjeca s isto\u010dne strane, a onaj tko ga je ru&scaron;i mora to u\u010diniti u maksimalno 3 udarca sjekirom. S obzirom na to da vi&scaron;e udaraca nije dozvoljeno, ako drvo ne padne nakon tre\u0107eg udarca \u010dlanovi zajednice trgaju ga rukama. Tek s prvim mrakom badnjak se unosi u ku\u0107u i pola\u017ee kraj ognji&scaron;ta da bi kasnije bio spaljen. Ostali obredi vezani su za tri ve\u010dere u obiteljskom zajedni&scaron;tvu, redom posna, slatka i mesna ve\u010dera izme\u0111u kojim se uku\u0107ani dru\u017ee, igraju razne igre i pjevaju. Nakon posljednje ve\u010dere uku\u0107ani darivaju jedni druge te razmjenjuju duhovna iskustva nakon \u010dega odlaze na spavanje. \u010citava zajednica osna\u017eena je i nakon proslave Koleda svi o\u010dekuju izobilje idu\u0107e godine, obilnu \u017eetvu i plodove svoga rada.\n<\/p>\n<p style=\"text-align: justify;\">\n\t&nbsp;\n<\/p>\n<p style=\"text-align: center;\">\n\t<img decoding=\"async\" alt=\"4\" class=\"aligncenter size-full wp-image-461\" height=\"442\" src=\"https:\/\/rodnovjerje.com.hr\/wp-content\/uploads\/2016\/03\/4.jpg\" style=\"\" title=\"\" width=\"590\" srcset=\"https:\/\/rodnovjerje.com.hr\/wp-content\/uploads\/2016\/03\/4.jpg 2048w, https:\/\/rodnovjerje.com.hr\/wp-content\/uploads\/2016\/03\/4-300x225.jpg 300w, https:\/\/rodnovjerje.com.hr\/wp-content\/uploads\/2016\/03\/4-768x576.jpg 768w, https:\/\/rodnovjerje.com.hr\/wp-content\/uploads\/2016\/03\/4-1024x768.jpg 1024w\" sizes=\"(max-width: 590px) 100vw, 590px\" \/>\n<\/p>\n<p style=\"text-align: center;\">\n\t&nbsp;\n<\/p>\n<p style=\"text-align: justify;\">\n\t<strong>Zna\u010daj proslave za zajednicu<\/strong>\n<\/p>\n<p style=\"text-align: justify;\">\n\tKoledo je okupilo rodnovjernu zajednicu u obiteljskoj atmosferi i osna\u017eilo osje\u0107aj povezanosti na duhovnom putu koji zajedno slijedimo. Na&scaron;a zajednica je mala i postoje \u010dlanovi koji \u017eive daleko pa su za njih ovakva okupljanja posebno dragocjena radi osna\u017eivanja kontakata. U nekoliko dana koje provedemo zajedno na obredu generira se nova snaga za svakodnevne borbe i no&scaron;enje sa \u017eivotnim pote&scaron;ko\u0107ama. Neka nam svima Novo ljeto donese obilje i nadu da \u0107emo rasti u svakom pogledu! Slava rodnim bogovima!\n<\/p>\n<p style=\"text-align: justify;\">\n\t&nbsp;\n<\/p>\n<p style=\"text-align: center;\">\n\t<img decoding=\"async\" alt=\"3\" class=\"aligncenter size-full wp-image-463\" height=\"442\" src=\"https:\/\/rodnovjerje.com.hr\/wp-content\/uploads\/2016\/03\/3.jpg\" style=\"\" title=\"\" width=\"590\" srcset=\"https:\/\/rodnovjerje.com.hr\/wp-content\/uploads\/2016\/03\/3.jpg 2048w, https:\/\/rodnovjerje.com.hr\/wp-content\/uploads\/2016\/03\/3-300x225.jpg 300w, https:\/\/rodnovjerje.com.hr\/wp-content\/uploads\/2016\/03\/3-768x576.jpg 768w, https:\/\/rodnovjerje.com.hr\/wp-content\/uploads\/2016\/03\/3-1024x768.jpg 1024w\" sizes=\"(max-width: 590px) 100vw, 590px\" \/>\n<\/p>\n<p style=\"text-align: center;\">\n\t&nbsp;<\/p>\n","protected":false},"excerpt":{"rendered":"<p>&quot;Slava bogovima, na dobro vam do&scaron;la Badnja ve\u010der i poro\u0111enje Mladoga Sunca. Na dobro vam do&scaron;lo Mlado leto, Jarilovo, Kupala i sve leto i godi&scaron;\u0107e.&quot; &nbsp; &nbsp; &nbsp; &nbsp; &nbsp; &nbsp; Tekst i fotografije: Le&scaron;ak, HR\u017d Perunica U prekrasnoj prirodi \u017dumberka, nedaleko od Svetoga gaja gdje ve\u0107 godinama gore krijesovi u \u010dast rodnih bogova, Savez<\/p>\n<p class=\"more-link\"><a href=\"https:\/\/rodnovjerje.com.hr\/index.php\/2015\/12\/26\/blagdan-koleda-7523\/\" class=\"themebutton2\">READ MORE<\/a><\/p>\n","protected":false},"author":3,"featured_media":459,"comment_status":"open","ping_status":"open","sticky":false,"template":"","format":"standard","meta":{"footnotes":""},"categories":[9],"tags":[],"class_list":["post-458","post","type-post","status-publish","format-standard","has-post-thumbnail","hentry","category-blagdani"],"_links":{"self":[{"href":"https:\/\/rodnovjerje.com.hr\/index.php\/wp-json\/wp\/v2\/posts\/458","targetHints":{"allow":["GET"]}}],"collection":[{"href":"https:\/\/rodnovjerje.com.hr\/index.php\/wp-json\/wp\/v2\/posts"}],"about":[{"href":"https:\/\/rodnovjerje.com.hr\/index.php\/wp-json\/wp\/v2\/types\/post"}],"author":[{"embeddable":true,"href":"https:\/\/rodnovjerje.com.hr\/index.php\/wp-json\/wp\/v2\/users\/3"}],"replies":[{"embeddable":true,"href":"https:\/\/rodnovjerje.com.hr\/index.php\/wp-json\/wp\/v2\/comments?post=458"}],"version-history":[{"count":3,"href":"https:\/\/rodnovjerje.com.hr\/index.php\/wp-json\/wp\/v2\/posts\/458\/revisions"}],"predecessor-version":[{"id":467,"href":"https:\/\/rodnovjerje.com.hr\/index.php\/wp-json\/wp\/v2\/posts\/458\/revisions\/467"}],"wp:featuredmedia":[{"embeddable":true,"href":"https:\/\/rodnovjerje.com.hr\/index.php\/wp-json\/wp\/v2\/media\/459"}],"wp:attachment":[{"href":"https:\/\/rodnovjerje.com.hr\/index.php\/wp-json\/wp\/v2\/media?parent=458"}],"wp:term":[{"taxonomy":"category","embeddable":true,"href":"https:\/\/rodnovjerje.com.hr\/index.php\/wp-json\/wp\/v2\/categories?post=458"},{"taxonomy":"post_tag","embeddable":true,"href":"https:\/\/rodnovjerje.com.hr\/index.php\/wp-json\/wp\/v2\/tags?post=458"}],"curies":[{"name":"wp","href":"https:\/\/api.w.org\/{rel}","templated":true}]}}