{"id":333,"date":"2015-02-25T13:26:38","date_gmt":"2015-02-25T12:26:38","guid":{"rendered":"http:\/\/rodnovjerje.com.hr\/?p=333"},"modified":"2016-03-06T12:54:01","modified_gmt":"2016-03-06T11:54:01","slug":"svarica-tira-les-ep-2015","status":"publish","type":"post","link":"https:\/\/rodnovjerje.com.hr\/index.php\/2015\/02\/25\/svarica-tira-les-ep-2015\/","title":{"rendered":"Svarica &#8211; &#8220;Tira Les&#8221; EP (2015.)"},"content":{"rendered":"<p>\n\t<strong>Popularna hrvatska glazbena ethno grupa Svarica izdala je novi EP album pod imenom &quot;Tira Les&quot; (2015.). Poslu&scaron;ajte neke od pjesama sa albuma. <\/strong>\n<\/p>\n<p>\n\t&nbsp;\n<\/p>\n<p>\n\t&nbsp;\n<\/p>\n<p>\n\t&nbsp;\n<\/p>\n<p>\n\t<strong>Zvira voda iz kamena<\/strong>\n<\/p>\n<p>\n\t<iframe title=\"Svarica - Zvira voda iz kamena\" width=\"1170\" height=\"658\" src=\"https:\/\/www.youtube.com\/embed\/fz3ksL6eKaQ?feature=oembed\" frameborder=\"0\" allow=\"accelerometer; autoplay; clipboard-write; encrypted-media; gyroscope; picture-in-picture; web-share\" referrerpolicy=\"strict-origin-when-cross-origin\" allowfullscreen><\/iframe>\n<\/p>\n<p>\n\tTekst: tradicionalni<br \/>\n\tGlazba: tradicionalni<br \/>\n\tAran\u017eman: Damir Markoti\u0107<br \/>\n\tSnimljeno u Studiju, Veles, www.studioveles.net\n<\/p>\n<p>\n\t<strong>ZVIRA VODA IZ KAMENA<\/strong>\n<\/p>\n<p>\n\tZvira voda iz kamena, hladna studena.<br \/>\n\tRasti ro\u017ea iz korena, lepa, \u010drlena,<br \/>\n\tRasti ro\u017ea iz korena, lepa, \u010drlena.\n<\/p>\n<p>\n\tDivoj\u010dica ro\u017ee brala, pak je zaspala.<br \/>\n\tPoleg jahal mladi junak, stiha jo budi,<br \/>\n\tPoleg jahal mladi junak, stiha jo budi:\n<\/p>\n<p>\n\tStani gori divoj\u010dica, jel&#39; si zaspala.<br \/>\n\tRo\u017ee so ti povehnule, kaj si nabrala,<br \/>\n\tRo\u017ee so ti povehnule, kaj si nabrala.\n<\/p>\n<p>\n\tDe\u010dki so se o\u017eenili, kaj si ljubila.<br \/>\n\tVse so dekle zamu\u017e &#39;di&scaron;le, kaj si imela,<br \/>\n\tVse so dekle zamu\u017e &#39;di&scaron;le, kaj si imela.\n<\/p>\n<p>\n\t&#8212;-\n<\/p>\n<p style=\"text-align: justify;\">\n\tAkademik Kati\u010di\u0107 u poglavljima svoje knjige Zeleni lug, a pod naslovima Zeleni lug i Zlatna jabuka (u podnaslovima Susret na vodi i Ne&scaron;to je u vrtu zazvonilo) navodi da se susret pa kasnije i sama svadba Jurja i Mare doga\u0111a u zelenom lugu, dakle na vla\u017enom mjestu, negdje pokraj vode, te da su mitski san i bu\u0111enje iz istoga zapravo najava bu\u0111enja prolje\u0107a. U ovoj krasnoj me\u0111imurskoj pjesmi nigdje se ne spominju imenima Jarilo\/Juraj ili Ivo\/Ivan ili pak Mara\/Marica, no spominju se djevojka i mladi junak na konju, te izvor vode, branje cvije\u0107a (ru\u017ea), san, bu\u0111enje i spominje se svadba (Sonja Mili\u010devi\u0107 Vukeli\u0107\/Deniver Vukeli\u0107).\n<\/p>\n<p>\n\t&nbsp;\n<\/p>\n<p>\n\t<strong>Beli grad<\/strong>\n<\/p>\n<p>\n\t<iframe title=\"Svarica - Beli Grad\" width=\"1170\" height=\"658\" src=\"https:\/\/www.youtube.com\/embed\/k6Wlrw2RJSk?feature=oembed\" frameborder=\"0\" allow=\"accelerometer; autoplay; clipboard-write; encrypted-media; gyroscope; picture-in-picture; web-share\" referrerpolicy=\"strict-origin-when-cross-origin\" allowfullscreen><\/iframe>\n<\/p>\n<p>\n\tTekst: tradicionalni<br \/>\n\tGlazba: tradicionalni<br \/>\n\tAran\u017eman: Damir Markoti\u0107<br \/>\n\tSnimljeno u Studiju, Veles, www.studioveles.net\n<\/p>\n<p>\n\t<strong>BELI GRAD<\/strong>\n<\/p>\n<p>\n\tBeli se, beli, beli grad,<br \/>\n\tu njem se konjci sigraju,<br \/>\n\tsrebrne vuzde trgaju<br \/>\n\tpo devojku se spravljaju.<br \/>\n\tDevojka jim se plakala,<br \/>\n\tmajka ju je ta\u017eila:\n<\/p>\n<p>\n\t-mu\u010di, pa mu\u010di, \u0107er\u010dice,<br \/>\n\ttak su i mene vodili,<br \/>\n\tpak sam ti dobra do\u010dkala.<br \/>\n\tDevetim zetom punica,\n<\/p>\n<p>\n\tDevetim zetom punica,<br \/>\n\tdevetim snaham svekrva,<br \/>\n\tpod svakom snahom mladi sin,<br \/>\n\tpod najmlaj&scaron;om mlada &#39;\u0107i,<br \/>\n\tza nju se biju bi&scaron;\u0107ani<br \/>\n\ti sva hrvatska gospoda.\n<\/p>\n<p>\n\t&#8212;-\n<\/p>\n<p>\n\tPjesma Beli grad zapisana je u Svetoj Jani pored Jastrebarskog. Kako nam kazuje akademik Kati\u010di\u0107 u svojoj knjizi Vilinska vrata, ovdje se radi o bijelom gradu koji se bijeli jer ga je sagradila bijela vila. Prema pretkr&scaron;\u0107anskoj hrvatskoj i slavenskoj predaji to \u017eensko bo\u017eansko bi\u0107e, velika slavenska bo\u017eica Moko&scaron;, na vratima svoga grada\/dvora udaje svoju k\u0107er. U ovoj pjesmi vidimo da mlada nevjesta ima vi&scaron;e prosaca, koji se ovdje nazivaju gospodom. Mlada nevjesta jadikuje, jer zna da \u0107e morati napustiti roditeljski dom, a motiv konja ve\u017ee se za njezinog budu\u0107eg supruga, mladog boga Jarila\/Jurja, jer se za njega \u010desto spominje da ili ja&scaron;e na konju ili je i sam predstavljen kao konj (Sonja Mili\u010devi\u0107 Vukeli\u0107\/Deniver Vukeli\u0107)..\n<\/p>\n<p>\n\tAlbum &quot;Tira Les&quot; mo\u017eete kupiti preko slu\u017ebene Facebook stranice benda:<br \/>\n\t<a class=\"yt-uix-sessionlink  \" data-sessionlink=\"ei=IcraVs_OI4m1iQaPk67wCA\" href=\"https:\/\/www.facebook.com\/svarica\" rel=\"nofollow\" target=\"_blank\">https:\/\/www.facebook.com\/svarica<\/a><br \/>\n\t&nbsp;\n<\/p>\n<p style=\"text-align: justify;\">\n\t<strong>Svarica<\/strong>\n<\/p>\n<p style=\"text-align: justify;\">\n\tOsmero\u010dlani sastav iz liburnijskog kraja osnovan je 2008. godine od strane dvojice bra\u0107e Damira i Paula Markoti\u0107a, a najvi&scaron;e pod utjecajem prahrvatske i stare slavenske kulture i duhovnosti, bazirane na &scaron;tovanju prirode te kultu predaka. S vremenom pridru\u017euje se Anamarija Martin\u010di\u0107 na violini, a 2010. godine projekt raste u bend, kada se pridru\u017euje ostatak \u010dlanova. &Scaron;argija, did\u017eeridu, mandolina, fujara, koncovka, frulica, drombulja, rog, harmonika, violina, gitara, bass, bubanj, udaraljke, razni &lsquo;homemade&rsquo; instrumenti i osam glasova &ndash; sve su to &ldquo;alati&rdquo; koje ovaj &rdquo;osmerac&rdquo; koristi da bi vas &scaron;to bolje uveo u svoju glazbenu pri\u010du.\n<\/p>\n<p style=\"text-align: justify;\">\n\t<span>\u010clanovi: Damir Markoti\u0107 &#8211; Svetoslav: vokal, frulica, &scaron;argija, diplice, fujara; Paul Markoti\u0107 &#8211; Jaroslav: udaraljke, vokal; Anamarija Martin\u010di\u0107 &#8211; Zorana: violina, vokal; Dunja Zbiljski &#8211; Rujana: frulica, flauta; Mario Mudri\u0107 &#8211; Veleslav: gitara, koncovka, drombulja, rog; Adam Miler &#8211; Drinogor: harmonika; Mihael Prosen &#8211; Miho: bass gitara.<\/span>\n<\/p>\n<p style=\"text-align: justify;\">\n\t&copy; 2015 SVARICA \/ PERUNOVA SVETINJA<\/p>\n","protected":false},"excerpt":{"rendered":"<p>Popularna hrvatska glazbena ethno grupa Svarica izdala je novi EP album pod imenom &quot;Tira Les&quot; (2015.). Poslu&scaron;ajte neke od pjesama sa albuma. &nbsp; &nbsp; &nbsp; Zvira voda iz kamena Tekst: tradicionalni Glazba: tradicionalni Aran\u017eman: Damir Markoti\u0107 Snimljeno u Studiju, Veles, www.studioveles.net ZVIRA VODA IZ KAMENA Zvira voda iz kamena, hladna studena. Rasti ro\u017ea iz korena,<\/p>\n<p class=\"more-link\"><a href=\"https:\/\/rodnovjerje.com.hr\/index.php\/2015\/02\/25\/svarica-tira-les-ep-2015\/\" class=\"themebutton2\">READ MORE<\/a><\/p>\n","protected":false},"author":3,"featured_media":328,"comment_status":"open","ping_status":"open","sticky":false,"template":"","format":"standard","meta":{"footnotes":""},"categories":[10],"tags":[],"class_list":["post-333","post","type-post","status-publish","format-standard","has-post-thumbnail","hentry","category-glazba"],"_links":{"self":[{"href":"https:\/\/rodnovjerje.com.hr\/index.php\/wp-json\/wp\/v2\/posts\/333","targetHints":{"allow":["GET"]}}],"collection":[{"href":"https:\/\/rodnovjerje.com.hr\/index.php\/wp-json\/wp\/v2\/posts"}],"about":[{"href":"https:\/\/rodnovjerje.com.hr\/index.php\/wp-json\/wp\/v2\/types\/post"}],"author":[{"embeddable":true,"href":"https:\/\/rodnovjerje.com.hr\/index.php\/wp-json\/wp\/v2\/users\/3"}],"replies":[{"embeddable":true,"href":"https:\/\/rodnovjerje.com.hr\/index.php\/wp-json\/wp\/v2\/comments?post=333"}],"version-history":[{"count":11,"href":"https:\/\/rodnovjerje.com.hr\/index.php\/wp-json\/wp\/v2\/posts\/333\/revisions"}],"predecessor-version":[{"id":492,"href":"https:\/\/rodnovjerje.com.hr\/index.php\/wp-json\/wp\/v2\/posts\/333\/revisions\/492"}],"wp:featuredmedia":[{"embeddable":true,"href":"https:\/\/rodnovjerje.com.hr\/index.php\/wp-json\/wp\/v2\/media\/328"}],"wp:attachment":[{"href":"https:\/\/rodnovjerje.com.hr\/index.php\/wp-json\/wp\/v2\/media?parent=333"}],"wp:term":[{"taxonomy":"category","embeddable":true,"href":"https:\/\/rodnovjerje.com.hr\/index.php\/wp-json\/wp\/v2\/categories?post=333"},{"taxonomy":"post_tag","embeddable":true,"href":"https:\/\/rodnovjerje.com.hr\/index.php\/wp-json\/wp\/v2\/tags?post=333"}],"curies":[{"name":"wp","href":"https:\/\/api.w.org\/{rel}","templated":true}]}}