{"id":249,"date":"2014-07-31T11:29:29","date_gmt":"2014-07-31T09:29:29","guid":{"rendered":"http:\/\/rodnovjerje.com.hr\/?p=249"},"modified":"2016-03-05T12:07:09","modified_gmt":"2016-03-05T11:07:09","slug":"zakljucci-11-slavenskog-rodnovjernog-vijeca-odrzanog-u-moscenicama-hrvatska-18-19-srpnja-2014-godine","status":"publish","type":"post","link":"https:\/\/rodnovjerje.com.hr\/index.php\/2014\/07\/31\/zakljucci-11-slavenskog-rodnovjernog-vijeca-odrzanog-u-moscenicama-hrvatska-18-19-srpnja-2014-godine\/","title":{"rendered":"ZAKLJU\u010cCI 11. SLAVENSKOG RODNOVJERNOG VIJE\u0106A odr\u017eanog u Mo\u0161\u0107enicama (Hrvatska) 18. \u2013 19. srpnja 2014. godine"},"content":{"rendered":"<p style=\"text-align: center;\">\n\t<strong>ZAKLJU\u010cCI<br \/>\n\t11. SLAVENSKOG RODNOVJERNOG VIJE\u0106A<br \/>\n\todr\u017eanog u Mo&scaron;\u0107enicama (Hrvatska) 18. &ndash; 19. srpnja 2014. godine<\/strong>\n<\/p>\n<p style=\"text-align: center;\">\n\t<strong>Sudionici Vije\u0107a<\/strong>\n<\/p>\n<p style=\"text-align: justify;\">\n\tZasjedanje jedanaestog Slavenskog rodnovjernog vije\u0107a odr\u017eano je od 18. do 19. srpnja 2014. godine u gradi\u0107u Mo&scaron;\u0107enice (Hrvatska). U radu Vije\u0107a sudjelovali su predstavnici sedam slavenskih zemalja iz sljede\u0107ih organizacija:\n<\/p>\n<ul>\n<li style=\"text-align: justify;\">\n\t\t<strong>Bugarska<\/strong>: Udruga &quot;\u0421\u043b\u0430\u0432\u044f\u043d\u0435&quot; (Slavjane)\n\t<\/li>\n<li style=\"text-align: justify;\">\n\t\t<strong>Rusija<\/strong>: &quot;\u0421\u043e\u044e\u0437 \u0412\u0435\u043d\u0435\u0434\u0456\u0432&quot; (Savez Veneda): \u017eupa &quot;\u0421\u0432\u044f\u0442\u043e\u0441\u043b\u0430\u0432\u0430 \u0425\u043e\u0440\u043e\u0431\u0440\u043e\u0433\u043e&quot; (Svetoslava Hrabroga) iz Sankt Peterburga\n\t<\/li>\n<li style=\"text-align: justify;\">\n\t\t<strong>Slovenija<\/strong>: \u017dupa starovjeraca &quot;Svetovid&quot;\n\t<\/li>\n<li style=\"text-align: justify;\">\n\t\t<strong>Srbija<\/strong>: Informativni centar &quot;Svevlad&quot;, Srpske rodnovjerne \u017eupe &quot;Lug Velesa&quot; (Novi Sad) i &quot;Kolo&quot; (Beograd)\n\t<\/li>\n<li style=\"text-align: justify;\">\n\t\t<strong>Ukrajina<\/strong>: Religijski centar &quot;\u041e\u0431&rsquo;\u0454\u0434\u043d\u0430\u043d\u043d\u044f \u0420\u0456\u0434\u043d\u043e\u0432\u0456\u0440\u0456\u0432 \u0423\u043a\u0440\u0430\u0457\u043d\u0438&ldquo; (Savez rodnovjeraca Ukrajine): Kijevska \u017eupa &quot;\u041f\u0440\u0430\u0432\u043e\u0441\u043b\u0430\u0432&rsquo;\u044f&quot; (Pravoslavje), Boryspilska \u017eupa &quot;\u041f\u043e\u043b\u044f\u043d\u0438&quot; (Poljani); Ternopilska \u017eupa &quot;\u0421\u0432\u0430\u0440\u0433\u0430&quot; (Svarga)\n\t<\/li>\n<li style=\"text-align: justify;\">\n\t\t<strong>Hrvatska<\/strong>: Savez Hrvatskih Rodnovjeraca: \u017eupe &quot;Perunica&quot; (Zagreb) i &quot;Perun&quot; (Opatija-Rijeka)\n\t<\/li>\n<li style=\"text-align: justify;\">\n\t\t<strong>\u010ce&scaron;ka<\/strong>: Udruga &quot;\u041eb\u010dansk&eacute; sdru\u017een&iacute; Rodn&aacute; v&iacute;ra&ldquo;\n\t<\/li>\n<\/ul>\n<p style=\"text-align: justify;\">\n\tSveukupno je u radu Vije\u0107a sudjelovalo 39 osoba: 25 predstavnika i 14 gostiju.\n<\/p>\n<p style=\"text-align: justify;\">\n\tGosti vije\u0107a bili su predstavnici udruge za promicanje stare slavenske kulture &ndash; Perunova Svetinja, Lovran &#8211; Hrvatska (na poziv hrvatskih predstavnika); kulturne udruge &quot;Pravi svijet&quot;, Slovenija (na poziv slovenskih predstavnika); udruge Vigrid, Norve&scaron;ka (na poziv bugarskih predstavnika).<br \/>\n\tVije\u0107em je koordinirao predstavnik Saveza hrvatskih rodnovjeraca, Damir Markoti\u0107.\n<\/p>\n<p style=\"text-align: justify;\">\n\t<strong>\u0406\u0406. Ciljevi jedanaestog Slavenskog rodnovjernog vije\u0107a:<\/strong>\n<\/p>\n<div align=\"justify\">\n<ol>\n<li>\n\t\t\tRazmjena informacija i tiskanih izdanja o aktivnostima rodnovjernih zajednica slavenskih zemalja tijekom godine dana (od pro&scaron;log vije\u0107a).\n\t\t<\/li>\n<li>\n\t\t\tRazmjena iskustava i znanja temeljenim na rezultatima radova me\u0111unarodnog znanstvenog skupa &quot;U\u010denje slavenskog rodnovjerja o du&scaron;i&quot;\n\t\t<\/li>\n<li>\n\t\t\tProcijeniti trenutno stanje rodnovjerja i odrediti mjere o\u017eivljavanja i razvitka rodne vjere u slavenskim zemljama.\n\t\t<\/li>\n<li>\n\t\t\tNastvak suradnje s ve\u0107 poznatim nam znanstvenicima, suradnicima i vjernicima bratskih slavenskih naroda i uspostavljanje kontakta s novim zajednicama i srodnim organizacijama.\n\t\t<\/li>\n<li>\n\t\t\tOdre\u0111ivanje mjesta i vremena odr\u017eavanja sljede\u0107eg Slavenskog rodnovjernog vije\u0107a i odabir koordinatora za idu\u0107u godinu.\n\t\t<\/li>\n<\/ol>\n<\/div>\n<p style=\"text-align: justify;\">\n\t<strong>\u0406\u0406\u0406. Jedanaesto Slavensko rodnovjerno vije\u0107e isti\u010de:<\/strong>\n<\/p>\n<div align=\"justify\">\n<ol>\n<li>\n\t\t\tCiljevi jedanaestog Slavenskog rodnovjernog vije\u0107a su dostignuti.\n\t\t<\/li>\n<li>\n\t\t\tFormiran je stalan broj sudionika iz sljede\u0107ih zemalja: Bugarska, Poljska, Rusija, Srbija, Slovenija, Ukrajina, Hrvatska, \u010ce&scaron;ka. Rodnovjerni pokreti u na&scaron;im zemljama rastu sve vi&scaron;e i vi&scaron;e, a u taj proces uklju\u010deno je sve vi&scaron;e mladih aktivnih znanstvenika, etnologa, povijesni\u010dara, filozofa &ndash; taj trend treba poticati i podr\u017eavati.\n\t\t<\/li>\n<li>\n\t\t\tSlavensko rodnovjerno vije\u0107e nastavlja svoje djelovanje u okviru Europskog kongresa etni\u010dkih religija.\n\t\t<\/li>\n<li>\n\t\t\tU sklopu Slavenskog rodnovjernog Vije\u0107a proveden je znanstveni skup &quot;U\u010denje slavenskog rodnovjerja o du&scaron;i&quot;, koji je potvrdio va\u017enost i potrebu za daljnjim istra\u017eivanjima u znanstvenim krugovima sli\u010dnima ovom. Vije\u0107e zapa\u017ea prakti\u010dno zbli\u017eavanje znanstvenika &ndash; slavista i rodnovjeraca u rje&scaron;avanju zajedni\u010dkih zadataka; oporavak i ja\u010danje rodnovjerja, klju\u010dne sastavnice nacionalnih kultura slavenskih zemalja.\n\t\t<\/li>\n<li>\n\t\t\tObnovi slavenskog rodnovjerja u slavenskim zemljama po\u010detkom 21. stolje\u0107a, prijete globalni izazovi i politi\u010dka destabilizacija, koji mogu utjecati na prijateljsku klimu koja je uspostavljena izme\u0111u na&scaron;ih zajednica. Slavensko rodnovjerno vije\u0107e osu\u0111uje politiku informacijske agresije me\u0111u rodnovjernima, koja predstavlja potencijalnu prijetnju cijelom slavenskom svijetu. Na prijedlog predstavnika Slovenije i uz podr&scaron;ku prisutnih predstavnika, Slavensko rodnovjerno vije\u0107e je osudilo ideologije nacizma, fa&scaron;izma, rasizma i totalitarizma.\n\t\t<\/li>\n<\/ol>\n<\/div>\n<p style=\"text-align: justify;\">\n\t<strong>\u0406V. Organizacijska pitanja rije&scaron;ena su na sljede\u0107i na\u010din:<\/strong>\n<\/p>\n<div align=\"justify\">\n<ol>\n<li>\n\t\t\tObjavljivati dokumente 11. Slavenskog rodnovjernog vije\u0107a u svojim vlastitim i drugim dostupnim sredstvima komunikacije (\u010dasopisima, mre\u017enim stranicama, dru&scaron;tvenim mre\u017eama..)\n\t\t<\/li>\n<li>\n\t\t\tIzdati materijale Vije\u0107a u idu\u0107em broju \u010dasopisa &quot;Slava!&quot; u materinjem jeziku sudionika Vije\u0107a.\n\t\t<\/li>\n<li>\n\t\t\tPreporu\u010diti i opskrbiti tradicionalne rodnovjerne zajednice materijalima sa znanstvenog skupa &quot;U\u010denja slavenskog rodnovjerja o du&scaron;i&quot;, odr\u017eanog u Mo&scaron;\u0107enicama (Hrvatska), 18. &ndash; 19. srpnja 2014. u vidu zbornika znanstvenih radova. &nbsp;Odgovorna osoba za izdavanje zbornika jest Damir Markoti\u0107. Stoga se svi predava\u010di mole da svoje tekstove i radove dostave uredni&scaron;tvu (Damir Markoti\u0107, Galina Lozko, Bogdan Fenjuk) u roku 30 dana od zavr&scaron;etka Vije\u0107a (20. kolovoza 2014.).\n\t\t<\/li>\n<li>\n\t\t\tPredlo\u017eena tema slijede\u0107eg zasijedanja Vije\u0107a jest &quot;Kult predaka u Slavena&quot;.\n\t\t<\/li>\n<li>\n\t\t\tS ciljem pobolj&scaron;anja komunikacije me\u0111u predstavnicima, razvijeni su prijedlozi za obnavljanje zajedni\u010dkog informacijskog prostora, koji \u0107e biti osiguran u roku 30 dana od zavr&scaron;etka vije\u0107a. Kao odgovorna osoba i upravitelj izabran je Nejc Petri\u010d (Slovenija).\n\t\t<\/li>\n<li>\n\t\t\tDvanaesto Slavensko rodnovjerno vije\u0107e odr\u017eat \u0107e se 2015. godine u Sloveniji.\n\t\t<\/li>\n<li>\n\t\t\tKoordinator Slavenskog rodnovjernog vije\u0107a za idu\u0107u godinu jest Nejc Petri\u010d.\n\t\t<\/li>\n<li>\n\t\t\tNakon iscrpnih razgovora o prijedlozima za zajedni\u010dki simbol SRV, problem je okon\u010dan time &scaron;to \u0107e svaka zemlje sudionik na idu\u0107e Vije\u0107e dostaviti svoj prijedlog o znaku, temeljen na tradicionalnim slavenskim vezovima.\n\t\t<\/li>\n<\/ol>\n<\/div>\n<p style=\"text-align: justify;\">\n\tZaklju\u010dak potpisan je od strane svih predstavnika zemalja sudionika jedanaestog Slavenskog rodnovjernog vije\u0107a:\n<\/p>\n<p style=\"text-align: justify;\">\n\tAnton Ra\u010dev, Bugarska<br \/>\n\tGalina Lozko, Ukrajina<br \/>\n\tDamir Markoti\u0107, Hrvatska<br \/>\n\tMilan Petrovi\u0107, Srbija<br \/>\n\tNejc Petri\u010d, Slovenija<br \/>\n\tAleksej Ti&scaron;\u0107enko, Rusija<br \/>\n\tRichard B&iacute;gl, \u010ce&scaron;ka\n<\/p>\n<p style=\"text-align: justify;\">\n\t19. srpnja 2014., Mo&scaron;\u0107enice, Hrvatska\n<\/p>\n<p style=\"text-align: justify;\">\n\t&nbsp;\n<\/p>\n<p style=\"text-align: justify;\">\n\t<img fetchpriority=\"high\" decoding=\"async\" alt=\"DSCN5151\" class=\"aligncenter size-full wp-image-251\" height=\"480\" src=\"https:\/\/rodnovjerje.com.hr\/wp-content\/uploads\/2016\/03\/DSCN5151.jpg\" width=\"640\" srcset=\"https:\/\/rodnovjerje.com.hr\/wp-content\/uploads\/2016\/03\/DSCN5151.jpg 640w, https:\/\/rodnovjerje.com.hr\/wp-content\/uploads\/2016\/03\/DSCN5151-300x225.jpg 300w\" sizes=\"(max-width: 640px) 100vw, 640px\" \/>\n<\/p>\n<p style=\"text-align: justify;\">\n\t&nbsp;<\/p>\n","protected":false},"excerpt":{"rendered":"<p>ZAKLJU\u010cCI 11. SLAVENSKOG RODNOVJERNOG VIJE\u0106A odr\u017eanog u Mo&scaron;\u0107enicama (Hrvatska) 18. &ndash; 19. srpnja 2014. godine Sudionici Vije\u0107a Zasjedanje jedanaestog Slavenskog rodnovjernog vije\u0107a odr\u017eano je od 18. do 19. srpnja 2014. godine u gradi\u0107u Mo&scaron;\u0107enice (Hrvatska). U radu Vije\u0107a sudjelovali su predstavnici sedam slavenskih zemalja iz sljede\u0107ih organizacija: Bugarska: Udruga &quot;\u0421\u043b\u0430\u0432\u044f\u043d\u0435&quot; (Slavjane) Rusija: &quot;\u0421\u043e\u044e\u0437 \u0412\u0435\u043d\u0435\u0434\u0456\u0432&quot; (Savez<\/p>\n<p class=\"more-link\"><a href=\"https:\/\/rodnovjerje.com.hr\/index.php\/2014\/07\/31\/zakljucci-11-slavenskog-rodnovjernog-vijeca-odrzanog-u-moscenicama-hrvatska-18-19-srpnja-2014-godine\/\" class=\"themebutton2\">READ MORE<\/a><\/p>\n","protected":false},"author":2,"featured_media":250,"comment_status":"open","ping_status":"open","sticky":false,"template":"","format":"standard","meta":{"footnotes":""},"categories":[2],"tags":[],"class_list":["post-249","post","type-post","status-publish","format-standard","has-post-thumbnail","hentry","category-vijesti"],"_links":{"self":[{"href":"https:\/\/rodnovjerje.com.hr\/index.php\/wp-json\/wp\/v2\/posts\/249","targetHints":{"allow":["GET"]}}],"collection":[{"href":"https:\/\/rodnovjerje.com.hr\/index.php\/wp-json\/wp\/v2\/posts"}],"about":[{"href":"https:\/\/rodnovjerje.com.hr\/index.php\/wp-json\/wp\/v2\/types\/post"}],"author":[{"embeddable":true,"href":"https:\/\/rodnovjerje.com.hr\/index.php\/wp-json\/wp\/v2\/users\/2"}],"replies":[{"embeddable":true,"href":"https:\/\/rodnovjerje.com.hr\/index.php\/wp-json\/wp\/v2\/comments?post=249"}],"version-history":[{"count":4,"href":"https:\/\/rodnovjerje.com.hr\/index.php\/wp-json\/wp\/v2\/posts\/249\/revisions"}],"predecessor-version":[{"id":255,"href":"https:\/\/rodnovjerje.com.hr\/index.php\/wp-json\/wp\/v2\/posts\/249\/revisions\/255"}],"wp:featuredmedia":[{"embeddable":true,"href":"https:\/\/rodnovjerje.com.hr\/index.php\/wp-json\/wp\/v2\/media\/250"}],"wp:attachment":[{"href":"https:\/\/rodnovjerje.com.hr\/index.php\/wp-json\/wp\/v2\/media?parent=249"}],"wp:term":[{"taxonomy":"category","embeddable":true,"href":"https:\/\/rodnovjerje.com.hr\/index.php\/wp-json\/wp\/v2\/categories?post=249"},{"taxonomy":"post_tag","embeddable":true,"href":"https:\/\/rodnovjerje.com.hr\/index.php\/wp-json\/wp\/v2\/tags?post=249"}],"curies":[{"name":"wp","href":"https:\/\/api.w.org\/{rel}","templated":true}]}}