{"id":204,"date":"2015-08-31T10:35:53","date_gmt":"2015-08-31T08:35:53","guid":{"rendered":"http:\/\/rodnovjerje.com.hr\/?p=204"},"modified":"2016-03-05T12:06:53","modified_gmt":"2016-03-05T11:06:53","slug":"12-slavensko-rodnovjerno-vijece-ljubljana-2015","status":"publish","type":"post","link":"https:\/\/rodnovjerje.com.hr\/index.php\/2015\/08\/31\/12-slavensko-rodnovjerno-vijece-ljubljana-2015\/","title":{"rendered":"12. slavensko rodnovjerno vije\u0107e, Ljubljana, 2015."},"content":{"rendered":"<p>\n\t<strong>U razdoblju od 14. do 16. kolovoza odr\u017eano je 12. Slavensko rodnovjerno vije\u0107e u Ljubljani. Doma\u0107ini vije\u0107a bili su \u010dlanovi Dru&scaron;tvo Staroverci i Staroslavov hram: akademija staroverskih obrednih praks (Slovenija). <\/strong>\n<\/p>\n<p>\n\t&nbsp;\n<\/p>\n<p style=\"text-align: justify;\">\n\t&nbsp;\n<\/p>\n<p style=\"text-align: center;\">\n\t<img fetchpriority=\"high\" decoding=\"async\" alt=\"vijece15-1\" class=\"aligncenter size-full wp-image-207\" height=\"538\" src=\"https:\/\/rodnovjerje.com.hr\/wp-content\/uploads\/2016\/03\/vijece15-1.jpg\" style=\"\" title=\"\" width=\"360\" srcset=\"https:\/\/rodnovjerje.com.hr\/wp-content\/uploads\/2016\/03\/vijece15-1.jpg 514w, https:\/\/rodnovjerje.com.hr\/wp-content\/uploads\/2016\/03\/vijece15-1-201x300.jpg 201w\" sizes=\"(max-width: 360px) 100vw, 360px\" \/>\n<\/p>\n<p style=\"text-align: center;\">\n\t&nbsp;\n<\/p>\n<p>\n\t<strong>Pi&scaron;e: Svetoslav, HR\u017d Perunica<\/strong>\n<\/p>\n<p style=\"text-align: justify;\">\n\tNa ovom dvanaestom po redu Vije\u0107u sudjelovali su: <em>Lug Velesa<\/em> (Srbija), <em>Rodna vira<\/em> (\u010ce&scaron;ka), <em>Slovansky kruh<\/em> (\u010ce&scaron;ka), <em>Vedy<\/em> (Slova&scaron;ka), <em>Rodzima wiara<\/em> (Poljska),&nbsp; <em>Obednannja ridnoviriv Ukraini<\/em> (Ukrajina), <em>Sojuz Venedov<\/em> (Rusija) i <em>Perunova Svetinja <\/em>te <em>Savez hrvatskih rodnovjeraca<\/em>.\n<\/p>\n<p style=\"text-align: justify;\">\n\tOve godine odr\u017eala su se predavanja na temu Vije\u0107a dogovorenog pro&scaron;le godine a koja su se bavila kultom predaka. Svaka zemlja predstavila je svoj odnos i promi&scaron;ljanje u odnosu na temu. Putem razli\u010ditih prikaza, od znanstvenih i tradicijskih, preko alternativnih, do osobnih na Vije\u0107u se prikazala raznolikost pristupa.\n<\/p>\n<p style=\"text-align: justify;\">\n\tUz predavanja, predstavljene su knjige i radovi koji su objavljeni u navedenim slavenskim zemljama proteklih godinu dana.\n<\/p>\n<p style=\"text-align: justify;\">\n\t<strong>Ekolo&scaron;ka svijest jedna od tema Vije\u0107a<\/strong>\n<\/p>\n<p style=\"text-align: justify;\">\n\tNa Vije\u0107u se, a u okviru glavne teme, raspravljalo i o svjesnosti predstavnika prema problematici ekologije, recikliranja i osobnih stavova prema o\u010duvanju okoli&scaron;a, te mogu\u0107ih rje&scaron;enja za prakti\u010dna ekolo&scaron;ka rje&scaron;enja u vlastitu domu.\n<\/p>\n<p>\n\tTako\u0111er je napomenuto da ako se obra\u0107amo sa po&scaron;tovanjem svojim precima, logi\u010dno je da svojim pona&scaron;anjem odamo po&scaron;tovanje i na&scaron;im potomcima.\n<\/p>\n<p>\n\t<img decoding=\"async\" alt=\"vijece15-3\" class=\"aligncenter size-full wp-image-209\" height=\"600\" src=\"https:\/\/rodnovjerje.com.hr\/wp-content\/uploads\/2016\/03\/vijece15-3.jpg\" width=\"402\" srcset=\"https:\/\/rodnovjerje.com.hr\/wp-content\/uploads\/2016\/03\/vijece15-3.jpg 402w, https:\/\/rodnovjerje.com.hr\/wp-content\/uploads\/2016\/03\/vijece15-3-201x300.jpg 201w\" sizes=\"(max-width: 402px) 100vw, 402px\" \/>\n<\/p>\n<p>\n\t&nbsp;\n<\/p>\n<p style=\"text-align: center;\">\n\t<img decoding=\"async\" alt=\"vijece15-2\" class=\"aligncenter size-full wp-image-208\" height=\"322\" src=\"https:\/\/rodnovjerje.com.hr\/wp-content\/uploads\/2016\/03\/vijece15-2.jpg\" style=\"\" title=\"\" width=\"480\" srcset=\"https:\/\/rodnovjerje.com.hr\/wp-content\/uploads\/2016\/03\/vijece15-2.jpg 800w, https:\/\/rodnovjerje.com.hr\/wp-content\/uploads\/2016\/03\/vijece15-2-300x201.jpg 300w, https:\/\/rodnovjerje.com.hr\/wp-content\/uploads\/2016\/03\/vijece15-2-768x515.jpg 768w\" sizes=\"(max-width: 480px) 100vw, 480px\" \/>\n<\/p>\n<p style=\"text-align: center;\">\n\t&nbsp;\n<\/p>\n<p style=\"text-align: justify;\">\n\t<strong>Nove organizacije &#8211; novi doma\u0107ini<\/strong>\n<\/p>\n<p style=\"text-align: justify;\">\n\tKao &scaron;e\u0107er na kraju, nakon predavanja i konferencijskih radova, odr\u017eano je i samo Vije\u0107anje, na kojemu je, kao i uvijek, bilo \u017eustrih rasprava na &scaron;iroku lepezu tema u\u017ee i &scaron;ire vezanih uz rodnovjerje.\n<\/p>\n<p style=\"text-align: justify;\">\n\tNa koncu su odlu\u010dene i teme, lokacija i vrijeme odr\u017eavanja sljede\u0107eg Vije\u0107a, a jednoglasno je u Vije\u0107e primljena i nova organizacija iz \u010ce&scaron;ke republike, Slovansky kruh. Onisu ujedno i doma\u0107ini sljede\u0107eg Vije\u0107a, koje \u0107e se odr\u017eati u Pragu, u srpnju mjesecu 2016. godine.\n<\/p>\n<p style=\"text-align: justify;\">\n\tKrajem prvog i drugog dana odr\u017eani su koncerti glazbenih skupina Batista i Vedun, te Gita-Eleonora, \u010diji se glazbeni repertoar kretao od &scaron;amanskih preko narodnih do povijesnih tema i glazbenih ostvarenja.\n<\/p>\n<p style=\"text-align: center;\">\n\t<img loading=\"lazy\" decoding=\"async\" alt=\"vijece15-5\" class=\"aligncenter size-full wp-image-210\" height=\"322\" src=\"https:\/\/rodnovjerje.com.hr\/wp-content\/uploads\/2016\/03\/vijece15-5.jpg\" style=\"\" title=\"\" width=\"480\" srcset=\"https:\/\/rodnovjerje.com.hr\/wp-content\/uploads\/2016\/03\/vijece15-5.jpg 800w, https:\/\/rodnovjerje.com.hr\/wp-content\/uploads\/2016\/03\/vijece15-5-300x201.jpg 300w, https:\/\/rodnovjerje.com.hr\/wp-content\/uploads\/2016\/03\/vijece15-5-768x515.jpg 768w\" sizes=\"(max-width: 480px) 100vw, 480px\" \/>\n<\/p>\n<p style=\"text-align: center;\">\n\t&nbsp;\n<\/p>\n<p style=\"text-align: center;\">\n\t<img loading=\"lazy\" decoding=\"async\" alt=\"vijece15-6\" class=\"aligncenter size-full wp-image-211\" height=\"330\" src=\"https:\/\/rodnovjerje.com.hr\/wp-content\/uploads\/2016\/03\/vijece15-6.jpg\" style=\"\" title=\"\" width=\"493\" srcset=\"https:\/\/rodnovjerje.com.hr\/wp-content\/uploads\/2016\/03\/vijece15-6.jpg 800w, https:\/\/rodnovjerje.com.hr\/wp-content\/uploads\/2016\/03\/vijece15-6-300x201.jpg 300w, https:\/\/rodnovjerje.com.hr\/wp-content\/uploads\/2016\/03\/vijece15-6-768x515.jpg 768w\" sizes=\"(max-width: 493px) 100vw, 493px\" \/>\n<\/p>\n<p style=\"text-align: center;\">\n\t&nbsp;\n<\/p>\n<p style=\"text-align: justify;\">\n\t<strong>Slovenci pripremili \u010dak 2 obreda<\/strong>\n<\/p>\n<p style=\"text-align: justify;\">\n\tZadnji dan, u nedjelju 16. kolovoza, odr\u017ean je obred na temu kulta predaka i posve\u0107enja stare lipe, a zatim i odlazak na stari Ajdovski gradec u blizini Bohinjske Bistrice. Tamo je jo&scaron; jedan obred vodila volhinja dr. sc. Halina Zoreslava Lozko iz Kijeva. Konzumirala se doma\u0107e pripravljena hrana, a nakon obreda oti&scaron;lo se na ru\u010dak, gdje se uz odli\u010dnu hranu dru\u017eenje nastavilo sve do finalnog rastanka kasnije poslijepodne.\n<\/p>\n<p style=\"text-align: justify;\">\n\t&nbsp;\n<\/p>\n<p style=\"text-align: center;\">\n\t<img loading=\"lazy\" decoding=\"async\" alt=\"vijece15-7\" class=\"aligncenter size-full wp-image-206\" height=\"375\" src=\"https:\/\/rodnovjerje.com.hr\/wp-content\/uploads\/2016\/03\/vijece15-7.jpg\" style=\"\" title=\"\" width=\"560\" srcset=\"https:\/\/rodnovjerje.com.hr\/wp-content\/uploads\/2016\/03\/vijece15-7.jpg 800w, https:\/\/rodnovjerje.com.hr\/wp-content\/uploads\/2016\/03\/vijece15-7-300x201.jpg 300w, https:\/\/rodnovjerje.com.hr\/wp-content\/uploads\/2016\/03\/vijece15-7-768x515.jpg 768w\" sizes=\"(max-width: 560px) 100vw, 560px\" \/>\n<\/p>\n<p style=\"text-align: justify;\">\n\t&nbsp;\n<\/p>\n<p style=\"text-align: justify;\">\n\tObavezno pratite <a href=\"http:\/\/www.rodnovjerje.com.hr\/rodovid.html\">RODOVID<\/a> &#8211; slu\u017ebene stranice Vije\u0107a na hrvatskom jeziku, koje mo\u017eete na\u0107i upravo <a href=\"http:\/\/www.rodnovjerje.com.hr\/rodovid.html\">tu na na&scaron;oj stranici<\/a>. Osim slu\u017ebenih dokumenata vije\u0107a, <strong>koji \u0107e uskoro biti objavljeni<\/strong>, na\u0107i \u0107ete i mnoge druge sadr\u017eaje vezane uz sam rad Slavenskog rodnovjernog Vije\u0107a.<\/p>\n","protected":false},"excerpt":{"rendered":"<p>U razdoblju od 14. do 16. kolovoza odr\u017eano je 12. Slavensko rodnovjerno vije\u0107e u Ljubljani. Doma\u0107ini vije\u0107a bili su \u010dlanovi Dru&scaron;tvo Staroverci i Staroslavov hram: akademija staroverskih obrednih praks (Slovenija). &nbsp; &nbsp; &nbsp; Pi&scaron;e: Svetoslav, HR\u017d Perunica Na ovom dvanaestom po redu Vije\u0107u sudjelovali su: Lug Velesa (Srbija), Rodna vira (\u010ce&scaron;ka), Slovansky kruh (\u010ce&scaron;ka), Vedy<\/p>\n<p class=\"more-link\"><a href=\"https:\/\/rodnovjerje.com.hr\/index.php\/2015\/08\/31\/12-slavensko-rodnovjerno-vijece-ljubljana-2015\/\" class=\"themebutton2\">READ MORE<\/a><\/p>\n","protected":false},"author":2,"featured_media":205,"comment_status":"open","ping_status":"open","sticky":false,"template":"","format":"standard","meta":{"footnotes":""},"categories":[2],"tags":[],"class_list":["post-204","post","type-post","status-publish","format-standard","has-post-thumbnail","hentry","category-vijesti"],"_links":{"self":[{"href":"https:\/\/rodnovjerje.com.hr\/index.php\/wp-json\/wp\/v2\/posts\/204","targetHints":{"allow":["GET"]}}],"collection":[{"href":"https:\/\/rodnovjerje.com.hr\/index.php\/wp-json\/wp\/v2\/posts"}],"about":[{"href":"https:\/\/rodnovjerje.com.hr\/index.php\/wp-json\/wp\/v2\/types\/post"}],"author":[{"embeddable":true,"href":"https:\/\/rodnovjerje.com.hr\/index.php\/wp-json\/wp\/v2\/users\/2"}],"replies":[{"embeddable":true,"href":"https:\/\/rodnovjerje.com.hr\/index.php\/wp-json\/wp\/v2\/comments?post=204"}],"version-history":[{"count":4,"href":"https:\/\/rodnovjerje.com.hr\/index.php\/wp-json\/wp\/v2\/posts\/204\/revisions"}],"predecessor-version":[{"id":215,"href":"https:\/\/rodnovjerje.com.hr\/index.php\/wp-json\/wp\/v2\/posts\/204\/revisions\/215"}],"wp:featuredmedia":[{"embeddable":true,"href":"https:\/\/rodnovjerje.com.hr\/index.php\/wp-json\/wp\/v2\/media\/205"}],"wp:attachment":[{"href":"https:\/\/rodnovjerje.com.hr\/index.php\/wp-json\/wp\/v2\/media?parent=204"}],"wp:term":[{"taxonomy":"category","embeddable":true,"href":"https:\/\/rodnovjerje.com.hr\/index.php\/wp-json\/wp\/v2\/categories?post=204"},{"taxonomy":"post_tag","embeddable":true,"href":"https:\/\/rodnovjerje.com.hr\/index.php\/wp-json\/wp\/v2\/tags?post=204"}],"curies":[{"name":"wp","href":"https:\/\/api.w.org\/{rel}","templated":true}]}}