{"id":181,"date":"2015-09-08T10:15:05","date_gmt":"2015-09-08T08:15:05","guid":{"rendered":"http:\/\/rodnovjerje.com.hr\/?p=181"},"modified":"2016-03-05T10:23:29","modified_gmt":"2016-03-05T09:23:29","slug":"zrc-ziemislaw-grzegorzewic-bez-djece-rodnovjerje-nema-buducnost","status":"publish","type":"post","link":"https:\/\/rodnovjerje.com.hr\/index.php\/2015\/09\/08\/zrc-ziemislaw-grzegorzewic-bez-djece-rodnovjerje-nema-buducnost\/","title":{"rendered":"\u017erc. ZIEMIS\u0141AW GRZEGORZEWIC: Bez djece rodnovjerje nema budu\u0107nost"},"content":{"rendered":"<p style=\"text-align: justify;\">\n\t<strong>Ovoga tjedna upoznajemo vas sa \u017erecom Ziemis\u0142awom, voditeljom i idejnim za\u010detnikom poljske <a href=\"https:\/\/www.facebook.com\/StowarzyszenieKolomir\">zajednice Ko\u0142omir<\/a>, talentiranim glazbenikom i autorom knjige &laquo;Vjera, Zemlja, Obitelj&raquo;.<\/strong>\n<\/p>\n<p style=\"text-align: justify;\">\n\t&nbsp;\n<\/p>\n<p style=\"text-align: justify;\">\n\t&nbsp;\n<\/p>\n<p style=\"text-align: center;\">\n\t<img fetchpriority=\"high\" decoding=\"async\" alt=\"cl16-3\" class=\"aligncenter size-large wp-image-184\" height=\"566\" src=\"https:\/\/rodnovjerje.com.hr\/wp-content\/uploads\/2016\/03\/cl16-3-694x1024.jpg\" style=\"\" title=\"\" width=\"384\" srcset=\"https:\/\/rodnovjerje.com.hr\/wp-content\/uploads\/2016\/03\/cl16-3-694x1024.jpg 694w, https:\/\/rodnovjerje.com.hr\/wp-content\/uploads\/2016\/03\/cl16-3-203x300.jpg 203w, https:\/\/rodnovjerje.com.hr\/wp-content\/uploads\/2016\/03\/cl16-3.jpg 763w\" sizes=\"(max-width: 384px) 100vw, 384px\" \/>\n<\/p>\n<p style=\"text-align: justify;\">\n\t&nbsp;\n<\/p>\n<p style=\"text-align: justify;\">\n\t<strong>Pi&scaron;e: Svetoslav, HR\u017d Perunica<\/strong>\n<\/p>\n<p style=\"text-align: justify;\">\n\t<strong>Slava rodnim Bogovima, pozdrav Ziemis\u0142awe! Reci mi kao prvo ne&scaron;to kratko o sebi, kako bi \u010ditatelje upoznali sa sugovornikom.<\/strong><br \/>\n\t&#8211; Dobar dan, ja sam Ziemis\u0142aw, \u017erec sam u zajednici <a href=\"https:\/\/www.facebook.com\/StowarzyszenieKolomir\">Ko\u0142omir<\/a>.Tako\u0111er sam autor knjige &laquo;Vjera, Zemlja, Obitelj&raquo; (<em>Wiara, Ziemia, Rodzina<\/em>), objavljene 2014 godine, te sam amaterski glazbenik. Rodnovjerje me zanima ve\u0107 od 2005. godine, a 2009. godine sam po\u010deo praksu kao \u017erec, ili bolje re\u010deno &ndash; u\u010denje za \u017ereca. Od tada organiziram proslave slavenskih rodnovjernih blagdana, 7 puta godi&scaron;nje, sve do danas. Tako\u0111er trenutno dovr&scaron;avam drugu knjigu, te pi&scaron;em povremeno za portal <a href=\"http:\/\/duchtynia.pl\/\">duchtynia.pl<\/a>, duhovnu inicijativu koju smo pokrenuli moj prijatelj Dragomir i ja.\n<\/p>\n<p style=\"text-align: justify;\">\n\t<strong>Sad kada znamo s kim pri\u010damo, reci nam neke osnovne podatke o udruzi Ko\u0142omir (pol. <em><a href=\"https:\/\/www.facebook.com\/StowarzyszenieKolomir\">Stowarzyszenie Ko\u0142omir<\/a><\/em>), kako i kada ste nastali, nalazite li uzore u drugim rodnovjernim organizacijama slavenskoga svijeta?<\/strong><br \/>\n\t&#8211; Udruga je 2009. godine po\u010dela djelovati kao neformalna zajednica. Tada nitko, uklju\u010duju\u0107i i mene, nije znao &scaron;to o\u010dekivati i koji put je pred nama. Zajednica se sastojala od nekolicine prijatelja, koji su, ve\u0107inom, imali malo znanja o putu na&scaron;ih predaka. No, svi smo u\u010dili, vje\u017ebali i razvijali se.2011. godine zajednica je slu\u017ebeno postala udruga. Tijekom sljede\u0107ih godina pove\u0107ao se je broj sudionika i s obzirom da su na&scaron;i doga\u0111aji &#39;otvorenog tipa&#39; ljudi dolaze i odlaze, ali ona &laquo;sr\u017e&raquo;,&scaron;a\u010dica stalnih \u010dlanova je uvijek tu. U 2014. Godini broj sudionika na obredima je sko\u010dio za skoro 100%. Organiziramo godi&scaron;nje sedam proslava blagdana: Badnjak (<em>Szczodre Gody<\/em>) koji ozna\u010dava po\u010detak godi&scaron;njega kruga, Velju no\u0107 (<em>Jare Gody<\/em>), Jarilovo (<em>\u015awi\u0119to Jarowita<\/em> ili <em>Maik &ndash; <\/em>u doslovnom prijevodu<em> &#39;svibanj\u010di\u0107&#39;<\/em>), Kupala (<em>Kupa\u0142a<\/em>), Perundan (<em>\u015awi\u0119to Peruna<\/em>), Plodovi (<em>Do\u017cynki<\/em>) i Djedove (<em>Dziady<\/em>). Ne znam imamo li ba&scaron; uzore, ostali smo prili\u010dno izolirani od ostalih rodnovjeraca u Poljskoj, uvijek smo i&scaron;li nekim svojim putem. Naravno, slijedimo sli\u010dne pokrete iz svih slavenskih (ali i drugih indoeuropskih) zemalja koje nas donekle nadahnjuju.\n<\/p>\n<p style=\"text-align: justify;\">\n\t&nbsp;\n<\/p>\n<p style=\"text-align: center;\">\n\t<img decoding=\"async\" alt=\"cl16-5\" class=\"aligncenter size-large wp-image-185\" height=\"645\" src=\"https:\/\/rodnovjerje.com.hr\/wp-content\/uploads\/2016\/03\/cl16-5-711x1024.jpg\" style=\"\" title=\"\" width=\"448\" srcset=\"https:\/\/rodnovjerje.com.hr\/wp-content\/uploads\/2016\/03\/cl16-5-711x1024.jpg 711w, https:\/\/rodnovjerje.com.hr\/wp-content\/uploads\/2016\/03\/cl16-5-208x300.jpg 208w, https:\/\/rodnovjerje.com.hr\/wp-content\/uploads\/2016\/03\/cl16-5-768x1106.jpg 768w, https:\/\/rodnovjerje.com.hr\/wp-content\/uploads\/2016\/03\/cl16-5.jpg 1422w\" sizes=\"(max-width: 448px) 100vw, 448px\" \/>\n<\/p>\n<p style=\"text-align: justify;\">\n\t&nbsp;\n<\/p>\n<p style=\"text-align: justify;\">\n\t<strong>Sura\u0111uje li va&scaron;a udruga sa drugim, sli\u010dnim organizacijama u Poljskoj i inozemstvu?<\/strong><br \/>\n\t&#8211; Vrlo rijetko odr\u017eavamo kontakt sa drugim organizacijama i individualcima iz Poljske i drugih slavenskih zemalja. Ove godine smo moj prijatelj i ja sudjelovali u 3. Poljskom rodnovjernom vije\u0107u koje je okupilo predstavnike gotovo svih rodnovjernih organizacija iz Poljske. Jedan dio tih zajednica ove godine je uspostavio Savez, koji \u0107e predstavljati interese rodnovjernih u ve\u0107em opsegu.\n<\/p>\n<p style=\"text-align: justify;\">\n\t<strong>Kako gleda&scaron; (i gledate) na rodnovjerje? Shva\u0107ate li rodnovjerje vi&scaron;e kao svjetonazor, o\u010duvanje tradicije i kulture ili kao vjeru i duhovnost u pravom smislu tih rije\u010di?<\/strong><br \/>\n\tOboje. Vjera podrazumijeva postojanje nekakvoga svjetonazora te je duboko ukorijenjena u kulturi. U suvremenom rodnovjerju imamo jake elemente narodne kulture, koja zapravo jo&scaron; uvijek \u017eivi u ruralnim dijelovima Poljske. Ti elementi potje\u010du izravno od obi\u010daja i vjerovanja na&scaron;ih pretkr&scaron;\u0107anskih pradjedova i imaju duboko duhovno zna\u010denje. Mi upra\u017enjavamo mnoge od njih te tako, u nekoj mjeri, radimo na njihovom o\u010duvanju. Oni su na&scaron;li svoju ulogu u na&scaron;oj duhovnosti kao dio na&scaron;ih obreda. Dakle, jedno drugo nadopunjuje. Ako pita&scaron; smatramo li svoja vjerovanja simboli\u010dkim, kao &scaron;to to shva\u0107a jako puno takozvanih rodnovjeraca, odgovor je ne. Rodna vjera se je razvijala sa ljudima, odre\u0111uju\u0107i njihov svjetonazor, ali se tako\u0111er rodilo iz njihovog na\u010dina gledanja na stvari. Dakle, za primjer, zamisao kako je sunce od grumena zlata iskovao nebeski kova\u010d Svarog svakako je metafora, <strong>ALI <\/strong>mi vjerujemo da takav Bog postoji i da je sudjelovao u stvaranju na&scaron;e zvijezde (ali tako\u0111er i drugih). Dakle, mi ne mislimo da se je to kovanje dogodilo doslovno, nego je prije nastala procesima koje obja&scaron;njava suvremena znanost. Danas razumijemo kako se zvijezde ra\u0111aju. Na&scaron;i djedovi su posjedovali jednaku mudrost, samo su sve to razumijeli na jedan vi&scaron;e mitolo&scaron;ki, poetski na\u010din. Drugim rije\u010dima, vjerujemo da su zakoni stvaranja postavljeni od strane bo\u017eanske inteligencije, imenom Bog &ndash; Svarog. Stoga da, on je iskovao na&scaron;e Sunce. Suvremeno rodnovjerje i znanost se sla\u017eu na bezbroj razina, samo &scaron;to mi razumijemo da su Bogovi prava bi\u0107a i da tako slo\u017een mehanizam kao &scaron;to je svemir nemo\u017ee nastati slu\u010dajno te da su procesi koji se u njemu javljaju posljedica zakona postavljenih od vi&scaron;ih bi\u0107a. No u svakodnevnom \u017eivotu ne razmi&scaron;ljamo previ&scaron;e o tome. Jednostavno slavimo Bogove i prirodu kakvi jesu, ni vi&scaron;e &ndash; ni manje. Razmatranje prave prirode i sr\u017ei svemira je nebeski put, ali vjerovatno \u0107emo ga svi iskusiti kada nam vrijeme do\u0111e. Ljudi smo, gledamo stvari na ljudski na\u010din, sa za\u010dinom romantizma, da se tako izrazim. I svi ljudi trebaju kontakt sa Bogovima, na ovaj ili onaj na\u010din.\n<\/p>\n<p style=\"text-align: justify;\">\n\t&nbsp;\n<\/p>\n<p style=\"text-align: center;\">\n\t<img decoding=\"async\" alt=\"cl16-6\" class=\"aligncenter size-full wp-image-186\" height=\"432\" src=\"https:\/\/rodnovjerje.com.hr\/wp-content\/uploads\/2016\/03\/cl16-6.jpg\" style=\"\" title=\"\" width=\"576\" srcset=\"https:\/\/rodnovjerje.com.hr\/wp-content\/uploads\/2016\/03\/cl16-6.jpg 960w, https:\/\/rodnovjerje.com.hr\/wp-content\/uploads\/2016\/03\/cl16-6-300x225.jpg 300w, https:\/\/rodnovjerje.com.hr\/wp-content\/uploads\/2016\/03\/cl16-6-768x576.jpg 768w\" sizes=\"(max-width: 576px) 100vw, 576px\" \/>\n<\/p>\n<p style=\"text-align: center;\">\n\t&nbsp;\n<\/p>\n<p style=\"text-align: justify;\">\n\t<strong>Koliko se \u010desto va&scaron;a udruga nalazi? Imate li tjedne skupove ili se nalazite samo na blagdane? Kad smo kod blagdana, koje blagdane slavite?<\/strong><br \/>\n\t&#8211; Kao zajednica se uglavnom nalazimo na blagdane, s obzirom da mnogi od nas \u017eive na velikim razdaljinama. I kao &scaron;to sam rekao i ranije, slavimo 7 blagdana tijekom godine: Badnjak (<em>Szczodre Gody<\/em>) koji ozna\u010dava po\u010detak godi&scaron;njega kruga, Velju no\u0107 (<em>Jare Gody<\/em>), Jarilovo (<em>\u015awi\u0119to Jarowita<\/em> ili <em>Maik &ndash; <\/em>u doslovnom prijevodu<em> &#39;svibanj\u010di\u0107&#39;<\/em>), Kupala (<em>Kupa\u0142a<\/em>), Perundan (<em>\u015awi\u0119to Peruna<\/em>), Plodovi (<em>Do\u017cynki<\/em>) i Djedove (<em>Dziady<\/em>). Svi se oni sastoje od narodnih obi\u010daja, obreda i objeda nakon, tako da imaju i vjersku i dru&scaron;tvenu va\u017enost. Zapravo, znamo se toliko dugo samo postali ve\u0107 kao obitelj. Ljudi su tako\u0111er voljni putovati iz daleka kako bi nam se pridru\u017eili uz sveti oganj, iako postoje druge rodnovjerne zajednice u njihovoj blizini. 2014. godine smo pro&scaron;irili na&scaron;u zajednicu te su nam se na obredima pridru\u017eili mnogi ljudi izvan na&scaron;e male sredine. Vidjet \u0107emo &scaron;to nam donosi budu\u0107nost.\n<\/p>\n<p style=\"text-align: justify;\">\n\t<strong>Koje je tvoje shva\u0107anje Bo\u017eanskoga svijeta? &Scaron;to su Bogovi za tebe?<\/strong><br \/>\n\t&#8211; Djelomi\u010dno sam na to pitanje odgovorio i ranije, ali razradit \u0107u to malo vi&scaron;e. Vjerujemo &ndash; ili razumijemo, to je bolja rije\u010d, da su Bogovi prava bi\u0107a. Samo su &laquo;preveliki&raquo;, pre bo\u017eanski da bi mi shvatili njihovu prirodu ispravno na&scaron;im &#39;zemaljskim glavama&#39;. Na&scaron;i preci prikazivali su Peruna kao ratnika sa sjekirom i l&ucirc;kom. To je vizija koju su oni mogli razumijeti. Mo\u017eda im je Bog to otkrio na taj na\u010din. Ali, naravno, mi ne vjerujemo da je On zaista nekakav ratnik, koji sjedi na oblaku, zar ne? Takav prikaz nam samo poma\u017ee da ga razumijemo, da ga pribli\u017eimo. Smatramo Peruna odgovornim za neke zakone, procese u svemiru. Bila je i jest Njegova volja uspostaviti i izvr&scaron;iti ih, a mi se moramo pod\u010diniti, jer smo samo dio ovoga svijeta. Stoga, da zaklju\u010dim, smatramo Bogove tvorcima i &laquo;administratorima&raquo; svemira, skupa sa njegovim zakonima. Ti zakoni tako\u0111er utje\u010du na \u017eivote, moral i etiku ljudi. Bogovi su tako slo\u017eene prirode, da im se mo\u017eemo pribli\u017eiti isklju\u010divo upra\u017enjavaju\u0107i na&scaron;u vjeru, tako postaju\u0107i sve vi&scaron;e i vi&scaron;e jedno s prirodom. Htio bih izbje\u0107i da ovo sve skupa zvu\u010di kao neke ezoteri\u010dne new age gluposti, ali sve je tako jednostavno i prirodno da mi je jednostavno te&scaron;ko na\u0107i prave rije\u010di kako bih to opisao.\n<\/p>\n<p style=\"text-align: center;\">\n\t<img loading=\"lazy\" decoding=\"async\" alt=\"cl16-7\" class=\"aligncenter size-full wp-image-187\" height=\"461\" src=\"https:\/\/rodnovjerje.com.hr\/wp-content\/uploads\/2016\/03\/cl16-7.jpg\" style=\"\" title=\"\" width=\"382\" srcset=\"https:\/\/rodnovjerje.com.hr\/wp-content\/uploads\/2016\/03\/cl16-7.jpg 796w, https:\/\/rodnovjerje.com.hr\/wp-content\/uploads\/2016\/03\/cl16-7-249x300.jpg 249w, https:\/\/rodnovjerje.com.hr\/wp-content\/uploads\/2016\/03\/cl16-7-768x926.jpg 768w\" sizes=\"(max-width: 382px) 100vw, 382px\" \/>\n<\/p>\n<p style=\"text-align: center;\">\n\t&nbsp;\n<\/p>\n<p style=\"text-align: justify;\">\n\t<strong>Rodnovjerje i politika?<\/strong><br \/>\n\t<em>&#8211;<\/em>Politika je bitna. Postoji izreka: \u010dak i ako te politika ne zanima, ti zanima&scaron; nju. Danas je mnogo uznemiruju\u0107ih doga\u0111aja i procesa u tijeku, koji izravno utje\u010du na dragocijene vrijednosti rodnovjeraca: obitelj, narod, tradicija, vjera. Zapravo je ve\u0107i dio (posebno zapadnog) svijeta na putu da uni&scaron;ti ove \u010diste i istinske vrijednosti, stoga je bitno da rodnovjerni imaju svoj glas. Sa druge strane, mnoga politi\u010dka pitanja podijelila bi rodnovjerne razli\u010ditih narodnosti. No dobro, to je sasvim prirodno, a mi bi tada trebali tra\u017eiti rije&scaron;enja.\n<\/p>\n<p style=\"text-align: justify;\">\n\t<strong>Spomenuo si Bogove &ndash; Svaroga i Peruna. Koji se to Bogovi nalaze u va&scaron;em &#39;panteonu&#39;?<\/strong><br \/>\n\t&#8211; Slavimo Svaroga, Svaro\u017ei\u0107a, Peruna, Velesa, Moko&scaron;, Ladu, Da\u017eboga, Jarila, povremeno i druge Bogove (Rod,Hors, Morana), a osobno \u010desto razmi&scaron;ljam i o onima \u010dija su imena zaboravljena. Vjerovatno ih je bezbroj&#8230;\n<\/p>\n<p style=\"text-align: justify;\">\n\t&nbsp;\n<\/p>\n<p style=\"text-align: justify;\">\n\t<img loading=\"lazy\" decoding=\"async\" alt=\"cl16-8\" class=\"aligncenter size-large wp-image-188\" height=\"877\" src=\"https:\/\/rodnovjerje.com.hr\/wp-content\/uploads\/2016\/03\/cl16-8-747x1024.jpg\" width=\"640\" srcset=\"https:\/\/rodnovjerje.com.hr\/wp-content\/uploads\/2016\/03\/cl16-8-747x1024.jpg 747w, https:\/\/rodnovjerje.com.hr\/wp-content\/uploads\/2016\/03\/cl16-8-219x300.jpg 219w, https:\/\/rodnovjerje.com.hr\/wp-content\/uploads\/2016\/03\/cl16-8-768x1052.jpg 768w, https:\/\/rodnovjerje.com.hr\/wp-content\/uploads\/2016\/03\/cl16-8.jpg 1121w\" sizes=\"(max-width: 640px) 100vw, 640px\" \/>\n<\/p>\n<p style=\"text-align: justify;\">\n\t&nbsp;\n<\/p>\n<p style=\"text-align: justify;\">\n\t<strong>Vjerujete li u taj panteon Bogova ili jednoga (vrhovnog) Boga, \u010dije su ostali Bogovi samo lice i aspekti?<\/strong><br \/>\n\t&#8211; Mislim da \u010dovjek ne mo\u017ee odgovoriti na ovakvo pitanje. Mislimo da pravu prirodu Bogova jednostavno ne mo\u017eemo razumjeti, mi samo mo\u017eemo vidjeti i razumjeti onaj dio kojeg nam oni otkrivaju. Mi smo mnogobo&scaron;ci, tako da da, slavimo mno&scaron;tvo Bogova, ali tko mi\u017ee re\u0107i zasigurno jesu li oni posve odvojeni ili lica jednog apsoluta. A mo\u017eda su ta lica jednoga istovremeno odvojena bi\u0107a? Mo\u017ee li se i&scaron;ta re\u0107i sa sigurno&scaron;\u0107u? Perun je mnog, ka\u017ee izreka &ndash; ali jesu li njegove pojave odvojena bi\u0107a ili njegov identitet, ili pak njegove maske? Ili mo\u017eda je na&scaron;e shva\u0107anje potpuno pogre&scaron;no? Mislim da tu jednostavno treba stati. Bogovi su ono &scaron;to jesu. Vjerovatno \u0107emo ih svi jednoga dana sresti, kada nam do\u0111e vrijeme.\n<\/p>\n<p style=\"text-align: justify;\">\n\t<strong>Rekao si na po\u010detku da si napisao knjigu, &bdquo;<a href=\"http:\/\/duchtynia.pl\/2015\/06\/ksiazka-wiara-ziemia-rodzina-ziemislawa-grzegorzewica-jako-e-book\/\">Wiara, Ziemia, Rodzina<\/a>&ldquo;. O \u010demu se to\u010dno radi?<\/strong><br \/>\n\t&#8211; Knjiga pokriva temelje rodnovjernog svjetonazora, prakse, obreda i sl. Imamo jako malo literature o tome ovdje, pa sam \u017eelio napisati knjigu koja \u0107e biti alat jednostavnog pristupa za po\u010detnike, ali i vrijedan \u010ditanja onim iskusnijim vjernicima. Tiskali smo samo dvjestotinjak komada, koji su prodani na licu mjesta. Nakon toga knjigu smo dijelili digitalnim putem. Ove, ili po\u010detkom idu\u0107e godine planiramo napraviti drugo izdanje, ali prvo je na redu nova knjiga na kojoj trenutno radim. Detalji \u0107e biti na <a href=\"https:\/\/www.facebook.com\/StowarzyszenieKolomir\">na&scaron;oj Facebook stranici<\/a>, kada tome bude vrijeme.\n<\/p>\n<p style=\"text-align: justify;\">\n\t&nbsp;\n<\/p>\n<p style=\"text-align: justify;\">\n\t<img loading=\"lazy\" decoding=\"async\" alt=\"cl16-2\" class=\"aligncenter size-full wp-image-189\" height=\"500\" src=\"https:\/\/rodnovjerje.com.hr\/wp-content\/uploads\/2016\/03\/cl16-2.jpg\" width=\"352\" srcset=\"https:\/\/rodnovjerje.com.hr\/wp-content\/uploads\/2016\/03\/cl16-2.jpg 352w, https:\/\/rodnovjerje.com.hr\/wp-content\/uploads\/2016\/03\/cl16-2-211x300.jpg 211w\" sizes=\"(max-width: 352px) 100vw, 352px\" \/>\n<\/p>\n<p style=\"text-align: justify;\">\n\t&nbsp;\n<\/p>\n<p style=\"text-align: justify;\">\n\t<strong>Koristi&scaron; ime &laquo;Ziemis\u0142aw&raquo;. Reci mi, radi li se o inicijacijskom imenu, ili si to samo tako odabrao kao duhovno ime. Za&scaron;to Ziemis\u0142aw? <\/strong><br \/>\n\t&#8211; Ne, to je samo nadimak, kojeg sam u prvom planu odabrao kao pseudonim za pisanje ali i kontakte sa rodnovjernom zajednicom.&nbsp; Nisam previ&scaron;e sklon &laquo;inicijacijskim imenima&raquo; i glupim nadimcima koje mnogi, \u010dini mi se, obo\u017eavaju i previ&scaron;e. Ve\u0107 imam svoje ime, ime koje mi je otac dao, dovoljno je &laquo;iniciraju\u0107e&raquo;. Iako mi se mo\u017eda ne svi\u0111a, iako meni mo\u017eda nema nikakvo posebno zna\u010denje, ipak bih to trebao po&scaron;tovati, to je odluka mojega oca &ndash; zar ne? Jer znam, za njega je to ime imalo odre\u0111enu vrijednost, kao &scaron;to ime mojega sina zna\u010di meni. Uglavnom, odabrao sam Ziemis\u0142aw kao &#39;potpis&#39; koji \u0107e me predstavljati u rodnovjernom svijetu. Naravno, ima zna\u010denje: onaj koji slavi svoju zemlju. Ili, onaj koji potje\u010de iz slavne zemlje. Drugi dio, Grzegorzewic, jednostavno je patronim. Ali, kao &scaron;to rekoh, u \u017eivotu vi&scaron;e volim koristiti svoje pravo ime.\n<\/p>\n<p style=\"text-align: justify;\">\n\t&nbsp;\n<\/p>\n<p style=\"text-align: center;\">\n\t<img loading=\"lazy\" decoding=\"async\" alt=\"cl16-4s\" class=\"aligncenter size-full wp-image-191\" height=\"673\" src=\"https:\/\/rodnovjerje.com.hr\/wp-content\/uploads\/2016\/03\/cl16-4s.jpg\" style=\"\" title=\"\" width=\"448\" srcset=\"https:\/\/rodnovjerje.com.hr\/wp-content\/uploads\/2016\/03\/cl16-4s.jpg 640w, https:\/\/rodnovjerje.com.hr\/wp-content\/uploads\/2016\/03\/cl16-4s-200x300.jpg 200w\" sizes=\"(max-width: 448px) 100vw, 448px\" \/>\n<\/p>\n<p style=\"text-align: justify;\">\n\t&nbsp;\n<\/p>\n<p style=\"text-align: justify;\">\n\t<strong>Pribli\u017eavamo se i kraju intervjua, pa nekoliko pitanja o dolaze\u0107im vremenima. Kako vidi&scaron; budu\u0107nost rodnovjerja u va&scaron;oj zajednici i op\u0107enito Poljskoj?<\/strong><br \/>\n\t&#8211; Postoje dobre inicijative i jaki ljudi, koji \u010dine jako puno za razvoj na&scaron;ega pokreta. Ali cijela sredina je zapravo jo&scaron; uvijek jako, jako malena. Tako\u0111er, jako malen broj rodnovjernih tu ima djecu. A bez njih nema budu\u0107nosti, niza&scaron;to. Mo\u017eda grije&scaron;im, ali meni se \u010dini da mali broj kvantitativno ne zna\u010di obavezno da je zajednica i kvalitetna. &Scaron;to se ti\u010de na&scaron;e zajednice &#8211; vrijeme \u0107e isprobati sve, uklju\u010duju\u0107i i nas. Vidjet \u0107emo u nadolaze\u0107im godinama tko je na&scaron;ao put i je li to put na&scaron;ih predaka. Jedno je sigurno: Ja \u0107u zadr\u017eati vatre plam. A ukoliko se neki ljudi odlu\u010de vratiti za nekoliko godina, odluka je samo njihova. Oni su uvijek dobrodo&scaron;li i uvijek \u0107e biti. Vatra \u0107e uvijek gorijeti za njih, kao i za sve nove, tako\u0111er.\n<\/p>\n<p style=\"text-align: justify;\">\n\t<strong>Koji su, po tvom vi\u0111enju, problemi sa kojima se rodnovjerje suo\u010dava u budu\u0107nosti? <\/strong><br \/>\n\t&#8211; Demografija, svakako. Kao &scaron;to sam napisao i gore, mi gotovo pa nemamo mla\u0111u generaciju. Naravno, dolaze novi ljudi svako malo, ali jako puno ih i odlazi. Ali DJECE ima jako malo. Na&scaron;a situacija je ne&scaron;to sli\u010dno onoj zoroastrijanaca u Iranu, samo daleko gora. Druga prijetnja mogao bi biti progon, ako odre\u0111eni procesi kojima smo danas svjedoci i dalje budu uznapredovali, vjerojatno znate na &scaron;to mislim. Tako\u0111er, s obzirom da je rodnovjerje &ndash; oprostite mi na izrazu &ndash; pomalo ekscentri\u010dan pokret, privla\u010di sve vrste \u010dudaka i ljudi koji rodnovjerje shva\u0107aju kao neku vrstu pubertetske tjeskobne pobune protiv kr&scaron;\u0107anstva, ni&scaron;ta vi&scaron;e. Oni su problem. Rekao bih da je previ&scaron;e ljudi koji bi, umjesto da grade svoje hramove, radije pljuvali po hramovima ostaljih. Rodnovjerju trebaju jake zajednice, sa\u010dinjene od ljudi koji znaju &scaron;to vjeruju i za&scaron;to, spremni braniti svoja vjerovanja i oja\u010dati svoje &#39;pleme&#39; &ndash; djecom koja su odgojena sasvim druga\u010dije, nego &scaron;to su njihovi roditelji odgajani. Za sada je to na \u017ealost samo subkultura. Kao takva, ne\u0107e napredovati. No, vidjet \u0107emo &scaron;to su bogovi pripremili za nas&#8230; Nisam ni optimisti\u010dan, nit&#39; pesimisti\u010dan. Svi mi moramo posaditi sjemenke i potruditi se da daju puno dobroga uroda. A jesmo li uspje&scaron;ni ili ne, to \u0107emo vidjeti u budu\u0107nosti.\n<\/p>\n<p style=\"text-align: justify;\">\n\t<strong>Zahvaljujem ti se puno na ovom ugodnom razgovoru. Bilo bi lijepo da nam za kraj, uz pozdrave, pokloni&scaron; neku poljsku mudru izreku, koju \u0107e \u010ditatelji dobiti na rastanku \ud83d\ude42&nbsp; <\/strong><br \/>\n\t&#8211; Hvala vam na interesu i zanimljivim pitanjima. Izreka? Izvoli! &laquo;Czego Wiosna nie zasia\u0142a, tego Jesie\u0144 nie urodzi&raquo; (<em>&Scaron;to prolje\u0107e nije zasadilo, to jesen ne\u0107e roditi<\/em>).\n<\/p>\n<p style=\"text-align: justify;\">\n\t&nbsp;\n<\/p>\n<p style=\"text-align: justify;\">\n\t<img loading=\"lazy\" decoding=\"async\" alt=\"cl16-9\" class=\"aligncenter size-large wp-image-183\" height=\"453\" src=\"https:\/\/rodnovjerje.com.hr\/wp-content\/uploads\/2016\/03\/cl16-9-1024x725.jpg\" width=\"640\" srcset=\"https:\/\/rodnovjerje.com.hr\/wp-content\/uploads\/2016\/03\/cl16-9-1024x725.jpg 1024w, https:\/\/rodnovjerje.com.hr\/wp-content\/uploads\/2016\/03\/cl16-9-300x212.jpg 300w, https:\/\/rodnovjerje.com.hr\/wp-content\/uploads\/2016\/03\/cl16-9-768x543.jpg 768w, https:\/\/rodnovjerje.com.hr\/wp-content\/uploads\/2016\/03\/cl16-9.jpg 2048w\" sizes=\"(max-width: 640px) 100vw, 640px\" \/>\n<\/p>\n<p style=\"text-align: justify;\">\n\t&nbsp;\n<\/p>\n<p style=\"text-align: justify;\">\n\t&nbsp;<\/p>\n","protected":false},"excerpt":{"rendered":"<p>Ovoga tjedna upoznajemo vas sa \u017erecom Ziemis\u0142awom, voditeljom i idejnim za\u010detnikom poljske zajednice Ko\u0142omir, talentiranim glazbenikom i autorom knjige &laquo;Vjera, Zemlja, Obitelj&raquo;. &nbsp; &nbsp; &nbsp; Pi&scaron;e: Svetoslav, HR\u017d Perunica Slava rodnim Bogovima, pozdrav Ziemis\u0142awe! Reci mi kao prvo ne&scaron;to kratko o sebi, kako bi \u010ditatelje upoznali sa sugovornikom. &#8211; Dobar dan, ja sam Ziemis\u0142aw, \u017erec<\/p>\n<p class=\"more-link\"><a href=\"https:\/\/rodnovjerje.com.hr\/index.php\/2015\/09\/08\/zrc-ziemislaw-grzegorzewic-bez-djece-rodnovjerje-nema-buducnost\/\" class=\"themebutton2\">READ MORE<\/a><\/p>\n","protected":false},"author":2,"featured_media":182,"comment_status":"open","ping_status":"open","sticky":false,"template":"","format":"standard","meta":{"footnotes":""},"categories":[7],"tags":[],"class_list":["post-181","post","type-post","status-publish","format-standard","has-post-thumbnail","hentry","category-razgovori"],"_links":{"self":[{"href":"https:\/\/rodnovjerje.com.hr\/index.php\/wp-json\/wp\/v2\/posts\/181","targetHints":{"allow":["GET"]}}],"collection":[{"href":"https:\/\/rodnovjerje.com.hr\/index.php\/wp-json\/wp\/v2\/posts"}],"about":[{"href":"https:\/\/rodnovjerje.com.hr\/index.php\/wp-json\/wp\/v2\/types\/post"}],"author":[{"embeddable":true,"href":"https:\/\/rodnovjerje.com.hr\/index.php\/wp-json\/wp\/v2\/users\/2"}],"replies":[{"embeddable":true,"href":"https:\/\/rodnovjerje.com.hr\/index.php\/wp-json\/wp\/v2\/comments?post=181"}],"version-history":[{"count":5,"href":"https:\/\/rodnovjerje.com.hr\/index.php\/wp-json\/wp\/v2\/posts\/181\/revisions"}],"predecessor-version":[{"id":196,"href":"https:\/\/rodnovjerje.com.hr\/index.php\/wp-json\/wp\/v2\/posts\/181\/revisions\/196"}],"wp:featuredmedia":[{"embeddable":true,"href":"https:\/\/rodnovjerje.com.hr\/index.php\/wp-json\/wp\/v2\/media\/182"}],"wp:attachment":[{"href":"https:\/\/rodnovjerje.com.hr\/index.php\/wp-json\/wp\/v2\/media?parent=181"}],"wp:term":[{"taxonomy":"category","embeddable":true,"href":"https:\/\/rodnovjerje.com.hr\/index.php\/wp-json\/wp\/v2\/categories?post=181"},{"taxonomy":"post_tag","embeddable":true,"href":"https:\/\/rodnovjerje.com.hr\/index.php\/wp-json\/wp\/v2\/tags?post=181"}],"curies":[{"name":"wp","href":"https:\/\/api.w.org\/{rel}","templated":true}]}}