{"id":1537,"date":"2024-05-03T08:40:40","date_gmt":"2024-05-03T06:40:40","guid":{"rendered":"http:\/\/rodnovjerje.com.hr\/?p=1537"},"modified":"2025-01-14T10:31:29","modified_gmt":"2025-01-14T09:31:29","slug":"jarilovo-volnoslava","status":"publish","type":"post","link":"https:\/\/rodnovjerje.com.hr\/index.php\/2024\/05\/03\/jarilovo-volnoslava\/","title":{"rendered":"Jarilovo"},"content":{"rendered":"<p style=\"text-align: center;\"><span style=\"font-family: 'book antiqua', palatino, serif; font-size: 14pt; color: #b30000;\"><b><span style=\"font-family: 'book antiqua', palatino, serif;\"><span style=\"font-weight: 400;\"><img fetchpriority=\"high\" decoding=\"async\" class=\"alignnone wp-image-1344\" src=\"https:\/\/rodnovjerje.com.hr\/wp-content\/uploads\/2024\/02\/pejdz-2-660x59.jpg\" alt=\"\" width=\"839\" height=\"75\" srcset=\"https:\/\/rodnovjerje.com.hr\/wp-content\/uploads\/2024\/02\/pejdz-2-660x59.jpg 660w, https:\/\/rodnovjerje.com.hr\/wp-content\/uploads\/2024\/02\/pejdz-2-840x75.jpg 840w, https:\/\/rodnovjerje.com.hr\/wp-content\/uploads\/2024\/02\/pejdz-2-768x69.jpg 768w, https:\/\/rodnovjerje.com.hr\/wp-content\/uploads\/2024\/02\/pejdz-2-1536x138.jpg 1536w, https:\/\/rodnovjerje.com.hr\/wp-content\/uploads\/2024\/02\/pejdz-2-2048x184.jpg 2048w\" sizes=\"(max-width: 839px) 100vw, 839px\" \/><\/span><br \/>\n<\/span><\/b><\/span><\/p>\n<p style=\"text-align: center;\"><span style=\"font-size: 16pt; color: #ba0000;\"><span style=\"font-family: 'book antiqua', palatino, serif;\"><b><span style=\"font-family: 'book antiqua', palatino, serif;\">&#8220;Potucao se Jarilo po svem svijetu, polju je \u017eito rodio,<br \/>\nljudima djecu plodio.<br \/>\n<\/span>A gdje pak nogom, tamo \u017eito stogom, a kamo on gurne,<br \/>\ntamo se klas rascvate.&#8221;<br \/>\n<\/b><\/span><span style=\"font-size: 14pt;\">\u25c6<\/span><span style=\"font-family: 'book antiqua', palatino, serif;\"><b><br \/>\n<span style=\"font-size: 14pt;\">&#8220;\u0412\u0430\u043b\u0430\u0447\u044b\u0432\u0441\u044f \u042f\u0440\u044b\u043b\u043e \u043f\u0430 \u0443\u0441\u0435\u043c\u0443 \u0441\u0432\u0435\u0442\u0443, \u043f\u043e\u043b\u044e \u0436\u044b\u0442\u043e \u0440\u0430\u0434\u0437\u0438\u0432, \u043b\u044e\u0434\u0437\u044f\u043c \u0434\u0437\u0435\u0446\u0438 \u043f\u043b\u0430\u0434\u0437\u0438\u0432. <\/span><\/b><\/span><span style=\"font-family: 'book antiqua', palatino, serif; font-size: 14pt;\"><b><span style=\"font-family: 'book antiqua', palatino, serif;\">\u0410 \u0433\u0434\u0437\u0435 \u0436 \u043e\u043d \u043d\u0430\u0433\u043e\u044e, \u0442\u0430\u043c \u0436\u0438\u0442\u043e \u043a\u0430\u043f\u043e\u044e, \u0430 \u0433\u0434\u0437\u0435 \u0437\u043e\u043d \u043d\u0438 \u0437\u044b\u0440\u043d\u0435, \u0442\u0430\u043c \u043a\u043e\u043b\u0430\u0441 \u0437\u0430\u0446\u044c\u0432\u0438\u0446\u0435.&#8221;&nbsp; &nbsp;<span style=\"font-family: 'book antiqua', palatino, serif; color: #c94b4b; font-size: 10pt;\">(\u0418\u0432\u0430\u043d\u043e\u0432 &#8211; \u0422\u043e\u043f\u043e\u0440\u043e\u0432 1974, 181)<\/span><\/span><\/b><\/span><\/span><\/p>\n<p style=\"text-align: right;\"><span style=\"font-family: 'book antiqua', palatino, serif;\"><span style=\"font-weight: 400;\"><img fetchpriority=\"high\" decoding=\"async\" class=\"alignnone wp-image-1344\" src=\"https:\/\/rodnovjerje.com.hr\/wp-content\/uploads\/2024\/02\/pejdz-2-660x59.jpg\" alt=\"\" width=\"839\" height=\"75\" srcset=\"https:\/\/rodnovjerje.com.hr\/wp-content\/uploads\/2024\/02\/pejdz-2-660x59.jpg 660w, https:\/\/rodnovjerje.com.hr\/wp-content\/uploads\/2024\/02\/pejdz-2-840x75.jpg 840w, https:\/\/rodnovjerje.com.hr\/wp-content\/uploads\/2024\/02\/pejdz-2-768x69.jpg 768w, https:\/\/rodnovjerje.com.hr\/wp-content\/uploads\/2024\/02\/pejdz-2-1536x138.jpg 1536w, https:\/\/rodnovjerje.com.hr\/wp-content\/uploads\/2024\/02\/pejdz-2-2048x184.jpg 2048w\" sizes=\"(max-width: 839px) 100vw, 839px\" \/><\/span><\/span><\/p>\n<p style=\"text-align: center;\"><span style=\"color: #c70000; font-size: 30pt;\"><strong><span style=\"font-family: 'book antiqua', palatino, serif;\"><span style=\"font-size: 16pt; color: #ba0000;\"><span style=\"font-size: 14pt;\">\u25c6&nbsp; <\/span><\/span><span style=\"color: #000000;\">Jarylo i Jarilov dan<\/span> <span style=\"font-size: 16pt; color: #ba0000;\"><span style=\"font-size: 14pt;\">\u25c6<\/span><\/span><\/span><\/strong><\/span><\/p>\n<p><span style=\"font-family: 'book antiqua', palatino, serif; color: #000000;\"><span style=\"font-weight: 400;\">Navedenim su stihovima djevojke oki\u0107ene vijencima od proljetnog cvije\u0107a zapo\u010dinjale pjesme pjevane uz vo\u0111enje kola, bilo u selu ili na zasijanoj njivi. Mitsko se doga\u0111anje o\u017eivljavalo obredom za poticanje plodnosti polja.<br \/>\n<\/span><\/span><span style=\"font-weight: 400; font-family: 'book antiqua', palatino, serif; color: #000000;\">On je zapo\u010dinjao tako \u0161to se djevojku obla\u010dilo i opremalo kao Jarila, posjedalo na bijelog konja kojega se zatim privezivalo na sto\u017eer zaboden u polje. U pratnju su tada dolazile spomenute raspjevane djevojke.<br \/>\n<\/span><span style=\"font-family: 'book antiqua', palatino, serif; color: #000000;\"><span style=\"font-weight: 400;\">Bo\u017eanski <\/span><b>Jarilo <\/b><span style=\"font-weight: 400;\">u ovome je obredu zami\u0161ljen kao<\/span><b> sjajan mladi\u0107 u bijeloj halji \u0161to zra\u010di svje\u017einom i snagom. Ja\u0161i na bijelom konju, a na glavi mu je vijenac od poljskog cvije\u0107a. U desnoj ruci nosi ljudsku glavu, a u lijevoj ra\u017eeno klasje. <\/b><span style=\"font-weight: 400;\">Klasje i vijenac ozna\u010davaju njegovu ulogu donositelja vegetacije. Ljudska glava pripada protivniku kojeg Jarilo obezglavljuje ma\u010dem.<br \/>\n<\/span><\/span><span style=\"font-family: 'book antiqua', palatino, serif; color: #000000;\"><span style=\"font-weight: 400;\">Rije\u010d je o bjeloruskom proljetnom obi\u010daju opisanom u prvoj polovici 19. stolje\u0107a &#8211; <\/span>proslavi Jarila <span style=\"font-weight: 400;\">27. travnja.<\/span><\/span><\/p>\n<p><span style=\"font-family: 'book antiqua', palatino, serif; color: #000000;\">&nbsp;<\/span><span style=\"font-family: 'book antiqua', palatino, serif; color: #000000;\"><span style=\"font-weight: 400;\">Jarilo i vala\u010dobnici (ophodnici, potucala) se potucaju. Svi oni <\/span><i><span style=\"font-weight: 400;\">hode<\/span><\/i><span style=\"font-weight: 400;\">, ba\u0161 kao i Juraj\/Jarilo koji polje i \u017eito<\/span><i><span style=\"font-weight: 400;\"> rodi<\/span><\/i><span style=\"font-weight: 400;\">:&nbsp;&nbsp;<\/span><\/span><\/p>\n<p style=\"text-align: center;\"><span style=\"color: #c70000; font-size: 14pt;\"><span style=\"font-family: 'book antiqua', palatino, serif;\">&nbsp;<\/span><span style=\"font-family: 'book antiqua', palatino, serif;\"><span style=\"font-weight: 400;\">\u201cK\u01ebda <\/span><span style=\"font-weight: 400;\">Jur\u044cj\u044c <\/span><b>hodit\u044c<\/b><span style=\"font-weight: 400;\">, t\u01ebda <\/span><b>pol\u2019e \u017eito<\/b> <b>rodit\u044c<\/b><span style=\"font-weight: 400;\">.\u201d<br \/>\n<\/span><\/span><span style=\"font-family: 'book antiqua', palatino, serif;\"><b>\u25aa<br \/>\n<\/b><\/span><span style=\"font-family: 'book antiqua', palatino, serif;\"><span style=\"font-weight: 400;\">\u201c<\/span><b>\u0412\u0430\u043b\u0430\u0447\u044b\u0432\u0441\u044f<\/b> <span style=\"font-weight: 400;\">\u042f\u0440\u044b\u043b\u043e<\/span><span style=\"font-weight: 400;\"> \u043f\u0430 \u0443\u0441\u0435\u043c\u0443 \u0441\u0432\u0435\u0442\u0443,<\/span><b> \u043f\u043e\u043b\u044e \u0436\u044b\u0442\u043e<\/b> <b>\u0440\u0430\u0434\u0437\u0438\u0432 <\/b><span style=\"font-weight: 400;\">(\u043b\u044e\u0434\u0437\u044f\u043c \u0434\u0437\u0435\u0446\u0438 \u043f\u043b\u0430\u0434\u0437\u0438\u0432). \u0410 \u0433\u0434\u0437\u0435 \u0436 \u043e\u043d \u043d\u0430\u0433\u043e\u044e, \u0442\u0430\u043c \u0436\u0438\u0442\u043e \u043a\u0430\u043f\u043e\u044e, \u0430 \u0433\u0434\u0437\u0435 \u0437\u043e\u043d \u043d\u0438 \u0437\u044b\u0440\u043d\u0435, \u0442\u0430\u043c \u043a\u043e\u043b\u0430\u0441 \u0437\u0430\u0446\u044c\u0432\u0438\u0446\u0435.\u201d<\/span><\/span><\/span><\/p>\n<p style=\"text-align: left;\"><span style=\"font-family: 'book antiqua', palatino, serif; color: #000000;\"><span style=\"color: #bf0404;\"><b>Ime <\/b><\/span><i><span style=\"font-weight: 400;\">Juraj <\/span><\/i><span style=\"font-weight: 400;\">(<\/span><span style=\"color: #bf0404;\"><b><i>Jur\u044cj\u044c<\/i><\/b><\/span><span style=\"font-weight: 400;\">) nije praslavenskog porijekla, ve\u0107 dolazi od gr\u010dkog kr\u0161\u0107anskog sveta\u010dkog imena <\/span><i><span style=\"font-weight: 400;\">Ge\u00f3rgios<\/span><\/i><span style=\"font-weight: 400;\">, glasovno prilago\u0111enog slavenskomu tek nakon pokr\u0161tavanja. Ipak, u stru\u010dnim se radovima (npr. R. Kati\u010di\u0107a) navodi jer se glasovnim podudarnostima pona\u0161a kao da jest praslavensko. U vrijeme kada je preuzeto, praslavenski je jezik u toj mjeri bio \u017eiva jezi\u010dna zbilja. Kada Juraj u prolje\u0107e (praslav. <\/span><i><span style=\"font-weight: 400;\">jar\u044c<\/span><\/i><span style=\"font-weight: 400;\">) izlazi iz Velesova svijeta, Vireja, on postaje <\/span><span style=\"color: #bf0404;\"><b><i>jar\u044c<\/i><\/b><\/span><i><span style=\"font-weight: 400;\">, <\/span><\/i><span style=\"color: #bf0404;\"><b><i>jar\u044cc\u044c <\/i><\/b><\/span><span style=\"font-weight: 400;\">(mladi divlji stvor). <\/span><i><span style=\"font-weight: 400;\">Jar\u044c<\/span><\/i><span style=\"font-weight: 400;\"> zna\u010di i \u2018gnjev\u2019, \u2018\u017eestina\u2019, \u2018mlada godina\u2019, \u2018ljeto\u2019, \u2018\u017ear\u2019. U bugarskom <\/span><i><span style=\"font-weight: 400;\">\u044f\u0440\u0438\u0446\u0430 <\/span><\/i><span style=\"font-weight: 400;\">ozna\u010dava mladu kozu koja jo\u0161 nije bila skotna. U slovenskom je <\/span><i><span style=\"font-weight: 400;\">jarica <\/span><\/i><span style=\"font-weight: 400;\">mlada koko\u0161, mlada ovca ili p\u0161enica zasijana toga prolje\u0107a.<br \/>\n<\/span><\/span><span style=\"font-family: 'book antiqua', palatino, serif; color: #000000;\"><span style=\"font-weight: 400;\">I voda se <\/span><i><span style=\"font-weight: 400;\">Jari<\/span><\/i><span style=\"font-weight: 400;\">\/<\/span><i><span style=\"font-weight: 400;\">iri<\/span><\/i><span style=\"font-weight: 400;\">, odnosno buja, kao i <\/span><i><span style=\"font-weight: 400;\">jara <\/span><\/i><span style=\"font-weight: 400;\">p\u0161enica u prolje\u0107u\/<\/span><i><span style=\"font-weight: 400;\">jaru<\/span><\/i><span style=\"font-weight: 400;\">. Voda koja <\/span><b>buja<\/b><span style=\"font-weight: 400;\">, <\/span><i><span style=\"font-weight: 400;\">iri<\/span><\/i> <b>&#8211;<\/b> <b><i>klju\u010da<\/i><\/b><i><span style=\"font-weight: 400;\">. <\/span><\/i><\/span><span style=\"font-family: 'book antiqua', palatino, serif; color: #000000;\"><span style=\"font-weight: 400;\">Rije\u010d vir (praslav. <\/span><i><span style=\"font-weight: 400;\">vyr\u044c<\/span><\/i><span style=\"font-weight: 400;\">), kao i rije\u010di <\/span><i><span style=\"font-weight: 400;\">jarenje <\/span><\/i><span style=\"font-weight: 400;\">i <\/span><i><span style=\"font-weight: 400;\">irenje<\/span><\/i><span style=\"font-weight: 400;\">, nastaju iz iste indoeuropske osnove *<\/span><i><span style=\"font-weight: 400;\">y\u016brio<\/span><\/i><span style=\"font-weight: 400;\">: vir je mjesto gdje voda klju\u010da. Mjesto je gdje voda neiskusnog pliva\u010da povla\u010di u dubinu, Virej (praslav. <\/span><b><i>j\u044cr\u044cj\u044c <\/i><\/b><span style=\"font-weight: 400;\">ili <\/span><b><i>vyr\u044cj\u044c<\/i><\/b><b>)<\/b><span style=\"font-weight: 400;\">, svijet mrtvih.<br \/>\n<\/span><\/span><span style=\"font-family: 'book antiqua', palatino, serif; color: #000000;\"><span style=\"font-weight: 400;\">Ime <\/span><span style=\"color: #bf0404;\"><b><i>Jarylo <\/i><\/b><\/span><span style=\"font-weight: 400;\">predstavlja oblik <\/span><b>od milja <\/b><span style=\"font-weight: 400;\">sve\u010danoga praslavenskog naziva <\/span><span style=\"color: #bf0404;\"><b><i>Jarovit\u044c <\/i><\/b><\/span><span style=\"font-weight: 400;\">(bog ratne pobjede, proljetne zeleni, rodnosti polja).&nbsp;<\/span><\/span><\/p>\n<p style=\"text-align: center;\"><span style=\"color: #000000;\"><span style=\"font-family: 'book antiqua', palatino, serif;\"><img decoding=\"async\" class=\"alignnone size-medium wp-image-1632\" src=\"https:\/\/rodnovjerje.com.hr\/wp-content\/uploads\/2024\/05\/JARILO-1-2-360x365.png\" alt=\"\" width=\"360\" height=\"365\" srcset=\"https:\/\/rodnovjerje.com.hr\/wp-content\/uploads\/2024\/05\/JARILO-1-2-360x365.png 360w, https:\/\/rodnovjerje.com.hr\/wp-content\/uploads\/2024\/05\/JARILO-1-2-828x840.png 828w, https:\/\/rodnovjerje.com.hr\/wp-content\/uploads\/2024\/05\/JARILO-1-2-768x779.png 768w, https:\/\/rodnovjerje.com.hr\/wp-content\/uploads\/2024\/05\/JARILO-1-2-60x60.png 60w, https:\/\/rodnovjerje.com.hr\/wp-content\/uploads\/2024\/05\/JARILO-1-2.png 840w\" sizes=\"(max-width: 360px) 100vw, 360px\" \/><br \/>\n<span style=\"color: #808080; font-size: 12pt;\">Slika 1. Prikaz lika Jarila u bjeloruskom tradicionalnom vezu<\/span><br \/>\n<span style=\"color: #808080; font-size: 12pt;\">Izvor: M. S. Kacar: <em>Bjeloruski ornament<\/em>&nbsp;(1996.)<\/span><\/span><\/span><\/p>\n<p><span style=\"font-family: 'book antiqua', palatino, serif; color: #000000;\"><b>Pojmove jurjevskih <\/b><span style=\"font-weight: 400;\">ophodnih <\/span><b>pjesama povezuju <\/b><span style=\"font-weight: 400;\">temeljni <\/span><b>srokovi <\/b><b><i>hoditi-ploditi <\/i><\/b><span style=\"font-weight: 400;\">i<\/span><b><i> hoditi-roditi<\/i><\/b><span style=\"font-weight: 400;\">.<\/span> <span style=\"font-weight: 400;\">Zaklju\u010duje se da uvodna pjesma ovoga odlomka o Jarilu spada u istu usmenu predaju kao i tekstovi o Jurjevu <\/span><b><i>trudnu <\/i><\/b><b>hodu<\/b><span style=\"font-weight: 400;\"> (velik i te\u017eak prevaljen put hodanjem koji donosi rodnost i plodnost).<br \/>\n<\/span><\/span><span style=\"font-family: 'book antiqua', palatino, serif; color: #000000;\"><span style=\"font-weight: 400;\">Ipak, ovoj je pjesmi specifi\u010dan nastavak koji se vi\u0161e ne pojavljuje u kasnijim pjesmama:<\/span> <b><i>ljudima djecu plodio<\/i><\/b><span style=\"font-weight: 400;\"> (bjrus. <\/span><i><span style=\"font-weight: 400;\">\u043b\u044e\u0434\u0437\u044f\u043c \u0434\u0437\u0435\u0446\u0438 \u043f\u043b\u0430\u0434\u0437\u0438\u0432<\/span><\/i><span style=\"font-weight: 400;\">).<br \/>\n<\/span><\/span><span style=\"font-family: 'book antiqua', palatino, serif; color: #000000;\"><span style=\"font-weight: 400;\">To je element pretkr\u0161\u0107anske slavenske vjerske predod\u017ebe <\/span><b>o ljudskoj rodnosti <\/b><span style=\"font-weight: 400;\">koja se neizostavljivo podrazumijeva! Radi se o ulomku najarhai\u010dnijih svetih pjesama o <\/span><b>Jarilovoj plodonosnoj mo\u0107i<\/b><span style=\"font-weight: 400;\">.<\/span><b><br \/>\n<\/b><\/span><\/p>\n<p><span style=\"font-family: 'book antiqua', palatino, serif; color: #000000;\"><b>Tragovi<\/b><span style=\"font-weight: 400;\"> velike <\/span><b>svetkovine<\/b><span style=\"font-weight: 400;\">, <\/span><b><i>Jarilovog<\/i><\/b> <b><i>dana<\/i><\/b><span style=\"font-weight: 400;\">, o\u010duvali su se u srednjoj i isto\u010dnoj Rusiji sve do 19. i 20. stolje\u0107a, kada je zapisan. Naziv toga obi\u010daja je<\/span> <b><span style=\"color: #bf0404;\">Jarilov<\/span> <span style=\"color: #bf0404;\">dan<\/span><\/b><span style=\"font-weight: 400;\"> (rus. <\/span><i><span style=\"font-weight: 400;\">\u042f\u0440\u0438\u043b\u0438\u043d \u0434\u0435\u043d\u044c<\/span><\/i><span style=\"font-weight: 400;\">) i Jarilova plje\u0161ina (rus. <\/span><i><span style=\"font-weight: 400;\">\u042f\u0440\u0438\u043b\u0438\u043d\u0430 \u043f\u043b\u0435\u0448\u044c<\/span><\/i><span style=\"font-weight: 400;\">). Izvo\u0111enje obredne \u0161etnje uz pjesmu i ples zvalo se \u201cpokapati Jarilovu plje\u0161inu\u201d (rus. <\/span><i><span style=\"font-weight: 400;\">\u042f\u0440\u0438\u043b\u0438\u043d\u0443 \u043f\u043b\u0435\u0448\u044c \u043f\u043e\u0433\u0440\u0435\u0431\u0430\u0442\u044c<\/span><\/i><span style=\"font-weight: 400;\">), prilikom \u010dega se <\/span><b>lutka Jarilo <\/b><span style=\"font-weight: 400;\">(od stare tkanine, slame ili keramike) <\/span><b>pokapao<\/b><span style=\"font-weight: 400;\">. <\/span><b>Glavno obilje\u017eje mu je vrlo izra\u017een falus <\/b><span style=\"font-weight: 400;\">te ga je ponegdje nosio starac u dronjcima u malome lijesu, a <\/span><b>prate <\/b><span style=\"font-weight: 400;\">ga <\/span><b>pijane <\/b><span style=\"font-weight: 400;\">babe <\/span><b>uz opscene tu\u017ealjke<\/b><span style=\"font-weight: 400;\">.&nbsp;<\/span><\/span><\/p>\n<p><span style=\"font-weight: 400; font-family: 'book antiqua', palatino, serif; color: #000000;\">Na rijeci Oki, na humku po imenu Jarilova plje\u0161ina, odr\u017eavali su se navedeni ophodi, poslije kojih su ostajali samo mladi te bi se govorilo:<\/span><\/p>\n<p style=\"text-align: center;\"><span style=\"color: #c70000; font-size: 14pt;\"><span style=\"font-family: 'book antiqua', palatino, serif;\">&nbsp;<\/span><span style=\"font-weight: 400; font-family: 'book antiqua', palatino, serif;\">\u201cTko je bio Jarilo? On je ljubav jako odobravao.\u201d<\/span><\/span><\/p>\n<p><span style=\"font-family: 'book antiqua', palatino, serif; color: #000000;\"><span style=\"font-weight: 400;\">U folkloru se ovaj obi\u010daj te\u0161ko razlikuje od Ivana Kupale i ivanjske svetkovine te se mogu razabrati <\/span><b>tragovi orgijasti\u010dkog kulta<\/b><span style=\"font-weight: 400;\">. Razuzdane pretkr\u0161\u0107anske svetkovine zapisao je pisac <em>\u017divota Tihona Zadonskog<\/em> (1763.) uz vijesti o postojanju Jarilova idola oko kojeg su one odr\u017eavane. U <em>Suzdaljskom ljetopisu<\/em> spomenut je idol nazvan <\/span><i><span style=\"font-weight: 400;\">Jarun <\/span><\/i><span style=\"font-weight: 400;\">(rus. <\/span><i><span style=\"font-weight: 400;\">\u042f\u0440\u0443\u043d<\/span><\/i><span style=\"font-weight: 400;\">: \u201cuspaljena \u017eivotinja u doba parenja\u201d, \u201cuspaljen \u010dovjek\u201d). Ocrtan je isto\u010dnoslavenski kult boga Jarila, koji mlad dolazi ja\u0161u\u0107i bijelog konja u bijeloj haljini, oko njega ple\u0161u djevojke te ga na kraju pokapaju stara i plje\u0161iva uz cviljenje pijanih baba.<br \/>\n<\/span><\/span><span style=\"font-weight: 400; font-family: 'book antiqua', palatino, serif; color: #000000;\">Dolaskom kr\u0161\u0107anstva obredi poticanja plodnosti op\u0107enito se ili potiskuju ili prilago\u0111avaju novome svjetonazoru pa tako i obi\u010daji vezani za Jarilovo. Raspr\u0161ili su se na jurjevske i ivanjske obi\u010daje (Kupala) pa i \u0161ire, s vremenom poprimaju\u0107i razli\u010dite vanjske utjecaje ili mijenjaju\u0107i se unutar same zajednice.<\/span><\/p>\n<p><span style=\"font-family: 'book antiqua', palatino, serif; color: #000000;\"><span style=\"font-weight: 400;\"><strong>Dana\u0161nji<\/strong> primjeri <\/span><b>jurjevskih obi\u010daja <\/b><span style=\"font-weight: 400;\">vrlo su raznoliki i brojni, stoga \u0107e ovdje biti navedene najistaknutije <\/span><b>prakse<\/b><span style=\"font-weight: 400;\">:<\/span><\/span><\/p>\n<ul style=\"list-style-type: square;\">\n<li><b><\/b><span style=\"font-family: 'book antiqua', palatino, serif; color: #000000; font-size: 12pt;\"><span style=\"font-family: 'book antiqua', palatino, serif; color: #000000; font-size: 12pt;\"><b><span style=\"color: #ba0000;\">Rano ustajanje<\/span> <\/b><span style=\"font-weight: 400;\">(prije zore, onaj kojeg \u201cJura pregazi svojim kolima\u201d bit \u0107e cijelu godinu neproduktivan i umoran, tko se rano ustaje, mo\u017ee vidjeti Zelenog Juru i zadobiti blagoslov i energiju)<\/span><\/span><\/span><\/li>\n<li aria-level=\"1\"><span style=\"font-family: 'book antiqua', palatino, serif; color: #000000; font-size: 12pt;\"><span style=\"font-family: 'book antiqua', palatino, serif; color: #000000; font-size: 12pt;\"><span style=\"color: #c70000;\"><b>Umivanje i kupanje, valjanje<\/b><\/span><span style=\"font-weight: 400;\"> (u jutarnjoj <\/span><i><span style=\"font-weight: 400;\">jurjevskoj rosi<\/span><\/i><span style=\"font-weight: 400;\">, <\/span><i><span style=\"font-weight: 400;\">omaji<\/span><\/i><span style=\"font-weight: 400;\"> &#8211; pjenu\u0161avoj vodi s mlinskog kola, za ljepotu i snagu, u ra\u017ei i djetelini)<\/span><\/span><\/span><\/li>\n<li aria-level=\"1\"><span style=\"font-family: 'book antiqua', palatino, serif; color: #000000; font-size: 12pt;\"><span style=\"font-family: 'book antiqua', palatino, serif; color: #000000; font-size: 12pt;\"><span style=\"color: #c70000;\"><b>Trubljenje <\/b><\/span><span style=\"font-weight: 400;\">(trubaljkama, <\/span><i><span style=\"font-weight: 400;\">rukaljkama<\/span><\/i><span style=\"font-weight: 400;\">, od savijene vrbove ili ljeskove kore u obliku roga kako bi se tjerali demoni <\/span><i><span style=\"font-weight: 400;\">ru\u010danjem<\/span><\/i><span style=\"font-weight: 400;\"> i <\/span><i><span style=\"font-weight: 400;\">kvarile \u010dini zlim vra\u010devima<\/span><\/i><span style=\"font-weight: 400;\">, a izra\u0111ivale su se i <\/span><i><span style=\"font-weight: 400;\">pi\u0161\u0107e<\/span><\/i><span style=\"font-weight: 400;\"> i <\/span><i><span style=\"font-weight: 400;\">\u0107urlici<\/span><\/i><span style=\"font-weight: 400;\"> kojima se <\/span><i><span style=\"font-weight: 400;\">svr\u0107alo<\/span><\/i><span style=\"font-weight: 400;\">, prilikom izrade bi se \u010desto bajalo)<\/span><\/span><\/span><\/li>\n<li aria-level=\"1\"><span style=\"font-family: 'book antiqua', palatino, serif; color: #000000; font-size: 12pt;\"><span style=\"font-family: 'book antiqua', palatino, serif; color: #000000; font-size: 12pt;\"><span style=\"color: #c70000;\"><b>Ki\u0107enje zelenilom i cvije\u0107em <\/b><\/span><span style=\"font-weight: 400;\">(ljudi, stoke, \u0161tala, sela, prilaza dvori\u0161ta, prozora, vrata ku\u0107a, crkvi; apotropejska i plodonosna funkcija; u poganskim inicijacijama zelena je boja vode &#8211; na temelju te simbolike i sv. Ivan Krstitelj ponekad nosi zeleni ogrta\u010d; u polja se zati\u010du kri\u017eevi od grana za blagoslov i bolju rodnost)<\/span><\/span><\/span><\/li>\n<li aria-level=\"1\"><span style=\"font-family: 'book antiqua', palatino, serif; color: #000000; font-size: 12pt;\"><span style=\"color: #c70000;\"><b>Zeleni Juraj <\/b><\/span><span style=\"font-weight: 400;\">(osoba oki\u0107ena u grane vrbe, bukve, <\/span><i><span style=\"font-weight: 400;\">brezovo kitje<\/span><\/i><span style=\"font-weight: 400;\">, nosi ma\u010d i veliku trnavku od \u0161ipka, ple\u0161e poskakuju\u0107i <\/span><i><span style=\"font-weight: 400;\">poput medvjeda<\/span><\/i><span style=\"font-weight: 400;\">, prate ga mladi\u0107i, <\/span><i><span style=\"font-weight: 400;\">jurja\u0161i<\/span><\/i><span style=\"font-weight: 400;\">, kitama granja i jednom mladom brezom oki\u0107enom maramom i \u0161arenim papirima ili oki\u0107enom \u0161arenom granom ili motkom na koju je nataknuta jabuka, ponekad isto oki\u0107eni zelenilom, a za zelenog Juru se tra\u017ei meso, vino, poga\u010de, masti, soli, jaja, kruha, mlijeko; svatko u selu sa Zelenog Jurja otkida gran\u010dicu i \u010duva ju kako bi zadr\u017eali blagoslove)<br \/>\n<\/span><\/span><\/li>\n<li aria-level=\"1\"><span style=\"font-family: 'book antiqua', palatino, serif; color: #000000; font-size: 12pt;\"><span style=\"font-family: 'book antiqua', palatino, serif; color: #000000; font-size: 12pt;\"><span style=\"color: #c70000;\"><b>Blagoslovi, procesije, hodo\u010das\u0107a <\/b><\/span><span style=\"font-weight: 400;\">(odnosno no\u0161enje sakralnog predmeta, \u010desto kri\u017ea [npr. kri\u017e od biljaka magijskih mo\u0107i] na \u010delu povorke ljudi za blagoslov kroz polja, crkvu, selo, brda, groblja; blagoslivljala se stoka, pa i ljekovito nabrano bilje te sol; tra\u017ei se posebna za\u0161tita protiv munje, groma, grada, bolesti, zla op\u0107enito)<\/span><\/span><\/span><\/li>\n<li aria-level=\"1\"><span style=\"font-family: 'book antiqua', palatino, serif; color: #000000; font-size: 12pt;\"><span style=\"font-family: 'book antiqua', palatino, serif; color: #000000; font-size: 12pt;\"><span style=\"color: #c70000;\"><b>\u0160kropljenje <\/b><\/span><span style=\"font-weight: 400;\">(sve\u0107enik, doma\u0107in, uku\u0107an&nbsp; gran\u010dicom hrasta, bora ili jele prskaju blagoslovljenom vodokrsnom vodom osobe, stvari, domove, \u0161tale, dvori\u0161ta, vrtove, polja, ko\u0161nice, stoku u svrhu pro\u010di\u0161\u0107enja i za\u0161tite od demona, vje\u0161tica, vukova, zmija)<\/span><\/span><\/span><\/li>\n<li aria-level=\"1\"><span style=\"font-family: 'book antiqua', palatino, serif; color: #000000; font-size: 12pt;\"><span style=\"font-family: 'book antiqua', palatino, serif; color: #000000; font-size: 12pt;\"><span style=\"color: #c70000;\"><b>Sicanje, kri\u017ei\u0107anje <\/b><\/span><span style=\"font-weight: 400;\">(tetoviranje smjesom uglja, meda, mlijeka za za\u0161titu, ozna\u010davanje vjerske pripadnosti ili zbog uljep\u0161avanja ili tradicije)<\/span><\/span><\/span><\/li>\n<li aria-level=\"1\"><span style=\"font-family: 'book antiqua', palatino, serif; color: #000000; font-size: 12pt;\"><span style=\"font-family: 'book antiqua', palatino, serif; color: #000000; font-size: 12pt;\"><span style=\"color: #c70000;\"><b>Jurjevski krijesovi<\/b><span style=\"font-weight: 400;\">, <\/span><b><i>ognji<\/i><\/b><\/span> <span style=\"font-weight: 400;\">(oko kojih se pjeva kao da ih je zapalio sv. Juraj; ple\u0161u se kola i plesovi, pepeo i ugalj krijesa apotropejske su uloge, vijenci od kopriva bacaju se u vatru u istu za\u0161titnu svrhu, stoka se tjera pored njih za za\u0161titu i blagoslov)<\/span><\/span><\/span><\/li>\n<li aria-level=\"1\"><span style=\"font-family: 'book antiqua', palatino, serif; color: #000000; font-size: 12pt;\"><span style=\"font-family: 'book antiqua', palatino, serif; color: #000000; font-size: 12pt;\"><b><span style=\"color: #c70000;\">Dan pastira<\/span> <\/b><span style=\"font-weight: 400;\">(ki\u0107enje i blagoslov stoke biljem i vijencima [<\/span><i><span style=\"font-weight: 400;\">vjen\u010danje stoke<\/span><\/i><span style=\"font-weight: 400;\">], paljenje <\/span><i><span style=\"font-weight: 400;\">o\u010disne vatre<\/span><\/i><span style=\"font-weight: 400;\">, plesanje kola oko vatre i na ledini, gozbe, pucanje preko \u0161tale, buka i pjevanje kako bi se odagnalo zlo, rezbarenje pastirskih \u0161tapova, ponegdje zabrana ispa\u0161e na Jurjevo zbog probu\u0111enih zlih duhova i zmija, ali obila\u017eenje cijelog sela sa stokom za blagoslov, Jurjevo se smatralo novom godinom za \u017eivotinje pa se prema tome danu ra\u010dunala njihova starost)<\/span><\/span><\/span><\/li>\n<li aria-level=\"1\"><span style=\"font-family: 'book antiqua', palatino, serif; color: #000000; font-size: 12pt;\"><span style=\"font-family: 'book antiqua', palatino, serif; color: #000000; font-size: 12pt;\"><span style=\"color: #c70000;\"><b>Ljubavna proricanja<\/b><\/span><span style=\"font-weight: 400;\"> (sa\u0111enje biljaka i proricanje iz njihova rasta)<\/span><\/span><\/span><\/li>\n<li aria-level=\"1\"><span style=\"font-family: 'book antiqua', palatino, serif; color: #000000; font-size: 12pt;\"><b><span style=\"color: #c70000;\">Ljuljanje mlade\u017ei<\/span> <\/b><span style=\"font-weight: 400;\"><span style=\"font-size: 12pt;\">(u\u017ee od pre\u0111e, ov\u010dje vune vezano za granu u funkciji ljulja\u010dke na kojoj bi se ljuljale djevojke i djeca za zdravlje i ljubav)<br \/>\n<\/span><br \/>\n<\/span><\/span><\/li>\n<\/ul>\n<p style=\"text-align: center;\"><span style=\"font-family: 'book antiqua', palatino, serif;\"><img decoding=\"async\" class=\"size-medium wp-image-1630 aligncenter\" src=\"https:\/\/rodnovjerje.com.hr\/wp-content\/uploads\/2024\/05\/IMG_4881-1-660x125.png\" alt=\"\" width=\"660\" height=\"125\" srcset=\"https:\/\/rodnovjerje.com.hr\/wp-content\/uploads\/2024\/05\/IMG_4881-1-660x125.png 660w, https:\/\/rodnovjerje.com.hr\/wp-content\/uploads\/2024\/05\/IMG_4881-1-840x159.png 840w, https:\/\/rodnovjerje.com.hr\/wp-content\/uploads\/2024\/05\/IMG_4881-1-768x145.png 768w, https:\/\/rodnovjerje.com.hr\/wp-content\/uploads\/2024\/05\/IMG_4881-1-1536x291.png 1536w, https:\/\/rodnovjerje.com.hr\/wp-content\/uploads\/2024\/05\/IMG_4881-1-2048x388.png 2048w\" sizes=\"(max-width: 660px) 100vw, 660px\" \/><span style=\"color: #808080; font-size: 12pt;\">Slika 2. Ilustracija <em>rukaljke<\/em><\/span><br \/>\n<span style=\"color: #808080; font-size: 12pt;\">Izvor: Gavazzi, M.: <em>Godina dana hrvatskih obi\u010daja, II. Oko Bo\u017ei\u0107a (<\/em>1939.)<\/span><\/span><\/p>\n<p>&nbsp;<\/p>\n<p style=\"text-align: center;\"><span style=\"font-family: 'book antiqua', palatino, serif; color: #c70000; font-size: 30pt;\"><b><span style=\"color: #c70000; font-size: 30pt;\"><strong><span style=\"font-family: 'book antiqua', palatino, serif;\"><span style=\"font-size: 16pt; color: #ba0000;\"><span style=\"font-size: 14pt;\"><span style=\"font-weight: 400;\"><img fetchpriority=\"high\" decoding=\"async\" class=\"alignnone wp-image-1344\" src=\"https:\/\/rodnovjerje.com.hr\/wp-content\/uploads\/2024\/02\/pejdz-2-660x59.jpg\" alt=\"\" width=\"839\" height=\"75\" srcset=\"https:\/\/rodnovjerje.com.hr\/wp-content\/uploads\/2024\/02\/pejdz-2-660x59.jpg 660w, https:\/\/rodnovjerje.com.hr\/wp-content\/uploads\/2024\/02\/pejdz-2-840x75.jpg 840w, https:\/\/rodnovjerje.com.hr\/wp-content\/uploads\/2024\/02\/pejdz-2-768x69.jpg 768w, https:\/\/rodnovjerje.com.hr\/wp-content\/uploads\/2024\/02\/pejdz-2-1536x138.jpg 1536w, https:\/\/rodnovjerje.com.hr\/wp-content\/uploads\/2024\/02\/pejdz-2-2048x184.jpg 2048w\" sizes=\"(max-width: 839px) 100vw, 839px\" \/><br \/>\n<\/span>\u25c6&nbsp; <\/span><\/span><\/span><\/strong><\/span><span style=\"color: #000000;\">Mit o Jarilovom hodu<\/span> <span style=\"color: #c70000; font-size: 30pt;\"><strong><span style=\"font-family: 'book antiqua', palatino, serif;\"><span style=\"font-size: 16pt; color: #ba0000;\"><span style=\"font-size: 14pt;\">\u25c6<\/span><\/span><\/span><\/strong><\/span><\/b><\/span><\/p>\n<p><span style=\"font-family: 'book antiqua', palatino, serif; color: #000000;\"><span style=\"font-weight: 400;\">Priroda u kojoj se \u010dovjek nalazi veli\u010danstvene je snage i ljepote. Ona je \u010dovjekov po\u010detak i kraj te \u010dovjek sam. Ujedno mu je prva i najpoznatija, ali i u potpunosti strana, neobja\u0161njiva, beskrajna i magi\u010dna.&nbsp; Kao takva mu daje inspiraciju za <\/span><b>mitsko poimanje svijeta <\/b><span style=\"font-weight: 400;\">&#8211; \u010dvrsto strukturiranu i logi\u010dku <\/span><b>predaju <\/b><span style=\"font-weight: 400;\">kojom se opisuje funkcioniranje bo\u017eanske i ljudske ravni te njihov odnos prije po\u010detka, u tijeku, i poslije svr\u0161etka vremena u ustrojstvu pripadnoga svijeta.&nbsp;<\/span><\/span><\/p>\n<p><span style=\"font-family: 'book antiqua', palatino, serif; color: #000000;\"><span style=\"font-weight: 400;\"><span style=\"font-family: 'book antiqua', palatino, serif; color: #000000;\"><span style=\"font-family: 'book antiqua', palatino, serif; color: #000000;\">Ali, <b>mit <\/b>sam za sebe nema potpuni smisao. On <b>je sveti obredni tekst <\/b>koji se u obredu pripovijeda <b>uz obredni \u010din<\/b>. Svetom formulom u obliku ure\u0111enog govora i pjesme, uz propisane obredne radnje, opona\u0161aju se doga\u0111anja i sveto ure\u0111enje kaosa (stvaranja) u Pradobu o kojima mit govori. Mit tek tada ispunjava svoju <b>osnovnu ulogu<\/b>: <b>osigurava i obnavlja red u svijetu. <\/b><\/span><\/span><span style=\"font-family: 'book antiqua', palatino, serif; color: #000000;\">Cjelokupni je obred s mitom, me\u0111utim, za \u010dovjeka jam\u010dio i <b>opstojanje u kriznim trenucima<\/b> (prelasci iz jednog u drugo stanje, vrijeme, mjesto). Obredom se omogu\u0107avala mitom obja\u0161njena religijsko-moralna, za\u0161titna te gospodarska funkcija.<\/span><\/span><\/span><\/p>\n<p style=\"text-align: center;\"><img loading=\"lazy\" decoding=\"async\" class=\" wp-image-1631 aligncenter\" src=\"https:\/\/rodnovjerje.com.hr\/wp-content\/uploads\/2024\/05\/JARILO-6-2-660x202.png\" alt=\"\" width=\"545\" height=\"167\" srcset=\"https:\/\/rodnovjerje.com.hr\/wp-content\/uploads\/2024\/05\/JARILO-6-2-660x202.png 660w, https:\/\/rodnovjerje.com.hr\/wp-content\/uploads\/2024\/05\/JARILO-6-2-840x257.png 840w, https:\/\/rodnovjerje.com.hr\/wp-content\/uploads\/2024\/05\/JARILO-6-2-768x235.png 768w, https:\/\/rodnovjerje.com.hr\/wp-content\/uploads\/2024\/05\/JARILO-6-2.png 1500w\" sizes=\"(max-width: 545px) 100vw, 545px\" \/><span style=\"font-family: 'book antiqua', palatino, serif; color: #808080; font-size: 12pt;\">Slika 3. Prikaz simbola Jarila u bjeloruskom tradicionalnom vezu<br \/>\nIzvor: <span style=\"font-family: 'book antiqua', palatino, serif;\">M.C. Kacar: <em>Bjeloruski ornament<\/em>&nbsp;(1996.)<\/span><\/span><\/p>\n<p style=\"text-align: left;\"><span style=\"font-family: 'book antiqua', palatino, serif; color: #000000;\"><span style=\"font-weight: 400;\">U slavenskih se naroda nekad vjerovalo da se godi\u0161njim obredom podupire plodnost, rodnost i bu\u0111enje prirode te osigurava odr\u017eavanje \u017eivota i tijek na\u0161eg vremena. Njegove je <\/span><b style=\"font-size: 1.0625rem;\">tragove <\/b><span style=\"font-weight: 400;\">mogu\u0107e tra\u017eiti <\/span><b style=\"font-size: 1.0625rem;\">u predajnim obi\u010dajima i usmenoj knji\u017eevnosti <\/b><span style=\"font-weight: 400;\">u kojih su se, unato\u010d neminovnoj nepovratnoj promjeni, oni o\u010duvali. Tako je i <\/span><b style=\"font-size: 1.0625rem;\">Jarilov <\/b><span style=\"font-weight: 400;\">mitski dolazak (<\/span><b style=\"font-size: 1.0625rem;\">hod<\/b><span style=\"font-weight: 400;\">), kojim napokon <\/span><b style=\"font-size: 1.0625rem;\">zapo\u010dinje nov ciklus rodnosti i plodnosti,<\/b><span style=\"font-size: 1.0625rem;\">&nbsp; u pu\u010dkoj predaji i slavlju jo\u0161 i danas me\u0111u naj\u017eivljim tragovima starovjerja.<\/span><\/span><\/p>\n<p><span style=\"font-family: 'book antiqua', palatino, serif;\"><span style=\"color: #000000;\">Pomo\u0107u tih tekstova R. Kati\u010di\u0107 <strong>rekonstruirao<\/strong> je <strong>izvorni<\/strong> <\/span><span style=\"color: #ba0000;\"><strong>praslavenski<\/strong> <strong>obredni<\/strong> <strong>tekst<\/strong> <strong>o Jarilovom dolasku:<\/strong><\/span><\/span><\/p>\n<p style=\"text-align: center;\"><span style=\"font-family: 'book antiqua', palatino, serif; color: #ba0000;\"><b>K\u01ebda Jarylo hodit\u044c, t\u01ebda pol&#8217;e rodit\u044c.&nbsp;<\/b><\/span><\/p>\n<p style=\"text-align: center;\"><span style=\"color: #ba0000;\"><span style=\"font-family: 'book antiqua', palatino, serif;\">&nbsp;<\/span><span style=\"font-family: 'book antiqua', palatino, serif;\"><b>Zelen\u044a Jarylo j\u044cz daleka p\u01ebti,<br \/>\n<\/b><\/span><span style=\"font-family: 'book antiqua', palatino, serif;\"><b>trud\u044cna jego hoda po pol&#8217;u.<br \/>\n<\/b><\/span><span style=\"font-family: 'book antiqua', palatino, serif;\"><b>Hodit\u044a Jarylo, t&#8217;ud&#8217;\u044c t&#8217;ud&#8217;in\u044c, po mostu,<br \/>\n<\/b><\/span><span style=\"font-family: 'book antiqua', palatino, serif;\"><b>most&#8217;\u044a gybajet\u044c s\u0119 (lomajet\u044c s\u0119)&#8230;&nbsp;<\/b><\/span><\/span><\/p>\n<p style=\"text-align: center;\"><span style=\"color: #ba0000;\"><span style=\"font-family: 'book antiqua', palatino, serif;\">&nbsp;<\/span><span style=\"font-family: 'book antiqua', palatino, serif;\"><b>J\u044cz pod\u044a desny j\u0119 nogy voda, gr\u0119z\u044c \u017e\u044cmet\u044c s\u0119,<br \/>\n<\/b><\/span><span style=\"font-family: 'book antiqua', palatino, serif;\"><b>do kol\u011bna bolto, do ormene voda,<br \/>\n<\/b><\/span><span style=\"font-family: 'book antiqua', palatino, serif;\"><b>j\u044cz pod\u044a l\u011bvy j\u0119 nogy ogn\u044c s\u044a j\u044cskrami letit\u044c,<br \/>\n<\/b><\/span><span style=\"font-family: 'book antiqua', palatino, serif;\"><b>p\u01ebt jest\u044c suh\u044a, por\u0161\u044cn\u044a.&nbsp;<\/b><\/span><\/span><\/p>\n<p style=\"text-align: center;\"><span style=\"color: #ba0000;\"><span style=\"font-family: 'book antiqua', palatino, serif;\">&nbsp;<\/span><span style=\"font-family: 'book antiqua', palatino, serif;\"><b>Do\u0161\u044cdl\u044a jest\u044c Jarylo j\u044cz za l\u01ebga zelena jego,<br \/>\n<\/b><\/span><span style=\"font-family: 'book antiqua', palatino, serif;\"><b>j\u044cz za mor&#8217;a kr\u044avava jego, donesl\u044a jest\u044c s\u044adorv\u044cja.<br \/>\n<\/b><\/span><span style=\"font-family: 'book antiqua', palatino, serif;\"><b>Ne dajte Jarylu d\u044algo stati perd\u044a svojimi sv\u011btly vorty,<br \/>\n<\/b><\/span><span style=\"font-family: 'book antiqua', palatino, serif;\"><b>bolto toptati, \u010derv\u044cj\u0119 t\u044argati.&nbsp;<\/b><\/span><\/span><\/p>\n<p style=\"text-align: center;\"><span style=\"color: #ba0000;\"><span style=\"font-family: 'book antiqua', palatino, serif;\">&nbsp;<\/span><span style=\"font-family: 'book antiqua', palatino, serif;\"><b>Jarylo jest\u044c \u010derv\u044cj\u0119 po borzdam\u044a,<br \/>\n<\/b><\/span><span style=\"font-family: 'book antiqua', palatino, serif;\"><b>j\u044cz\u044cral\u044a, jemu \u010derv\u044cji s\u01ebt\u044c \u01ebtli.<br \/>\n<\/b><\/span><span style=\"font-family: 'book antiqua', palatino, serif;\"><b>T\u01ebda doidet\u044c mold\u044a Jarylo, vodit\u044a h\u044art\u044a i sokol\u044a.&nbsp;<\/b><\/span><\/span><\/p>\n<p style=\"text-align: center;\"><span style=\"color: #ba0000;\"><span style=\"font-family: 'book antiqua', palatino, serif;\"><b>Jarylo pusti h\u044art\u044a za kunoj\u01eb.<br \/>\n<\/b><\/span><span style=\"font-family: 'book antiqua', palatino, serif;\"><b>Jarylo pusti sokol\u044a za \u017e\u044altoj\u01eb lysic\u01eb.<br \/>\n<\/b><\/span><span style=\"font-family: 'book antiqua', palatino, serif;\"><b>Jarylu sokol\u044a vedet\u044c d\u011bvoj\u044ck\u01eb.<br \/>\n<\/b><\/span><span style=\"font-family: 'book antiqua', palatino, serif;\"><b>V\u044clci s\u01ebt\u044c Jarylovi h\u044arti.&nbsp;<\/b><\/span><\/span><\/p>\n<p style=\"text-align: center;\"><span style=\"color: #ba0000;\"><span style=\"font-family: 'book antiqua', palatino, serif;\">&nbsp;<\/span><span style=\"font-family: 'book antiqua', palatino, serif;\"><b>Jarylo jadet\u044c na zelen\u011bjem\u044c koni.<br \/>\n<\/b><\/span><span style=\"font-family: 'book antiqua', palatino, serif;\"><b>Jarylo zm\u044cji m\u044c\u010dem\u044c golv\u01eb s\u011b\u010det\u044c.&nbsp;<\/b><\/span><\/span><\/p>\n<p style=\"text-align: center;\"><span style=\"color: #ba0000;\"><span style=\"font-family: 'book antiqua', palatino, serif;\">&nbsp;<\/span><span style=\"font-family: 'book antiqua', palatino, serif;\"><b>\u010c\u0119sty, g\u01ebsty s\u01ebt\u044c na nebese gv\u011bzdy,<br \/>\n<\/b><\/span><span style=\"font-family: 'book antiqua', palatino, serif;\"><b>\u010d\u0119sty, g\u01eb\u0161ty s\u01ebt\u044c na pol&#8217;i snopi.<br \/>\n<\/b><\/span><span style=\"font-family: 'book antiqua', palatino, serif;\"><b>\u0160irok\u044a,vysok\u044a jest\u044c na nebese m\u011bs\u0119c\u044c,<br \/>\n<\/b><\/span><span style=\"font-family: 'book antiqua', palatino, serif;\"><b>\u0161ir&#8217;i, vy\u0161i s\u01ebt\u044c u m\u01eb\u017ea stezi.<\/b><\/span><span style=\"font-family: 'book antiqua', palatino, serif;\">&nbsp;<\/span><\/span><\/p>\n<p style=\"text-align: center;\"><span style=\"font-family: 'book antiqua', palatino, serif; color: #ba0000;\"><b>\u25c6<\/b><\/span><\/p>\n<p style=\"text-align: center;\"><span style=\"color: #ba0000;\"><span style=\"font-weight: 400; font-family: 'book antiqua', palatino, serif;\">&nbsp;&#8221; Kuda Jarilo hoda, tuda polje ra\u0111a.<br \/>\n<\/span><span style=\"font-weight: 400; font-family: 'book antiqua', palatino, serif;\">Zeleni Jarilo s daleka puta, trudnoga hoda po polju.<br \/>\n<\/span><span style=\"font-weight: 400; font-family: 'book antiqua', palatino, serif;\">Hoda Jarilo, tu\u0111 tu\u0111inac, po mostu, most se giba, lomi\u2026<\/span><\/span><\/p>\n<p style=\"text-align: center;\"><span style=\"color: #ba0000;\"><span style=\"font-family: 'book antiqua', palatino, serif;\">&nbsp;<\/span><span style=\"font-weight: 400; font-family: 'book antiqua', palatino, serif;\">Pod desnom mu je nogom voda, mulj se i\u017eima, do koljena blato, do ramena voda,<br \/>\n<\/span><span style=\"font-weight: 400; font-family: 'book antiqua', palatino, serif;\">pod lijevom mu je nogom oganj koji iskrama leti, put je suh i pra\u0161an.<\/span><\/span><\/p>\n<p style=\"text-align: center;\"><span style=\"color: #ba0000;\"><span style=\"font-weight: 400; font-family: 'book antiqua', palatino, serif;\">Do\u0161ao je Jarilo iza zelenoga luga,<br \/>\n<\/span><span style=\"font-weight: 400; font-family: 'book antiqua', palatino, serif;\">iza mora krvavoga, donio je zdravlja.<br \/>\n<\/span><span style=\"font-weight: 400; font-family: 'book antiqua', palatino, serif;\">Ne dajte Jarilu dugo stajati pred svojim svijetlim vratima, blato gaziti, cipele trgati.&nbsp;<\/span><\/span><\/p>\n<p style=\"text-align: center;\"><span style=\"color: #ba0000;\"><span style=\"font-family: 'book antiqua', palatino, serif;\">&nbsp;<\/span><span style=\"font-weight: 400; font-family: 'book antiqua', palatino, serif;\">Jarilo je poderao cipele po brazdama, njemu su se cipele raspale.<br \/>\n<\/span><span style=\"font-weight: 400; font-family: 'book antiqua', palatino, serif;\">Tuda dolazi mladi Jarilo, vodi hrta i sokola.<br \/>\n<\/span><span style=\"font-weight: 400; font-family: 'book antiqua', palatino, serif;\">Jarilo pu\u0161ta hrta za kunom.<br \/>\n<\/span><span style=\"font-weight: 400; font-family: 'book antiqua', palatino, serif;\">Jarilo pu\u0161ta sokola za \u017eutom lisicom.<br \/>\n<\/span><span style=\"font-weight: 400; font-family: 'book antiqua', palatino, serif;\">Jarilu sokol ugleda djevojku.<br \/>\n<\/span><span style=\"font-weight: 400; font-family: 'book antiqua', palatino, serif;\">Vuci su Jarilovi hrtovi.<\/span><\/span><\/p>\n<p style=\"text-align: center;\"><span style=\"color: #ba0000;\"><span style=\"font-family: 'book antiqua', palatino, serif;\">&nbsp;<\/span><span style=\"font-weight: 400; font-family: 'book antiqua', palatino, serif;\">Jarilo ja\u0161e na zelenom konju.<br \/>\n<\/span><span style=\"font-weight: 400; font-family: 'book antiqua', palatino, serif;\">Jarilo zmiji ma\u010dem glavu sije\u010de.<\/span><\/span><\/p>\n<p style=\"text-align: center;\"><span style=\"color: #ba0000;\"><span style=\"font-family: 'book antiqua', palatino, serif;\">&nbsp;<\/span><span style=\"font-weight: 400; font-family: 'book antiqua', palatino, serif;\">\u010ce\u0161\u0107e su i gu\u0161\u0107e na nebesima zvijezde,<br \/>\n<\/span><span style=\"font-weight: 400; font-family: 'book antiqua', palatino, serif;\">\u010de\u0161\u0107i su i gu\u0161\u0107i na polju snopovi.<br \/>\n<\/span><span style=\"font-weight: 400; font-family: 'book antiqua', palatino, serif;\">\u0160irok je, visok na nebesima mjesec,<br \/>\n<\/span><span style=\"font-weight: 400; font-family: 'book antiqua', palatino, serif;\">\u0161ira su i vi\u0161a u mu\u017ea stegna. &#8221;<br \/>\n<\/span><\/span><\/p>\n<p style=\"text-align: center;\"><span style=\"font-family: 'book antiqua', palatino, serif; color: #ba0000;\"><b>\u25c6\u25c6\u25c6<\/b><\/span><\/p>\n<p><iframe title=\"Svarica - K\u01ebda Jarylo hodit\u044c [Official Video]\" width=\"1170\" height=\"658\" src=\"https:\/\/www.youtube.com\/embed\/yI4Y9XTGbk4?feature=oembed\" frameborder=\"0\" allow=\"accelerometer; autoplay; clipboard-write; encrypted-media; gyroscope; picture-in-picture; web-share\" referrerpolicy=\"strict-origin-when-cross-origin\" allowfullscreen><\/iframe><\/p>\n<p style=\"text-align: center;\"><span style=\"font-family: 'book antiqua', palatino, serif; color: #c70000; font-size: 10pt;\"><b><span style=\"color: #c70000;\"><strong><span style=\"color: #ba0000;\">\u25c6<\/span><\/strong><\/span><\/b><\/span><\/p>\n<p><span style=\"font-family: 'book antiqua', palatino, serif; color: #000000;\"><span style=\"font-weight: 400;\">Svoj <\/span><b>hod kroz godinu Jarilo zapo\u010dinje na Prvi dan, Velikdan<\/b><span style=\"font-weight: 400;\"> (<\/span><i><span style=\"font-weight: 400;\">pisan<\/span><\/i><span style=\"font-weight: 400;\">, crven) kada se priroda budi, a pokapa hladna, nemilosrdna zimska Morana. Time nastupa prolje\u0107e i mlada Mara. Svi su sveti <\/span><i><span style=\"font-weight: 400;\">ognji<\/span><\/i><span style=\"font-weight: 400;\">, ku\u0107ne vatre, obnovljeni. \u017divot ponovo ima \u017eare\u0107i potencijal.<\/span><\/span><\/p>\n<p><span style=\"font-family: 'book antiqua', palatino, serif; color: #000000;\">&nbsp;<\/span><span style=\"font-family: 'book antiqua', palatino, serif; color: #000000;\"><span style=\"font-weight: 400;\">No taj se potencijal ne ostvaruje sve do zelena <\/span><b>Jarilova<\/b><span style=\"font-weight: 400;\">, vremena kada se novi \u017eivot napokon za\u010dima usred <\/span><b>slavlja<\/b> <b>plodnosti i rodnosti<\/b><span style=\"font-weight: 400;\">. <\/span><b>Jarilo tada nastavlja svoj hod<\/b><span style=\"font-weight: 400;\">, kada <\/span><b>zlatnim klju\u010dem otvara vrata Vireja,<\/b><span style=\"font-weight: 400;\"> Velesova dvora, u kojem je cijelu zimu bilo zaklju\u010dano <\/span><b>zelenilo<\/b> <b>i<\/b> <b><i>rosica<\/i><\/b><span style=\"font-weight: 400;\">. Tek su tada \u017eivototvorne polarnosti dovoljno zrele i <\/span><i><span style=\"font-weight: 400;\">jare\u0107e<\/span><\/i><span style=\"font-weight: 400;\">. One se vi\u0161e ne dozivaju preko nepremostive duboke vode, kao \u0161to su se iz svojih svijetova dozivali Jarilo i Mara na Gromnicu, ve\u0107 pod svaku cijenu grabe jedne prema drugima.&nbsp;<\/span><\/span><\/p>\n<p><span style=\"font-family: 'book antiqua', palatino, serif; color: #000000;\"><span style=\"font-weight: 400;\">Taj je \u017eivotni zov toliko jarolik da i sam Jarilo Velesu sije\u010de glavu, <\/span><i><span style=\"font-weight: 400;\">ru\u0161i most<\/span><\/i><span style=\"font-weight: 400;\">, odnosno polje\u017ee cijelo drvo \u017eivota da bi do\u0161ao u svadbu svojoj Mari. <\/span><b>Jednom je nogom jo\u0161 u Velesovoj mo\u010dvari, a drugom u Perunovom \u017eivom ognju, spajaju\u0107i najbolje od oba svijeta.&nbsp;<\/b><\/span><\/p>\n<p><span style=\"font-weight: 400; font-family: 'book antiqua', palatino, serif; color: #000000;\">On dolazi <strong>zvjerolik<\/strong>, preko mora, nalikuju\u0107i na kakvoga divljeg stvora. Ipak ga je odgojila najve\u0107a zvijer od svih, \u010diju je stoku \u010duvao tr\u010de\u0107i crnim \u0161umama. Jarilo dolazi kao lovac \u010diji su lova\u010dki psi sami vukovi i vu\u010dice. Plijen, pa i mladu mu donose sna\u017eni i mudri sokolovi. Na glavi mu je kunina kapa, a u ruci ma\u010d.<br \/>\n<\/span><\/p>\n<p><span style=\"font-weight: 400; font-family: 'book antiqua', palatino, serif; color: #000000;\">Kuda on hodi, tuda polje rodi. Donosi zdravlja i veselja, \u010de\u0161\u0107e i gu\u0161\u0107e zvijezde na nebu, \u010de\u0161\u0107e i gu\u0161\u0107e snopove na polju. Mitska se zbivanja vezana za Jarilovo u folkloru preklapaju i s Ivanjskima, no sada se svatovi jo\u0161 ne okupljaju, ve\u0107 bude i spremaju. Jarilo se zaustavlja pred Perunovim vratima jer \u0107e tek na Kupalu u nebeskim vrtovima izrasti zlatno svadbeno ruho i Mara postati njegovom \u017eenom.<\/span><\/p>\n<p><img loading=\"lazy\" decoding=\"async\" class=\"wp-image-1595 alignleft\" src=\"https:\/\/rodnovjerje.com.hr\/wp-content\/uploads\/2024\/05\/jurjev-hod-smanjena-184x365.jpg\" alt=\"\" width=\"176\" height=\"349\" srcset=\"https:\/\/rodnovjerje.com.hr\/wp-content\/uploads\/2024\/05\/jurjev-hod-smanjena-184x365.jpg 184w, https:\/\/rodnovjerje.com.hr\/wp-content\/uploads\/2024\/05\/jurjev-hod-smanjena-424x840.jpg 424w, https:\/\/rodnovjerje.com.hr\/wp-content\/uploads\/2024\/05\/jurjev-hod-smanjena-768x1521.jpg 768w, https:\/\/rodnovjerje.com.hr\/wp-content\/uploads\/2024\/05\/jurjev-hod-smanjena-776x1536.jpg 776w, https:\/\/rodnovjerje.com.hr\/wp-content\/uploads\/2024\/05\/jurjev-hod-smanjena-1034x2048.jpg 1034w, https:\/\/rodnovjerje.com.hr\/wp-content\/uploads\/2024\/05\/jurjev-hod-smanjena-scaled.jpg 1293w\" sizes=\"(max-width: 176px) 100vw, 176px\" \/><\/p>\n<p style=\"text-align: center;\"><span style=\"font-weight: 400; font-family: 'book antiqua', palatino, serif; color: #000000;\"><span style=\"color: #808080;\"><br \/>\nSlika 5.<\/span>&nbsp; <\/span><span style=\"font-weight: 400; font-family: 'book antiqua', palatino, serif; color: #000000;\">Shema Jarilova hoda kroz godinu sa simboli\u010dnim bojama.<br \/>\n<span style=\"font-weight: 400; font-family: 'book antiqua', palatino, serif; color: #808080; font-size: 12pt;\">Izvor: <span style=\"font-family: 'book antiqua', palatino, serif;\">Belaj, V.:&nbsp;<em>Hod kroz godinu<\/em> (2007.)<\/span><\/span><br \/>\n<\/span><\/p>\n<p style=\"text-align: left;\"><span style=\"font-family: 'book antiqua', palatino, serif; color: #000000;\"><span style=\"font-weight: 400;\">Na Velikdan Jarilo svoj hod zapo\u010dinje u Vireju (*<\/span><i><span style=\"font-weight: 400;\">vyr\u044aj\u044a<\/span><\/i><span style=\"font-weight: 400;\">) (<\/span><i><span style=\"font-weight: 400;\">crvena boja<\/span><\/i><span style=\"font-weight: 400;\">), prelaskom preko mora (*<\/span><i><span style=\"font-weight: 400;\">mor\u0115<\/span><\/i><span style=\"font-weight: 400;\">) na Jarilovo (<i>zelena boja<\/i>) on <\/span><span style=\"font-weight: 400;\">dolazi kroz ozelenjen lug (*<\/span><i><span style=\"font-weight: 400;\">l\u01ebg\u044a<\/span><\/i><span style=\"font-weight: 400;\">) u polje (*<\/span><i><span style=\"font-weight: 400;\">pol\u2019e<\/span><\/i><span style=\"font-weight: 400;\">), a potom na Kupalu (<\/span><i><span style=\"font-weight: 400;\">\u017euta boja<\/span><\/i><span style=\"font-weight: 400;\">) ulazi kroz vrata Zlatnoga dvora (*<\/span><i><span style=\"font-weight: 400;\">dvor\u044a<\/span><\/i><span style=\"font-weight: 400;\">) i ulazi u sam Marin dom (*<\/span><i><span style=\"font-weight: 400;\">dom\u044a<\/span><\/i><span style=\"font-weight: 400;\">), nakon \u010dega se svadba odr\u017eava u lugu, gdje je i bra\u010dna postelja.&nbsp;<\/span><\/span><\/p>\n<p>&nbsp;<\/p>\n<p style=\"text-align: center;\"><img fetchpriority=\"high\" decoding=\"async\" class=\"alignnone wp-image-1344\" src=\"https:\/\/rodnovjerje.com.hr\/wp-content\/uploads\/2024\/02\/pejdz-2-660x59.jpg\" alt=\"\" width=\"839\" height=\"75\" srcset=\"https:\/\/rodnovjerje.com.hr\/wp-content\/uploads\/2024\/02\/pejdz-2-660x59.jpg 660w, https:\/\/rodnovjerje.com.hr\/wp-content\/uploads\/2024\/02\/pejdz-2-840x75.jpg 840w, https:\/\/rodnovjerje.com.hr\/wp-content\/uploads\/2024\/02\/pejdz-2-768x69.jpg 768w, https:\/\/rodnovjerje.com.hr\/wp-content\/uploads\/2024\/02\/pejdz-2-1536x138.jpg 1536w, https:\/\/rodnovjerje.com.hr\/wp-content\/uploads\/2024\/02\/pejdz-2-2048x184.jpg 2048w\" sizes=\"(max-width: 839px) 100vw, 839px\" \/><\/p>\n<p style=\"text-align: center;\"><span style=\"font-family: 'book antiqua', palatino, serif; color: #c70000; font-size: 30pt;\"><b><span style=\"color: #c70000; font-size: 30pt;\"><strong><span style=\"font-family: 'book antiqua', palatino, serif;\"><span style=\"font-size: 16pt; color: #ba0000;\"><span style=\"font-size: 14pt;\">\u25c6 <\/span><\/span><\/span><\/strong><\/span><span style=\"color: #000000;\">T\u01ebda doidet<\/span><\/b><span style=\"color: #000000;\"><b>\u044c<\/b><b> mold<\/b><b>\u044a <\/b><b>Jarylo, vodit<\/b><b>\u044a<\/b><b> h<\/b><b>\u044a<\/b><b>rt<\/b><b>\u044a <\/b><b>i sokol<\/b><\/span><b><span style=\"color: #000000;\">\u044a<\/span> <span style=\"color: #c70000; font-size: 30pt;\"><strong><span style=\"font-family: 'book antiqua', palatino, serif;\"><span style=\"font-size: 16pt; color: #ba0000;\"><span style=\"font-size: 14pt;\">\u25c6<\/span><\/span><\/span><\/strong><\/span><\/b><\/span><\/p>\n<p><span style=\"font-family: 'book antiqua', palatino, serif; color: #000000;\"><span style=\"font-weight: 400;\">Jarilo na svoj dan, jednom godi\u0161nje, dolazi trudnim hodom dalekim putem na svoju svadbu. Kao mlad junak prvo dolazi pod Drvo svijeta, u <\/span><i><span style=\"font-weight: 400;\">Lug,<\/span><\/i><span style=\"font-weight: 400;\"> te tamo zatje\u010de djevojku koja se vi\u0161e obazire na svoj dom i bra\u0107u, nego na njega, o\u010dito ga ne prepoznaju\u0107i kao jednog od njih:<\/span><\/span><\/p>\n<p style=\"text-align: center;\"><span style=\"font-weight: 400; font-family: 'book antiqua', palatino, serif; color: #ba0000;\">\u201c Ide Mara na vodicu, Ivo za njom na konjicu, lijepoj Mari govorio:<br \/>\n<\/span><span style=\"font-weight: 400; font-family: 'book antiqua', palatino, serif; color: #ba0000;\">&#8211; Do\u010dekaj me, du\u0161o Mare! Imam s tobom govoriti.<br \/>\n<\/span><span style=\"font-weight: 400; font-family: 'book antiqua', palatino, serif; color: #ba0000;\">Govori mu lijepa Mare:<br \/>\n<\/span><span style=\"font-weight: 400; font-family: 'book antiqua', palatino, serif; color: #ba0000;\">&#8211; Ne mogu te do\u010dekati. U dvoru mi devet bra\u0107e, a deseti u djevojke.\u201d<\/span><\/p>\n<p><span style=\"font-family: 'book antiqua', palatino, serif; color: #000000;\"><span style=\"font-weight: 400;\">Mara je njegova budu\u0107a mlada te je na vodi, a uz nju su i kuna i lisica, \u017eivotinje skupocjena krzna. <\/span><b>Jarilo <\/b><span style=\"font-weight: 400;\">joj u pjesmama <\/span><b>od ulovljene kune radi bundu <\/b><span style=\"font-weight: 400;\">koja je simbol \u017eenidbe. Od kune je sa\u010dinjena <\/span><b>i kapa <\/b><span style=\"font-weight: 400;\">\u0161to je jedan od glavnih Jarilovih atributa.<\/span><\/span><\/p>\n<p><span style=\"font-family: 'book antiqua', palatino, serif; color: #000000;\"><span style=\"font-weight: 400;\">U litavskim narodnim pjesmama on se spominje kao<\/span><b> golem lik na konju \u010dije ostruge sjaje kroz \u0161umu, a kapa prekriva svo drve\u0107e i svijet. Pod njegovom kapom raste je\u010dam i ra\u017e:<\/b><\/span><\/p>\n<p style=\"text-align: center;\"><span style=\"color: #ba0000;\"><span style=\"font-family: 'book antiqua', palatino, serif;\">&nbsp;<\/span><span style=\"font-weight: 400; font-family: 'book antiqua', palatino, serif;\">\u201cBratac je sjedio na konju, kapu od kunovine je nosio.\u201d<br \/>\n<\/span><\/span><span style=\"font-family: 'book antiqua', palatino, serif; color: #ba0000;\"><b>\u25aa<br \/>\n<\/b><\/span><span style=\"font-weight: 400; font-family: 'book antiqua', palatino, serif; color: #ba0000;\">\u201cHej, Ivice, Bo\u017eji sine, kako ti je samo velik konj! Kroz grmlje sjaju ostruge, pri vrhu drve\u0107a kapa.\u201d<br \/>\n<\/span><span style=\"font-family: 'book antiqua', palatino, serif; color: #ba0000;\"><b>\u25aa<br \/>\n<\/b><\/span><span style=\"font-weight: 400; font-family: 'book antiqua', palatino, serif; color: #ba0000;\">\u201cHej, Ivice, Bo\u017eji sine, kako ti je samo gusta kapa! Pod tvojom kapom izrastao mi je je\u010dam, ra\u017e!\u201d<br \/>\n<\/span><span style=\"font-family: 'book antiqua', palatino, serif; color: #ba0000;\"><b>\u25aa<br \/>\n<\/b><\/span><span style=\"font-weight: 400; font-family: 'book antiqua', palatino, serif; color: #ba0000;\">\u201cHej, Ivice, Bo\u017eji sine, kako ti je samo \u0161iroka kapa. Sav \u0161iroki svijet pod suncem ispod tvoje je kape.\u201d<\/span><\/p>\n<p style=\"text-align: center;\"><img loading=\"lazy\" decoding=\"async\" class=\" wp-image-1643 aligncenter\" src=\"https:\/\/rodnovjerje.com.hr\/wp-content\/uploads\/2024\/05\/jarilo-3-660x306.jpg\" alt=\"\" width=\"443\" height=\"205\" srcset=\"https:\/\/rodnovjerje.com.hr\/wp-content\/uploads\/2024\/05\/jarilo-3-660x306.jpg 660w, https:\/\/rodnovjerje.com.hr\/wp-content\/uploads\/2024\/05\/jarilo-3-840x390.jpg 840w, https:\/\/rodnovjerje.com.hr\/wp-content\/uploads\/2024\/05\/jarilo-3-768x356.jpg 768w, https:\/\/rodnovjerje.com.hr\/wp-content\/uploads\/2024\/05\/jarilo-3.jpg 1507w\" sizes=\"(max-width: 443px) 100vw, 443px\" \/><span style=\"font-family: 'book antiqua', palatino, serif; color: #808080; font-size: 12pt;\">Slika 4. Prikaz simbola Jarila u bjeloruskom tradicionalnom vezu<br \/>\nIzvor: <span style=\"font-family: 'book antiqua', palatino, serif;\">M. S. Kacar: <em>Bjeloruski ornament<\/em>&nbsp;(1996.)<\/span><\/span><\/p>\n<p><span style=\"font-family: 'book antiqua', palatino, serif; color: #000000;\"><span style=\"font-weight: 400;\">On se u pjesmama pojavljuje <\/span><b>kao lovac <\/b><span style=\"font-weight: 400;\">te sa sobom <\/span><b>dovodi <\/b><span style=\"font-weight: 400;\">lovne \u017eivotinje, <\/span><b>hrta <\/b><span style=\"font-weight: 400;\">i <\/span><b>sokola<\/b><span style=\"font-weight: 400;\">. Hrta pu\u0161ta za kunicom, sokola za lisicom, a sam junak lovi djevojku. U nekim pjesmama on nema hrta, ve\u0107 \u010detiri sokola, od kojih jedan donosi <\/span><i><span style=\"font-weight: 400;\">prelijepu gospo\u0111icu<\/span><\/i><span style=\"font-weight: 400;\">:<\/span><\/span><\/p>\n<p style=\"text-align: center;\"><span style=\"font-weight: 400; font-family: 'book antiqua', palatino, serif; color: #ba0000;\">\u201c\u041f\u0435\u0440\u0448\u0438\u0439 \u0441\u043e\u043a\u0456\u043b \u043f\u043e\u043b\u0438\u043d\u0443\u0432 \u0432 \u0432\u0438\u043d\u043e\u0433\u0440\u0430\u0434,<br \/>\n<\/span><span style=\"font-weight: 400; font-family: 'book antiqua', palatino, serif; color: #ba0000;\">\u0430 \u0434\u0440\u0443\u0433\u0438\u0439 \u0441\u043e\u043a\u0456\u043b \u043f\u043e\u043b\u0438\u043d\u0443\u0432 \u043d\u0430 \u0414\u0443\u043d\u0430\u0439,<br \/>\n<\/span><span style=\"font-weight: 400; font-family: 'book antiqua', palatino, serif; color: #ba0000;\">\u0430 \u0442\u0440\u0435\u0442\u0438\u0439 \u0441\u043e\u043a\u0456\u043b \u043f\u043e\u043b\u0438\u043d\u0443\u0432 \u043d\u0430 \u0447\u0438\u0441\u0442\u0435 \u043f\u043e\u0434\u0435,<br \/>\n<\/span><span style=\"font-weight: 400; font-family: 'book antiqua', palatino, serif; color: #ba0000;\">\u0430 \u0447\u0435\u0442\u0432\u0435\u0440\u0442\u0438\u0439 \u0441\u043e\u043a\u0456\u043b \u043f\u043e\u043b\u0438\u043d\u0443\u0432 \u043f\u0456\u0434 \u043d\u0435\u0431\u0435\u0441\u0430.<br \/>\n<\/span><span style=\"font-weight: 400; font-family: 'book antiqua', palatino, serif; color: #ba0000;\">\u0417 \u0432\u0438\u043d\u043e\u0433\u0440\u0430\u0434\u0443 \u043b\u0435\u0442\u0438\u0442\u044c, \u043a\u0443\u0440\u043e\u043f\u0430\u0442\u0443 \u043d\u0435\u0441\u0435,<br \/>\n<\/span><span style=\"font-weight: 400; font-family: 'book antiqua', palatino, serif; color: #ba0000;\">\u0437 \u0414\u0443\u043d\u0430\u044e \u043b\u0438\u043d\u0435, \u0441\u0440\u0456\u0431\u043d\u0438\u0439 \u043f\u0435\u0440\u0441\u0442\u0435\u043d\u044c \u043d\u0435\u0441\u0435,<br \/>\n<\/span><span style=\"font-weight: 400; font-family: 'book antiqua', palatino, serif; color: #ba0000;\">\u0437 \u0447\u0438\u0441\u0442\u0430 \u043f\u043e\u043b\u044f \u043b\u0438\u043d\u0435, \u0441\u0442\u0430\u0434\u043d\u043e\u0433\u043e \u043a\u043e\u043d\u044f \u0436\u0435\u043d\u0435,<br \/>\n<\/span><span style=\"font-weight: 400; font-family: 'book antiqua', palatino, serif; color: #ba0000;\">\u0437 \u043f\u0456\u0434 \u043d\u0435\u0431\u0435\u0441 \u043b\u0438\u043d\u0435, \u043a\u0440\u0430\u0441\u043d\u0443\u044e \u043f\u0430\u043d\u043d\u0443 \u0432\u0435\u0434\u0435.\u201d<br \/>\n<\/span><span style=\"font-family: 'book antiqua', palatino, serif; color: #ba0000;\"><b>\u25aa<br \/>\n<\/b><\/span><span style=\"font-weight: 400; font-family: 'book antiqua', palatino, serif; color: #ba0000;\">\u201cPrvi je sokol poletio u vinograd, a drugi je sokol poletio na Dunav, a tre\u0107i je sokol poletio na ravno polje, a \u010detvrti je sokol poletio pod nebesa.<br \/>\n<\/span><span style=\"font-weight: 400; font-family: 'book antiqua', palatino, serif; color: #ba0000;\">Iz vinograda lije\u0107e, jarebicu nosi, s Dunava leti, srebrni prsten nosi, iz ravnoga polja leti, konja od stada goni, iz podnebesja leti, prelijepu gospo\u0111icu vodi.\u201d<br \/>\n<\/span><\/p>\n<p><span style=\"font-family: 'book antiqua', palatino, serif; color: #000000;\"><span style=\"font-weight: 400;\">Osim \u0161to su njegove lovne \u017eivotinje sokoli, to su i <\/span><i><span style=\"font-weight: 400;\">hrti<\/span><\/i><span style=\"font-weight: 400;\">.<br \/>\n<\/span><\/span><span style=\"font-family: 'book antiqua', palatino, serif; color: #000000;\"><span style=\"font-weight: 400;\">Iz bjeloruske usmene predaje saznaje se da je <\/span><b>Jarilo gospodar vukova<\/b><span style=\"font-weight: 400;\">, te su njegovi <\/span><b><i>hrti<\/i><\/b> <span style=\"font-weight: 400;\">zapravo <\/span><b>vukovi<\/b><span style=\"font-weight: 400;\">:<\/span><\/span><\/p>\n<p style=\"text-align: center;\"><span style=\"color: #ba0000;\"><span style=\"font-weight: 400; font-family: 'book antiqua', palatino, serif;\">\u201c\u0421\u0432\u044f\u0442\u044b\u0439 \u0445\u0440\u0430\u0431\u0440\u044b\u0439 \u042f\u0433\u043e\u0440\u0438\u0439,&#8230; \u0437\u043c\u0430\u043d\u0438 \u0441\u0432\u043e\u0438\u0445 \u0442\u0440\u043e\u0445 \u0445\u043e\u0440\u0442\u043e\u0432 \u043e\u0445\u0430\u0442\u043d\u0438\u043a\u043e\u0432, \u0432\u043e\u0432\u043a\u043e\u0432 \u0438 \u0432\u043e\u0432\u0447\u0438\u0446 \u0438 \u0432\u043e\u0432\u0447\u0430\u043d\u044f\u0442.\u201d<br \/>\n<\/span><span style=\"font-weight: 400; font-family: 'book antiqua', palatino, serif;\">\u25aa<br \/>\n<\/span><span style=\"font-weight: 400; font-family: 'book antiqua', palatino, serif;\">\u201cSveti hrabri Jegorije, &#8230; skupi svoja tri hrta lovca, vukove i vu\u010dice i vu\u010di\u0107e.\u201d<\/span><span style=\"font-family: 'book antiqua', palatino, serif;\">&nbsp;<\/span><\/span><\/p>\n<p><span style=\"font-weight: 400; font-family: 'book antiqua', palatino, serif; color: #000000;\">U zagovorima protiv napada vukova ljudi i vra\u010devi \u010desto su mu se zato izravno obra\u0107ali.<br \/>\n<\/span><span style=\"font-family: 'book antiqua', palatino, serif; color: #000000;\"><span style=\"font-weight: 400;\">U sklopu jurjevskih obi\u010daja je i <\/span><b>za\u0161tita stoke od vukova<\/b><span style=\"font-weight: 400;\">:<\/span><\/span><\/p>\n<p style=\"text-align: center;\"><span style=\"font-family: 'book antiqua', palatino, serif; color: #000000;\">&nbsp;<\/span><span style=\"color: #ba0000;\"><span style=\"font-weight: 400; font-family: 'book antiqua', palatino, serif;\">\u201c\u043f\u043e\u0441\u043b\u0435 \u042e\u0440\u044c\u044f \u043d\u0435\u0447\u0435\u0433\u043e \u0431\u043e\u044f\u0446\u0446\u0430, \u0431\u043e \u042e\u0440\u044b \u0435\u0434\u0437\u0435\u0446\u044c \u043d\u0430 \u0441\u0438\u0432\u044b\u043c \u043a\u043e\u043d\u0435, \u0437\u0443\u0431\u0438 \u0432\u043e\u0439\u043a\u043e\u043c \u0437\u0430\u043c\u044b\u043a\u0430\u0435\u0446\u044c.\u201d<br \/>\n<\/span><span style=\"font-weight: 400; font-family: 'book antiqua', palatino, serif;\">\u25aa<br \/>\n<\/span><span style=\"font-weight: 400; font-family: 'book antiqua', palatino, serif;\">\u201cPoslije Jurja nema se \u010dega bojati jer Juraj ja\u0161i na sivom konju, zube vukovima zatvara.\u201d<\/span><\/span><\/p>\n<p><span style=\"font-weight: 400; font-family: 'book antiqua', palatino, serif; color: #000000;\">Osim \u0161to je Juraj \u0161titio stoku, <strong>posebno<\/strong> se <strong>brinuo<\/strong> <strong>za<\/strong> <strong>konje<\/strong>, \u017eivotinje koje predstavljaju i njega samoga. U sljede\u0107em bjeloruskom obrednom propisu nastupa djevojka obavezno odjevena u bijelo, mole\u0107i Jurja da pase konje:<\/span><\/p>\n<p style=\"text-align: center;\"><span style=\"color: #ba0000;\"><span style=\"font-family: 'book antiqua', palatino, serif;\">&nbsp;<\/span><span style=\"font-weight: 400; font-family: 'book antiqua', palatino, serif;\">\u201c\u041d\u0430 \u042f\u0433\u043e\u0440\u044c\u044f, 23. \u0430\u043f\u0440\u0435\u043b\u044f, \u0431\u044f\u0440\u0435\u0448 \u0445\u043b\u0435\u0431\u0430-\u0441\u043e\u043b\u0438 \u0443 \u0431\u0435\u043b\u0443\u044e \u0442\u0440\u044f\u043f\u043e\u0447\u043a\u0443 \u0438 \u043d\u044f\u0441\u0435\u0448 \u043d\u0430 \u043a\u0443\u0440\u0433\u0430\u043d\u0447\u0435\u043a, \u043f\u043e \u0442\u0440\u0438 \u0440\u0430\u0437\u044b \u0443 \u0442\u0440\u0438 \u0431\u043e\u043a\u0438 \u043f\u043e\u043a\u043b\u043e\u043d\u0438\u0441\u044c\u0441\u044f \u043d\u0451 \u043f\u0438\u0440\u0430\u044e\u0447\u0438\u0441\u044c \u0440\u0443\u043a\u0430\u043c\u0438 \u0437\u0430\u043a\u043b\u0430\u0432\u0448\u0438 \u0438\u0445 \u043d\u0430\u0437\u0430\u0434 \u0438 \u043f\u043e\u043c\u043e\u043b\u0438\u0441\u044c\u0441\u044f: -\u0414\u0437\u0435\u043c\u043d\u044c\u0446\u0435\u0432\u0438\u0447-\u041a\u043b\u0435\u043c\u043d\u044c\u0446\u0435\u0432\u0438\u0447, \u043d\u0430\u0446\u044f \u0432\u0430\u043c \u0445\u043b\u0435\u0431-\u0441\u043e\u043b\u0438, \u043f\u0430\u0441\u0438 \u043c\u043e\u0438\u0445 \u043a\u043e\u043d\u0438\u0439.\u201d<br \/>\n<\/span><span style=\"font-family: 'book antiqua', palatino, serif;\"><b>\u25aa<br \/>\n<\/b><\/span><\/span><span style=\"font-weight: 400; font-family: 'book antiqua', palatino, serif; color: #000000;\"><span style=\"color: #ba0000;\">\u201cNa Jegorijevo, 23. travnja, uzme\u0161 kruha i soli u bijelu krpicu i nosi\u0161 na humak, po tri puta na tri strane pokloni se i opiru\u0107i se rukama, zabaciv\u0161i ih nazad, pomoli se: Demencevi\u0107u-Klemen\u010devi\u0107u, eto vam kruha i soli, pasi moje konje.\u201d<\/span><\/span><\/p>\n<p>&nbsp;<\/p>\n<p style=\"text-align: center;\"><span style=\"font-family: 'book antiqua', palatino, serif; color: #000000;\"> <span style=\"font-family: 'book antiqua', palatino, serif; color: #c70000; font-size: 30pt;\"><b><span style=\"color: #c70000; font-size: 30pt;\"><strong><span style=\"font-family: 'book antiqua', palatino, serif;\"><span style=\"font-size: 16pt; color: #ba0000;\"><span style=\"font-size: 14pt;\"><span style=\"font-weight: 400;\"><img fetchpriority=\"high\" decoding=\"async\" class=\"alignnone wp-image-1344\" src=\"https:\/\/rodnovjerje.com.hr\/wp-content\/uploads\/2024\/02\/pejdz-2-660x59.jpg\" alt=\"\" width=\"839\" height=\"75\" srcset=\"https:\/\/rodnovjerje.com.hr\/wp-content\/uploads\/2024\/02\/pejdz-2-660x59.jpg 660w, https:\/\/rodnovjerje.com.hr\/wp-content\/uploads\/2024\/02\/pejdz-2-840x75.jpg 840w, https:\/\/rodnovjerje.com.hr\/wp-content\/uploads\/2024\/02\/pejdz-2-768x69.jpg 768w, https:\/\/rodnovjerje.com.hr\/wp-content\/uploads\/2024\/02\/pejdz-2-1536x138.jpg 1536w, https:\/\/rodnovjerje.com.hr\/wp-content\/uploads\/2024\/02\/pejdz-2-2048x184.jpg 2048w\" sizes=\"(max-width: 839px) 100vw, 839px\" \/><br \/>\n\u25c6 <\/span><\/span><\/span><\/span><\/strong><\/span><\/b><\/span><\/span><span style=\"font-family: 'book antiqua', palatino, serif; color: #000000; font-size: 30pt;\"><b>Jarylo pozoju \/ zm<\/b><b>\u044c<\/b><b>ji m<\/b><b>\u044c<\/b><b>\u010dem<\/b><b>\u044c<\/b><b> golv\u01eb s\u0115\u010det<\/b><b>\u044c <span style=\"color: #c70000; font-size: 30pt;\"><strong><span style=\"font-family: 'book antiqua', palatino, serif;\"><span style=\"font-size: 16pt; color: #ba0000;\"><span style=\"font-size: 14pt;\">\u25c6<\/span><\/span><\/span><\/strong><\/span><\/b><\/span><\/p>\n<p><span style=\"font-family: 'book antiqua', palatino, serif; color: #000000;\"><span style=\"font-weight: 400;\">Nadalje, u bjeloruskome obi\u010daju djevojka koja utjelovljuje Jarila obavezno je obu\u010dena u bijelu haljinu. Prema predaji, i <\/span><b>Jarilo <\/b><span style=\"font-weight: 400;\">i Juraj nose bijelu haljinu te ja\u0161u bijelog konja.<\/span><\/span><\/p>\n<p style=\"text-align: center;\"><span style=\"font-family: 'book antiqua', palatino, serif; color: #000000;\"><span style=\"font-weight: 400;\"><img loading=\"lazy\" decoding=\"async\" class=\" wp-image-1626 aligncenter\" src=\"https:\/\/rodnovjerje.com.hr\/wp-content\/uploads\/2024\/05\/JARILO-5-1-660x352.png\" alt=\"\" width=\"593\" height=\"316\" srcset=\"https:\/\/rodnovjerje.com.hr\/wp-content\/uploads\/2024\/05\/JARILO-5-1-660x352.png 660w, https:\/\/rodnovjerje.com.hr\/wp-content\/uploads\/2024\/05\/JARILO-5-1-840x447.png 840w, https:\/\/rodnovjerje.com.hr\/wp-content\/uploads\/2024\/05\/JARILO-5-1-768x409.png 768w, https:\/\/rodnovjerje.com.hr\/wp-content\/uploads\/2024\/05\/JARILO-5-1-900x480.png 900w, https:\/\/rodnovjerje.com.hr\/wp-content\/uploads\/2024\/05\/JARILO-5-1.png 918w\" sizes=\"(max-width: 593px) 100vw, 593px\" \/><span style=\"color: #808080; font-size: 12pt;\">Slika 5. <span style=\"font-family: 'book antiqua', palatino, serif;\">Prikaz lika Jarila u bjeloruskom tradicionalnom vezu<\/span><\/span><br \/>\n<span style=\"color: #808080; font-size: 12pt;\"><span style=\"font-weight: 400; font-family: 'book antiqua', palatino, serif;\">Izvor:<\/span> <span style=\"font-family: 'book antiqua', palatino, serif;\"><span style=\"font-size: 12pt;\">M. C. Kacar: <em>Bjeloruski ornament<\/em>&nbsp;(1996.)<\/span><\/span><\/span><\/span><\/span><\/p>\n<p><span style=\"font-family: 'book antiqua', palatino, serif; color: #000000;\"><span style=\"font-weight: 400;\"><span style=\"font-weight: 400;\">Osim \u0161to Juraj nosi bijelu haljinu, <\/span><b style=\"font-size: 1.0625rem;\">nosi <\/b><span style=\"font-weight: 400;\">u ruci i spomenutu <\/span><b style=\"font-size: 1.0625rem;\">glavu<\/b><span style=\"font-weight: 400;\">. U jurjevskoj pjesmi iz Turopolja saznajemo \u010dija je zapravo glava u pitanju:<\/span><\/span><\/span><\/p>\n<p style=\"text-align: center;\"><span style=\"color: #ba0000;\"><span style=\"font-family: 'book antiqua', palatino, serif;\">&nbsp;<\/span><span style=\"font-weight: 400; font-family: 'book antiqua', palatino, serif;\">\u201cCrna gora zeleni se, svaka majka \u017ealosti se za jedinu \u010derku svoju koju mora dat pozoju.<br \/>\n<\/span><span style=\"font-weight: 400; font-family: 'book antiqua', palatino, serif;\">Kad se pozoj van poka\u017ee, sveti Juraj k njemu ja\u0161e, iz korica ma\u010d izvle\u010de, pa pozoju glavu se\u010de.\u201d<\/span><\/span><\/p>\n<p><span style=\"font-family: 'book antiqua', palatino, serif; color: #000000;\">&nbsp;<\/span><span style=\"font-family: 'book antiqua', palatino, serif; color: #000000;\"><span style=\"font-weight: 400;\">Rije\u010d <\/span><b><i>pozoj<\/i><\/b> <span style=\"font-weight: 400;\">u nekim dana\u0161njim jezicima ozna\u010dava pojam \u2018neman\u2019, \u2018zmaj\u2019. Praslavenska rije\u010d <\/span><i><span style=\"font-weight: 400;\">zoj\u044c <\/span><\/i><span style=\"font-weight: 400;\">(rus. <\/span><i><span style=\"font-weight: 400;\">\u0437\u043e\u0439) <\/span><\/i><span style=\"font-weight: 400;\">\u201ckrika (iz razvaljenih usta)\u201d i <\/span><i><span style=\"font-weight: 400;\">pozoj\u044c <\/span><\/i><span style=\"font-weight: 400;\">\u201czijev\u201d indoeuropskog su korjena. Jurjevska pjesma iz Svete Nedjelje kod Samobora obja\u0161njava tko je taj <\/span><i><span style=\"font-weight: 400;\">pozoj<\/span><\/i><span style=\"font-weight: 400;\">. On <\/span><b>je zmija<\/b><span style=\"font-weight: 400;\">:<\/span><\/span><\/p>\n<p style=\"text-align: center;\"><span style=\"font-weight: 400; font-family: 'book antiqua', palatino, serif; color: #ba0000;\">\u201cSrede mora je pe\u0107ina, u pe\u0107ini ljuta zmija.<br \/>\n<\/span><span style=\"font-weight: 400; font-family: 'book antiqua', palatino, serif; color: #ba0000;\">Kada zmija glavu ka\u017ee, sveti Juraj sablum ma\u0161e,<br \/>\n<\/span><span style=\"font-weight: 400; font-family: 'book antiqua', palatino, serif; color: #ba0000;\">a kad zmija zapliva\u0161e, on joj glavu odseka\u0161e.<br \/>\n<\/span><span style=\"font-weight: 400; font-family: 'book antiqua', palatino, serif; color: #ba0000;\">Crna gora zeleni se, svaka majka \u017ealosti se<br \/>\n<\/span><span style=\"font-weight: 400; font-family: 'book antiqua', palatino, serif; color: #ba0000;\">za jedinu k\u0107erku svoju koju mora dat pozoju.<br \/>\n<\/span><span style=\"font-weight: 400; font-family: 'book antiqua', palatino, serif; color: #ba0000;\">Svaki dan mu mora biti jedno janje i djevojka.\u201d<\/span><\/p>\n<p><span style=\"font-family: 'book antiqua', palatino, serif; color: #000000;\"><b>Protivnik kojeg Jarilo pobje\u0111uje <\/b><span style=\"font-weight: 400;\">zaziva se i kao<\/span> <b><i>zm\u044cja <\/i><\/b><b>i <\/b><b><i>zm\u044cj\u044c<\/i><\/b> <span style=\"font-weight: 400;\">(\u201czemljani\/zemljana\u201d, \u201conaj\/ona koji\/koja pu\u017ee po zemlji\u201d) ili kao <\/span><b><i>\u010d\u044crt\u044c <\/i><\/b><span style=\"font-weight: 400;\">(\u201conaj koji vu\u010de brazdu\u201d, \u201conaj koji ruje\u201d).<br \/>\n<\/span><\/span><span style=\"font-family: 'book antiqua', palatino, serif; color: #000000;\"><span style=\"font-weight: 400;\">Temeljni naziv opisanih bi\u0107a bio je praslav. <\/span><i><span style=\"font-weight: 400;\">\u01eb\u017e\u044c <\/span><\/i><span style=\"font-weight: 400;\">(hrv. <\/span><i><span style=\"font-weight: 400;\">zmija<\/span><\/i><span style=\"font-weight: 400;\">)<\/span><i><span style=\"font-weight: 400;\">.<br \/>\n<\/span><\/i><\/span><span style=\"font-family: 'book antiqua', palatino, serif; color: #000000;\"><span style=\"font-weight: 400;\">Na ruskom sjeveru ophodnici zazivaju Jegorija (Jurja) da potjera divlje \u017eivotinje (odnosno <\/span><b><i>zv\u011br\u044c<\/i><\/b><i><span style=\"font-weight: 400;\">, <\/span><\/i><b><i>medv\u011bd\u044c<\/i><\/b><i><span style=\"font-weight: 400;\">)<\/span><\/i><span style=\"font-weight: 400;\"> iza mora, odakle je i sam do\u0161ao. Prema B. Uspenskiju, Jegorjev protivnik je zmaj &#8211; zmija medvje\u0111e glave. Zmaj i zvijer je, naravno, <\/span><b>Veles<\/b><span style=\"font-weight: 400;\">.&nbsp;<\/span><\/span><\/p>\n<p><span style=\"font-family: 'book antiqua', palatino, serif; color: #000000;\"><b>Jarilovo oru\u017eje <\/b><span style=\"font-weight: 400;\">prvobitno je bilo <\/span><b>ma\u010d <\/b><span style=\"font-weight: 400;\">(praslav. <\/span><b><i>m\u044c\u010d\u044c<\/i><\/b><span style=\"font-weight: 400;\">). Bjeloruski zagovori protiv ujeda zmije to i potvr\u0111uju. Sablja postaje Jurjevim oru\u017ejem tek u 13. st. za vrijeme mongolskih provala, kada kao posu\u0111ena rije\u010d ulazi u sve slavenske jezike. Juraj u nekim slu\u010dajevima zmaja ubija kopljem, koje je u tekstovnu predaju moglo u\u0107i pod utjecajem kr\u0161\u0107anske sveta\u010dke legende i ikonografije gdje se sv. Juraj prikazuje kako kopljem ubija zmaja.<br \/>\n<\/span><\/span><span style=\"font-family: 'book antiqua', palatino, serif; color: #000000;\">U <span style=\"font-weight: 400;\">jednome bjeloruskom <\/span><b>zagovoru protiv ujeda zmije, vra\u010d se prijeti zmijama<\/b><span style=\"font-weight: 400;\">:<\/span><\/span><\/p>\n<p style=\"text-align: center;\"><span style=\"font-family: 'book antiqua', palatino, serif; color: #000000;\">&nbsp;<\/span><span style=\"font-weight: 400; font-family: 'book antiqua', palatino, serif; color: #ba0000;\">\u201c&#8230; \u0431\u0443\u0434\u0437\u044f \u0435\u0445\u0430\u0446\u044c \u0441\u0432\u044f\u0442\u044b\u0439 \u042e\u0440\u044b\u0439 \u0438 \u041c\u0438\u043a\u043e\u043b\u0430, \u0431\u0443\u0434\u0437\u044f \u0432\u0430\u0441 \u0441\u043e\u0431\u0438\u0440\u0430\u0446\u044c \u0438 \u043c\u0435\u0447\u0447\u0443 \u0433\u043e\u043b\u043e\u0432\u044b \u043e\u0442\u0441\u0435\u043a\u0430\u0446\u044c.\u201d<br \/>\n<\/span><span style=\"font-weight: 400; font-family: 'book antiqua', palatino, serif; color: #ba0000;\">\u25aa<br \/>\n<\/span><span style=\"font-weight: 400; font-family: 'book antiqua', palatino, serif; color: #ba0000;\">\u201c&#8230; ja\u0161it \u0107e sveti Juraj i Mikola, skupljat \u0107e vas i ma\u010dem glave odsijecati.\u201d<\/span><\/p>\n<p><span style=\"font-weight: 400; font-family: 'book antiqua', palatino, serif; color: #000000;\">Vra\u010d u ne\u0161to druga\u010dijem zagovoru govori zmijama sljede\u0107e:&nbsp;<\/span><\/p>\n<p style=\"text-align: center;\"><span style=\"color: #ba0000;\"><span style=\"font-weight: 400; font-family: 'book antiqua', palatino, serif;\">\u201c&#8230; \u0431\u0443\u0434\u0437\u044f \u0435\u0445\u0430\u0446\u044c \u0441\u0432\u044f\u0442\u044b\u0439 \u042e\u0440\u044b\u0439 &#8211; \u042f\u0433\u043e\u0440\u044b\u0439 \u043d\u0430 \u0441\u0438\u0432\u044f\u043d\u044c\u043a\u0438\u043c \u043a\u043e\u043d\u0438\u043a\u0443, \u0441 \u0447\u0430\u0440\u0432\u043e\u043d\u043e\u0439 \u043f\u0440\u043e\u0442\u0430\u0441\u044d\u0435\u0439, \u0431\u0443\u0434\u0437\u044f \u0432\u0430\u0441 \u0441\u043e\u0431\u0438\u0440\u0430\u0446\u044c, \u0443\u0441\u0438\u043c \u043c\u0435\u0447\u0447\u0443 \u0433\u043e\u043b\u043e\u0432\u044b \u0441\u044b\u043c\u0430\u0446\u044c.\u201d<br \/>\n<\/span><span style=\"font-weight: 400; font-family: 'book antiqua', palatino, serif;\">\u25aa<br \/>\n<\/span><span style=\"font-weight: 400; font-family: 'book antiqua', palatino, serif;\">\u201c&#8230; ja\u0161it \u0107e sveti Juraj-Jegorije na sivom konju, s crvenim pokrovom, skupljat \u0107e vas, svima ma\u010dem glave skidati.\u201d<\/span><\/span><\/p>\n<p style=\"text-align: center;\"><span style=\"font-family: 'book antiqua', palatino, serif;\"><img loading=\"lazy\" decoding=\"async\" class=\"wp-image-1621 aligncenter\" src=\"https:\/\/rodnovjerje.com.hr\/wp-content\/uploads\/2024\/05\/jarilo-6-420x365.png\" alt=\"\" width=\"403\" height=\"350\" srcset=\"https:\/\/rodnovjerje.com.hr\/wp-content\/uploads\/2024\/05\/jarilo-6-420x365.png 420w, https:\/\/rodnovjerje.com.hr\/wp-content\/uploads\/2024\/05\/jarilo-6.png 699w\" sizes=\"(max-width: 403px) 100vw, 403px\" \/><span style=\"color: #808080; font-size: 12pt;\">Slika 6. Prikaz lika Jarila u ruskom tradicionalnom vezu<\/span><\/span><\/p>\n<p style=\"text-align: center;\"><span style=\"font-family: 'book antiqua', palatino, serif; color: #000000;\"><span style=\"font-family: 'book antiqua', palatino, serif; color: #c70000; font-size: 30pt;\"><b><span style=\"color: #c70000; font-size: 30pt;\"><strong><span style=\"font-size: 16pt; color: #ba0000;\"><span style=\"font-size: 14pt;\"><span style=\"font-weight: 400;\"><img fetchpriority=\"high\" decoding=\"async\" class=\"alignnone wp-image-1344\" src=\"https:\/\/rodnovjerje.com.hr\/wp-content\/uploads\/2024\/02\/pejdz-2-660x59.jpg\" alt=\"\" width=\"839\" height=\"75\" srcset=\"https:\/\/rodnovjerje.com.hr\/wp-content\/uploads\/2024\/02\/pejdz-2-660x59.jpg 660w, https:\/\/rodnovjerje.com.hr\/wp-content\/uploads\/2024\/02\/pejdz-2-840x75.jpg 840w, https:\/\/rodnovjerje.com.hr\/wp-content\/uploads\/2024\/02\/pejdz-2-768x69.jpg 768w, https:\/\/rodnovjerje.com.hr\/wp-content\/uploads\/2024\/02\/pejdz-2-1536x138.jpg 1536w, https:\/\/rodnovjerje.com.hr\/wp-content\/uploads\/2024\/02\/pejdz-2-2048x184.jpg 2048w\" sizes=\"(max-width: 839px) 100vw, 839px\" \/>\u25c6&nbsp; <\/span><\/span><\/span><\/strong><\/span><\/b><\/span><\/span><span style=\"font-family: 'book antiqua', palatino, serif; color: #000000; font-size: 30pt;\"><b>Jarylo jadet<\/b><b>\u044c<\/b><b> na b\u011bl\u011b jem<\/b><b>\u044c<\/b><b> koni <span style=\"color: #c70000; font-size: 30pt;\"><strong><span style=\"font-size: 16pt; color: #ba0000;\"><span style=\"font-size: 14pt;\">\u25c6<\/span><\/span><\/strong><\/span><\/b><\/span><\/p>\n<p><span style=\"font-family: 'book antiqua', palatino, serif; color: #000000;\"><span style=\"font-weight: 400;\">U bijeloruskim zagovorima za za\u0161titu stoke od vukova spominje se <\/span><b>Jurjev dolazak na bijelom konju<\/b><span style=\"font-weight: 400;\">, u bijeloj haljini:<\/span><\/span><\/p>\n<p style=\"text-align: center;\"><span style=\"color: #ba0000;\"><span style=\"font-weight: 400; font-family: 'book antiqua', palatino, serif;\">\u201c\u043f\u0440\u0438\u0441\u0430\u0437\u0435\u0446\u044c \u0441\u0432\u044f\u0442\u044b\u0439 \u042e\u0440\u0438\u0439 \u0438 \u042f\u0433\u043e\u0440\u0438\u0439 \u043d\u0430 \u0431\u0435\u043b\u043e\u043c \u043a\u043e\u043d\u0438 .\u201d<br \/>\n<\/span><span style=\"font-weight: 400; font-family: 'book antiqua', palatino, serif;\">\u201cDoja\u0161it \u0107e sveti Juraj i Jegorije na bijelom konju.\u201d<br \/>\n<\/span><span style=\"font-family: 'book antiqua', palatino, serif;\"><b>\u25aa<br \/>\n<\/b><\/span><span style=\"font-weight: 400; font-family: 'book antiqua', palatino, serif;\">\u201c\u0432\u043e\u0442 \u0432\u044b\u0435\u0437\u0436\u0430\u043b \u0441\u0432\u044f\u0442\u043e\u0439 \u042f\u0433\u043e\u0440\u0438\u0439 \u043d\u0430 \u0441\u0432\u0430\u0435\u043c \u0431\u0435\u043b\u044b\u043c \u043a\u043e\u043d\u0438\u043a\u0438.\u201d<br \/>\n<\/span><span style=\"font-weight: 400; font-family: 'book antiqua', palatino, serif;\">\u201cEto, izja\u0161io je sveti Jegorije na svojem bijelom konji\u0107u.\u201d<br \/>\n<\/span><span style=\"font-family: 'book antiqua', palatino, serif;\"><b>\u25aa<br \/>\n<\/b><\/span><span style=\"font-weight: 400; font-family: 'book antiqua', palatino, serif;\">\u201c\u0441\u0432\u044f\u0442\u044b\u0439 \u042e\u0440\u0438\u0439 &#8211; \u042f\u0433\u043e\u0440\u0438\u0439 \u0445\u0440\u0430\u0431\u0440\u044b\u0439 \u043d\u0430 \u0431\u0435\u043b\u043e\u043c \u043a\u043e\u043d\u0438.\u201d<br \/>\n<\/span><span style=\"font-weight: 400; font-family: 'book antiqua', palatino, serif;\">\u201cSveti Juraj-Jegorije hrabri na bijelom konju.\u201d<\/span><span style=\"font-family: 'book antiqua', palatino, serif;\">&nbsp;<\/span><\/span><\/p>\n<p><span style=\"font-family: 'book antiqua', palatino, serif; color: #000000;\"><b>Jurjev konj u drugim predajama<\/b><span style=\"font-weight: 400;\"> mo\u017ee biti i<\/span><b> sivo-bijel<\/b><span style=\"font-weight: 400;\"> (<\/span><b>\u201czelen\u201d<\/b><span style=\"font-weight: 400;\">, odnosno mlad, ba\u0161 kao i Juraj), <\/span><b>siv<\/b><span style=\"font-weight: 400;\">, pa i <\/span><b>zlatan<\/b><span style=\"font-weight: 400;\">. Juraj u predaji ja\u0161e konja, no u pjesmama se opisuje kako svejedno <\/span><i><span style=\"font-weight: 400;\">hoda<\/span><\/i><span style=\"font-weight: 400;\">. On je zapravo i sam konj. Konjoliki \u0107e mlado\u017eenja napretkom mitskog godi\u0161njeg doga\u0111anja na koncu, zbog nevjere, biti ubijen i raskomadan. Konjska je \u017ertva zapravo indoeuropskog porijekla te je bila neophodna za stvaranje i plodnost svijeta.<\/span><\/span><\/p>\n<p><span style=\"font-family: 'book antiqua', palatino, serif; color: #000000;\">&nbsp;<\/span><span style=\"font-family: 'book antiqua', palatino, serif; color: #000000;\"><span style=\"font-weight: 400;\">Tek<\/span><b> kada Juraj ubije zmaja, po\u010dinje svirka i pjesma<\/b><span style=\"font-weight: 400;\">:<\/span><\/span><\/p>\n<p style=\"text-align: center;\"><span style=\"color: #ba0000;\"><span style=\"font-family: 'book antiqua', palatino, serif;\">&nbsp;<\/span><span style=\"font-weight: 400; font-family: 'book antiqua', palatino, serif;\">\u201cKad pozoja umorio, sve djevojke okupio,<br \/>\n<\/span><span style=\"font-weight: 400; font-family: 'book antiqua', palatino, serif;\">sve muzike zasvirale, sve djevojke zaplesale.\u201d<\/span><\/span><\/p>\n<p><span style=\"font-weight: 400; font-family: 'book antiqua', palatino, serif; color: #000000;\">I djevojke i Mara dotad \u010dekaju:<\/span><\/p>\n<p style=\"text-align: center;\"><span style=\"color: #ba0000;\"><span style=\"font-weight: 400; font-family: 'book antiqua', palatino, serif;\">\u201cIvina me potvorila majka<br \/>\n<\/span><span style=\"font-weight: 400; font-family: 'book antiqua', palatino, serif;\">Da sam Ivi \u010dine u\u010dinila.<br \/>\n<\/span><span style=\"font-weight: 400; font-family: 'book antiqua', palatino, serif;\">Nisam, majko, \u017eiv mi Ivo bio,<br \/>\n<\/span><span style=\"font-weight: 400; font-family: 'book antiqua', palatino, serif;\">Ama mu ih mislim u\u010diniti.<br \/>\n<\/span><span style=\"font-weight: 400; font-family: 'book antiqua', palatino, serif;\">Pri\u010dekaj me do Jurjeva dana,<br \/>\n<\/span><span style=\"font-weight: 400; font-family: 'book antiqua', palatino, serif;\">Dok izajdem na polje zeleno<br \/>\n<\/span><span style=\"font-weight: 400; font-family: 'book antiqua', palatino, serif;\">I izvedem svoje drugarice<br \/>\n<\/span><span style=\"font-weight: 400; font-family: 'book antiqua', palatino, serif;\">I uhvatim kolo na livadi\u2026\u201d<\/span><\/span><\/p>\n<p><span style=\"font-family: 'book antiqua', palatino, serif; color: #000000;\"><span style=\"font-weight: 400;\">No, nije samo pozoj, Veles, <\/span><i><span style=\"font-weight: 400;\">zvijer<\/span><\/i><span style=\"font-weight: 400;\">. <\/span><b>Zvjerski je <\/b><span style=\"font-weight: 400;\">i \u201ctu\u0111i svijet\u201d odnosno <\/span><b>tu\u0111i rod<\/b><span style=\"font-weight: 400;\"> kojemu prilikom svadbe dolazi mlada. U ruskim svadbenim obi\u010dajima medvjed (rus. <\/span><i><span style=\"font-weight: 400;\">\u043c\u0435\u0434\u0432\u0435\u0434\u044c<\/span><\/i><span style=\"font-weight: 400;\">) i medvjedica (rus. <\/span><i><span style=\"font-weight: 400;\">\u043c\u0435\u0434\u0432\u0435\u0434\u0438\u0446\u0430<\/span><\/i><span style=\"font-weight: 400;\">) nazivi su za mlado\u017eenju i nevjestu, uvijek s gledi\u0161ta roda kojemu ne pripadaju. Obredno se i svekrva izjedna\u010duje s medvjedicom, dok se <\/span><b>svekrva <\/b><span style=\"font-weight: 400;\">i <\/span><b>nevjesta<\/b><span style=\"font-weight: 400;\">, jedna s gledi\u0161ta druge, izjedna\u010duju i sa zmijom (rus. <\/span><i><span style=\"font-weight: 400;\">\u0437\u043c\u0435\u044f<\/span><\/i><span style=\"font-weight: 400;\">).<br \/>\n<\/span><\/span><span style=\"font-family: 'book antiqua', palatino, serif; color: #000000;\"><span style=\"font-weight: 400;\">U nekim ruskim pjesmama nevjesta moli oca ili brata da ode u \u0161umu i odande dovede ljutu zvijer kojom se mlado\u017eenja stra\u0161i i tjera, a ponegdje je i sam <\/span><b>mlado\u017eenja <\/b><b><i>zvjerski tu\u0111in<\/i><\/b><span style=\"font-weight: 400;\">:<\/span><\/span><\/p>\n<p style=\"text-align: center;\"><span style=\"font-weight: 400; font-family: 'book antiqua', palatino, serif; color: #ba0000;\">\u201c\u041e\u043d \u0437\u0430\u0441\u043a\u043e\u0447\u0438\u043b \u043f\u043e-\u0441\u043a\u043e\u0442\u0438\u043d\u043d\u043e\u043c\u0443, \u0437\u0430\u0433\u043b\u044f\u0434\u0435\u043b \u043f\u043e \u0437\u0430\u0432\u0435\u0440\u0438\u043d\u043e\u043c\u0443.<br \/>\n<\/span><span style=\"font-weight: 400; font-family: 'book antiqua', palatino, serif; color: #ba0000;\">\u041d\u0435 \u0443\u043c\u0451\u0442 \u0447\u0443\u0436-\u0447\u0443\u0436\u0435\u043d\u0438\u043d \u0432\u0434\u043e\u043b\u044c \u043f\u043e \u0442\u0435\u0440\u0435\u043c\u0443 \u043f\u0440\u043e\u0439\u0442\u0438\u0441\u044c, \u0441 \u043b\u044e\u0434\u044c\u043c\u0438 \u0441\u043b\u043e\u0432\u0430-\u0442\u043e \u043c\u043e\u043b\u0432\u0438\u0442\u0438, \u0434\u0430 \u043d\u0438\u0441\u043a\u043e \u0441\u0442\u0430\u0442\u044c-\u043f\u043e\u043a.\u201d<br \/>\n<\/span><span style=\"font-family: 'book antiqua', palatino, serif; color: #ba0000;\"><b>\u25aa<br \/>\n<\/b><\/span><span style=\"font-weight: 400; font-family: 'book antiqua', palatino, serif; color: #ba0000;\">\u201cSko\u010dio je po skotski, pogledao je po zvjerski. Ne umije tu\u0111<br \/>\n<\/span><span style=\"font-weight: 400; font-family: 'book antiqua', palatino, serif; color: #ba0000;\">tu\u0111in dolje po trijemu pro\u0161etati se, s ljudima rije\u010d progovoriti, nisko stati i pokloniti se.\u201d<\/span><\/p>\n<p style=\"text-align: left;\"><span style=\"font-family: 'book antiqua', palatino, serif; color: #000000;\"><span style=\"font-weight: 400;\">Kada se u prolje\u0107e <\/span><b>bo\u017eanski mlado\u017eenja <\/b><span style=\"font-weight: 400;\">vrati iz Tu\u0111ine, od Velesa iza mora, on je sam <\/span><b>tu\u0111inac<\/b><span style=\"font-weight: 400;\">.<br \/>\n<\/span><\/span><span style=\"font-family: 'book antiqua', palatino, serif; color: #000000;\"><b>Dolazi na svadbu sa svojom sestrom <\/b><span style=\"font-weight: 400;\">Moranom, odnosno <\/span><b>Marom<\/b><span style=\"font-weight: 400;\">.<br \/>\n<\/span><\/span><span style=\"font-family: 'book antiqua', palatino, serif; color: #000000;\"><span style=\"font-weight: 400;\">Ljudima<\/span><b> polje i lug<\/b> <b>\u010dini <\/b><span style=\"font-weight: 400;\">njihovima &#8211; <\/span><b>plodnima <\/b><span style=\"font-weight: 400;\">i korisnima, ali<\/span><b> tek kada se vjen\u010daju <\/b><b><i>tu\u0111inov sin <\/i><\/b><b>i <\/b><b><i>na\u0161a djevojka<\/i><\/b><span style=\"font-weight: 400;\">.<br \/>\n<\/span><\/span><span style=\"font-family: 'book antiqua', palatino, serif; color: #000000;\"><span style=\"font-weight: 400;\">Jer <\/span><b>zimi su lug i polje <\/b><b><i>zvjerska <\/i><\/b><b>mjesta<\/b><span style=\"font-weight: 400;\">, koja se <\/span><b>svadbom (<\/b><b><i>*svojat\u044cbom<\/i><\/b><b>) <\/b><span style=\"font-weight: 400;\">pitome i <\/span><i><span style=\"font-weight: 400;\">svojataju <\/span><\/i><span style=\"font-weight: 400;\">u <\/span><i><span style=\"font-weight: 400;\">na\u0161<\/span><\/i><span style=\"font-weight: 400;\"> svijet. \u017divot se ponovo slavi, zmaju je odsje\u010dena glava.<br \/>\n<\/span><\/span><span style=\"font-weight: 400; font-family: 'book antiqua', palatino, serif; color: #000000;\">Sve se to doga\u0111a nakon njegova te\u0161ka i duga puta iz Vireja kroz blato, vodu, pra\u0161inu.<\/span><\/p>\n<p style=\"text-align: center;\">&nbsp;<\/p>\n<p style=\"text-align: center;\"><span style=\"font-family: 'book antiqua', palatino, serif; color: #000000;\"><span style=\"font-family: 'book antiqua', palatino, serif; color: #c70000; font-size: 30pt;\"><b><span style=\"color: #c70000; font-size: 30pt;\"><strong><span style=\"font-size: 16pt; color: #ba0000;\"><span style=\"font-size: 14pt;\"><span style=\"font-weight: 400;\"><img fetchpriority=\"high\" decoding=\"async\" class=\"alignnone wp-image-1344\" src=\"https:\/\/rodnovjerje.com.hr\/wp-content\/uploads\/2024\/02\/pejdz-2-660x59.jpg\" alt=\"\" width=\"839\" height=\"75\" srcset=\"https:\/\/rodnovjerje.com.hr\/wp-content\/uploads\/2024\/02\/pejdz-2-660x59.jpg 660w, https:\/\/rodnovjerje.com.hr\/wp-content\/uploads\/2024\/02\/pejdz-2-840x75.jpg 840w, https:\/\/rodnovjerje.com.hr\/wp-content\/uploads\/2024\/02\/pejdz-2-768x69.jpg 768w, https:\/\/rodnovjerje.com.hr\/wp-content\/uploads\/2024\/02\/pejdz-2-1536x138.jpg 1536w, https:\/\/rodnovjerje.com.hr\/wp-content\/uploads\/2024\/02\/pejdz-2-2048x184.jpg 2048w\" sizes=\"(max-width: 839px) 100vw, 839px\" \/><\/span><\/span><\/span><\/strong><\/span><\/b><\/span><\/span><span style=\"font-family: 'book antiqua', palatino, serif; color: #c70000; font-size: 30pt;\"><b><span style=\"color: #c70000; font-size: 30pt;\"><strong><span style=\"font-size: 16pt; color: #ba0000;\"><span style=\"font-size: 14pt;\">\u25c6 <\/span><\/span><\/strong><\/span><span style=\"color: #000000;\">Hodi Jarilo, pod desnom nogom voda, pod lijevom oganj<\/span> <span style=\"color: #c70000; font-size: 30pt;\"><strong><span style=\"font-size: 16pt; color: #ba0000;\"><span style=\"font-size: 14pt;\">\u25c6<\/span><\/span><\/strong><\/span><\/b><\/span><\/p>\n<p style=\"text-align: center;\"><span style=\"color: #ba0000;\"><span style=\"font-family: 'book antiqua', palatino, serif;\">&nbsp;<\/span><span style=\"font-weight: 400; font-family: 'book antiqua', palatino, serif;\">\u201cSveti \u0160ent-Juri poterka na duri; ma jeno hla\u010do zeleno, jeno rude\u010do.\u201d<br \/>\n<\/span><\/span><span style=\"font-family: 'book antiqua', palatino, serif; color: #ba0000;\"><b>\u25aa<br \/>\n<\/b><\/span><span style=\"font-weight: 400; font-family: 'book antiqua', palatino, serif; color: #ba0000;\">\u201cSveti \u0160ent-Jurij kuca na vrata; jednu hla\u010dicu ima zelenu, drugu crvenu.\u201d<\/span><\/p>\n<p><span style=\"font-family: 'book antiqua', palatino, serif; color: #000000;\"><b>Boja <\/b><span style=\"font-weight: 400;\">Jurjevih <\/span><b>nogavica <\/b><span style=\"font-weight: 400;\">zapravo <\/span><b>simbolizira <\/b><span style=\"font-weight: 400;\">njegov <\/span><b>hod<\/b><span style=\"font-weight: 400;\">. <\/span><b>Smjenom <\/b><span style=\"font-weight: 400;\">boja <\/span><b>(zeleno-crveno) <\/b><span style=\"font-weight: 400;\">njegovih koraka se <\/span><b>opisuje <\/b><span style=\"font-weight: 400;\">i izmjena svetkovina i \u201c<\/span><b>hod<\/b><span style=\"font-weight: 400;\">\u201d <\/span><b>godine<\/b><span style=\"font-weight: 400;\"> u mnogim narodnim pjesmama:&nbsp;<\/span><\/span><\/p>\n<p style=\"text-align: center;\"><span style=\"font-weight: 400; font-family: 'book antiqua', palatino, serif; color: #ba0000;\">\u201cPisan Vuzem pro\u0161ao, zelen Juraj do\u0161ao. \u201d<\/span><\/p>\n<p><span style=\"font-family: 'book antiqua', palatino, serif; color: #000000;\"><span style=\"font-weight: 400;\">Vuzem ili Uskrs karakterizira oznaka <\/span><i><span style=\"font-weight: 400;\">pisan<\/span><\/i><span style=\"font-weight: 400;\">, ba\u0161 kao i pisanica, <\/span><i><span style=\"font-weight: 400;\">pisano<\/span><\/i><span style=\"font-weight: 400;\"> uskr\u0161nje jaje (rus. <\/span><i><span style=\"font-weight: 400;\">\u043a\u0440\u0430\u0441\u043d\u043e\u0435 \u044f\u0439\u0446\u043e,<\/span><\/i><span style=\"font-weight: 400;\"> \u2018sve\u010dano ukra\u0161eno jaje\u2019) za koje se podrazumijeva crvena apotropejska boja. Crvena pisanica atribuira ovaj blagdan, a poveznicu potvr\u0111uje bjeloruska ophodna pjesma:<\/span><\/span><\/p>\n<p style=\"text-align: center;\"><span style=\"color: #ba0000;\"><span style=\"font-family: 'book antiqua', palatino, serif;\">&nbsp;<\/span><span style=\"font-weight: 400; font-family: 'book antiqua', palatino, serif;\">\u201c\u0421\u0432\u044f\u0442\u043e \u0412\u044f\u043b\u0438\u0447\u043a\u043e \u0437 \u043a\u0440\u0430\u0441\u043d\u044b\u043c \u044f\u0435\u0447\u043a\u043e\u043c, \u0441\u0442\u0430\u0440\u044b\u043c \u0438 \u043c\u0430\u043b\u044b\u043c \u044f\u0435\u0447\u043a\u0438 \u043a\u0430\u0447\u0430\u0446\u044c, \u044f\u0435\u0447\u043a\u0438 \u043a\u0430\u0447\u0430\u0446\u044c, \u0441\u0432\u044f\u0442\u0446\u0430\u0439 \u043f\u0440\u043e\u0432\u043e\u0436\u0430\u0446\u044c. \u0410 \u0433\u044d\u0442\u043e \u0441\u0432\u044f\u0442\u0446\u043e \u043e\u0434\u0437\u0438\u043d \u0440\u0430\u0437\u043e\u0447\u044b\u043a \u0443 \u0433\u043e\u0434\u043e\u0447\u044b\u043a. \u0421\u0432\u044f\u0442\u044b \u042e\u0440\u044c\u0440\u044b \u043f\u043e \u043b\u0443\u0433\u0443 \u0445\u043e\u0434\u0437\u0438\u0446\u044c, \u043f\u043e \u043b\u0443\u0433\u0443 \u0445\u043e\u0434\u0437\u0438\u0446\u044c, \u043a\u043e\u043d\u0438 \u043f\u0430\u0441\u0435\u0446\u044c. \u041a\u0430\u0431 \u0431\u044b\u043b\u0438 \u0434\u043e\u0431\u0440\u044b \u0434\u0430 \u043f\u043e\u0431\u0440\u044b\u043a\u0438\u0432\u0430\u043b\u0438.\u201d<br \/>\n<\/span><span style=\"font-family: 'book antiqua', palatino, serif;\"><b>\u25aa<br \/>\n<\/b><\/span><span style=\"font-weight: 400; font-family: 'book antiqua', palatino, serif;\">\u201cSveti Uskrs s crvenim jajcem, stari i mladi jajca kotrljaju, jajca kotrljaju, svetak provode. A taj je svetak jedan put u godini. Sveti Juraj po livadi hodi, konje pase. Da bi bili dobri i razigrani.\u201d<\/span><\/span><\/p>\n<p style=\"text-align: center;\"><img loading=\"lazy\" decoding=\"async\" class=\" wp-image-1642 aligncenter\" src=\"https:\/\/rodnovjerje.com.hr\/wp-content\/uploads\/2024\/05\/JARILO-4-2-660x248.png\" alt=\"\" width=\"503\" height=\"189\" srcset=\"https:\/\/rodnovjerje.com.hr\/wp-content\/uploads\/2024\/05\/JARILO-4-2-660x248.png 660w, https:\/\/rodnovjerje.com.hr\/wp-content\/uploads\/2024\/05\/JARILO-4-2-840x315.png 840w, https:\/\/rodnovjerje.com.hr\/wp-content\/uploads\/2024\/05\/JARILO-4-2-768x288.png 768w, https:\/\/rodnovjerje.com.hr\/wp-content\/uploads\/2024\/05\/JARILO-4-2.png 1300w\" sizes=\"(max-width: 503px) 100vw, 503px\" \/><span style=\"font-family: 'book antiqua', palatino, serif; color: #000000;\"><span style=\"font-weight: 400;\"><span style=\"font-family: 'book antiqua', palatino, serif; color: #808080; font-size: 12pt;\">Slika 7. Prikaz simbola Jarila u bjeloruskom tradicionalnom vezu<br \/>\nIzvor: <span style=\"font-family: 'book antiqua', palatino, serif;\">M. S. Kacar: <em>Bjeloruski ornament<\/em>&nbsp;(1996.)<br \/>\n<\/span><\/span><\/span><\/span><\/p>\n<p><span style=\"font-family: 'book antiqua', palatino, serif; color: #000000;\"><b>Juraj <\/b><span style=\"font-weight: 400;\">dolazi kao <\/span><b>mlado\u017eenja<\/b><span style=\"font-weight: 400;\">, tako\u0111er <\/span><b>kora\u010daju\u0107i<\/b><span style=\"font-weight: 400;\">, svojoj Mari, i to preko <\/span><b>preko <\/b><span style=\"font-weight: 400;\">kalinova <\/span><b>mosta <\/b><span style=\"font-weight: 400;\">(od maline). Jo\u0161 u vrijeme Gromnice u isto\u010dnoslavenskom pjesni\u0161tvu pjeva se o Marinoj \u017eelji da pomogne svojem dragom da joj do\u0111e. On se nalazi daleko od nje, s <\/span><i><span style=\"font-weight: 400;\">one strane,<\/span><\/i><span style=\"font-weight: 400;\"> preko <\/span><i><span style=\"font-weight: 400;\">rijeke duboke<\/span><\/i><span style=\"font-weight: 400;\">, i ne mo\u017ee prije\u0107i jer je mosti\u0107 (prijelaz nalik grani ili drvenom trupcu) jo\u0161 pretanak. Rijeka, <\/span><i><span style=\"font-weight: 400;\">\u0161uplja voda<\/span><\/i><span style=\"font-weight: 400;\">, je nabujala i potopila sve nizine, sve do strmih rubova. Dakle, prije Jurjeva se pjevalo:<\/span><\/span><\/p>\n<p style=\"text-align: center;\"><span style=\"font-weight: 400; font-family: 'book antiqua', palatino, serif; color: #ba0000;\">\u201c\u0427\u0435\u0440\u0435\u0437 \u0440\u0435\u0447\u0435\u043d\u044c\u043a\u0443 \u043c\u043e\u0441\u0442\u043e\u0447\u0435\u043a \u043d\u0430\u043c\u043e\u0449\u0443,<br \/>\n<\/span><span style=\"font-weight: 400; font-family: 'book antiqua', palatino, serif; color: #ba0000;\">\u041d\u0430\u043c\u043e\u0449\u0443 \u043c\u043e\u0441\u0442\u044b \u043a\u0430\u043b\u0438\u043d\u043e\u0432\u044b\u0435,<br \/>\n<\/span><span style=\"font-weight: 400; font-family: 'book antiqua', palatino, serif; color: #ba0000;\">\u041f\u0435\u0440\u0435\u043c\u043e\u0441\u0442\u043e\u0447\u043a\u0438 \u043c\u0430\u043b\u0438\u043d\u043e\u0432\u044b\u0435.\u201d<br \/>\n<\/span><span style=\"font-family: 'book antiqua', palatino, serif; color: #ba0000;\"><b>\u25aa<br \/>\n<\/b><\/span><span style=\"font-weight: 400; font-family: 'book antiqua', palatino, serif; color: #ba0000;\">\u201cKroz rje\u010dicu mosti\u0107 postavit \u0107u,<br \/>\n<\/span><span style=\"font-weight: 400; font-family: 'book antiqua', palatino, serif; color: #ba0000;\">postavit\u2019 mostove zovine,<br \/>\n<\/span><span style=\"font-weight: 400; font-family: 'book antiqua', palatino, serif; color: #ba0000;\">mosti\u0107e malene od maline.\u201d<\/span><\/p>\n<p><span style=\"font-weight: 400; font-family: 'book antiqua', palatino, serif; color: #000000;\">Druga pjesma poja\u0161njava:<\/span><\/p>\n<p style=\"text-align: center;\"><span style=\"font-weight: 400; font-family: 'book antiqua', palatino, serif; color: #ba0000;\">\u201cMaru\u0161ka se dosjetila<br \/>\n<\/span><span style=\"font-weight: 400; font-family: 'book antiqua', palatino, serif; color: #ba0000;\">i pomostila mostove<br \/>\n<\/span><span style=\"font-weight: 400; font-family: 'book antiqua', palatino, serif; color: #ba0000;\">iz kalinova pru\u0107a,<br \/>\n<\/span><span style=\"font-weight: 400; font-family: 'book antiqua', palatino, serif; color: #ba0000;\">odgonetnula zagonetke.\u201d<\/span><\/p>\n<p><span style=\"font-family: 'book antiqua', palatino, serif; color: #000000;\"><b>Mara<\/b><span style=\"font-weight: 400;\">, Morana, Maru\u0161ka ili <\/span><i><span style=\"font-weight: 400;\">Molodka<\/span><\/i><span style=\"font-weight: 400;\"> Jarilova (<\/span><i><span style=\"font-weight: 400;\">Molod\u010deva<\/span><\/i><span style=\"font-weight: 400;\">) <\/span><b>je osamljena mlada <\/b><span style=\"font-weight: 400;\">i istoimena pjesma pjevana za vrijeme gromni\u010dke svetkovine. Iz naj\u010de\u0161\u0107ih stihova doznaje se \u0161to se doga\u0111a nedugo prije Jarilova kulminacijskog hoda preko kalinova mosta na Jarilovo:<\/span><\/span><\/p>\n<p style=\"text-align: center;\"><span style=\"font-family: 'book antiqua', palatino, serif; color: #000000;\">&nbsp;<\/span><span style=\"color: #ba0000;\"><span style=\"font-weight: 400; font-family: 'book antiqua', palatino, serif;\">\u201c\u041c\u043e\u043b\u043e\u0434\u043a\u0430, \u043c\u043e\u043b\u043e\u0434\u043a\u0430 \u043c\u043e\u043b\u043e\u0434\u0435\u043d\u044c\u043a\u0430\u044f, \u0413\u043e\u043b\u043e\u0432\u043a\u0430 \u0442\u0432\u043e\u044f \u043f\u043e\u0431\u0435\u0434\u043d\u0435\u043d\u044c\u043a\u0430\u044f.<br \/>\n<\/span><span style=\"font-weight: 400; font-family: 'book antiqua', palatino, serif;\">\u041d\u0435 \u0441 \u043a\u0435\u043c \u043c\u043d\u0435, \u043c\u043e\u043b\u043e\u0434\u043a\u0435, \u043d\u043e\u0447\u043a\u0443 \u043d\u043e\u0447\u0435\u0432\u0430\u0442\u044c,<br \/>\n<\/span><span style=\"font-weight: 400; font-family: 'book antiqua', palatino, serif;\">\u041b\u044f\u0433\u0443 \u0441\u043f\u0430\u0442\u044c \u043e\u0434\u043d\u0430, \u0431\u0435\u0437 \u043c\u0438\u043b\u0430 \u0434\u0440\u0443\u0436\u043a\u0430.<br \/>\n<\/span><span style=\"font-weight: 400; font-family: 'book antiqua', palatino, serif;\">\u0411\u0435\u0437 \u043c\u0438\u043b\u0430 \u0434\u0440\u0443\u0436\u043a\u0430 \u0431\u0435\u0440\u0435\u0442 \u0433\u0440\u0443\u0441\u0442\u044c-\u0442\u043e\u0441\u043a\u0430,<br \/>\n<\/span><span style=\"font-weight: 400; font-family: 'book antiqua', palatino, serif;\">\u0413\u0440\u0443\u0441\u0442\u044c-\u0442\u043e\u0441\u043a\u0430 \u0431\u0435\u0440\u0435\u0442, \u0434\u0430\u043b\u0435\u043a\u043e \u043c\u0438\u043b\u044b\u0439 \u0436\u0438\u0432\u0435\u0442.<br \/>\n<\/span><span style=\"font-weight: 400; font-family: 'book antiqua', palatino, serif;\">\u041e\u0439, \u0434\u0430\u043b\u0435\u0447\u0435-\u0434\u0430\u043b\u0435\u043a\u043e; \u043d\u0430 \u0442\u043e\u0439 \u0441\u0442\u043e\u0440\u043e\u043d\u0435,<br \/>\n<\/span><span style=\"font-weight: 400; font-family: 'book antiqua', palatino, serif;\">\u041d\u0430 \u0442\u043e\u0439 \u0441\u0442\u043e\u0440\u043e\u043d\u0435, \u043d\u0435 \u0431\u043b\u0438\u0437\u043a\u043e \u043a\u043e \u043c\u043d\u0435.<br \/>\n<\/span><span style=\"font-weight: 400; font-family: 'book antiqua', palatino, serif;\">\u0425\u043e\u0434\u0438\u0442 \u043c\u0438\u043b\u044b\u0439 \u043c\u043e\u0439 \u0442\u043e\u044e \u0441\u0442\u043e\u0440\u043e\u043d\u043e\u0439,<br \/>\n<\/span><span style=\"font-weight: 400; font-family: 'book antiqua', palatino, serif;\">\u041c\u0430\u0448\u0435\u0442 \u043c\u043e\u0439 \u043c\u0438\u043b\u043e\u0439 \u043f\u0440\u0430\u0432\u043e\u044e \u0440\u0443\u043a\u043e\u0439.<br \/>\n<\/span><span style=\"font-weight: 400; font-family: 'book antiqua', palatino, serif;\">\u0420\u0443\u0447\u043a\u043e\u0439 \u043f\u0440\u0430\u0432\u043e\u044e, \u0448\u043b\u044f\u043f\u043e\u0439 \u0447\u0435\u0440\u043d\u043e\u044e:<br \/>\n<\/span><span style=\"font-weight: 400; font-family: 'book antiqua', palatino, serif;\">\u2014 \u041f\u0435\u0440\u0435\u0439\u0434\u0438, \u0441\u0443\u0434\u0430\u0440\u0443\u0448\u043a\u0430, \u043d\u0430 \u043c\u043e\u044e \u0441\u0442\u043e\u0440\u043e\u043d\u0443!<br \/>\n<\/span><span style=\"font-weight: 400; font-family: 'book antiqua', palatino, serif;\">\u0420\u0430\u0434\u0430 \u0431 \u043f\u0435\u0440\u0435\u0448\u043b\u0430, \u043f\u0435\u0440\u0435\u0445\u043e\u0434\u0443 \u043d\u0435 \u043d\u0430\u0448\u043b\u0430,<br \/>\n<\/span><span style=\"font-weight: 400; font-family: 'book antiqua', palatino, serif;\">\u0416\u0435\u0440\u0434\u043e\u0447\u043a\u0430 \u0442\u043e\u043d\u043a\u0430, \u0440\u0435\u0447\u043a\u0430 \u0433\u043b\u0443\u0431\u043e\u043a\u0430.<\/span><span style=\"font-family: 'book antiqua', palatino, serif;\">&nbsp;<\/span><\/span><\/p>\n<p style=\"text-align: center;\"><span style=\"color: #ba0000;\"><span style=\"font-weight: 400; font-family: 'book antiqua', palatino, serif;\">\u0416\u0435\u0440\u0434\u043e\u0447\u043a\u0430 \u0442\u043e\u043d\u043a\u0430, \u0440\u0435\u0447\u043a\u0430 \u0433\u043b\u0443\u0431\u043e\u043a\u0430,<br \/>\n<\/span><span style=\"font-weight: 400; font-family: 'book antiqua', palatino, serif;\">\u0412 \u044d\u0442\u043e\u0439 \u0432\u043e \u0440\u0435\u043a\u0435 \u043a\u0443\u043f\u0430\u043b\u0441\u044f \u0431\u043e\u0431\u0435\u0440.<br \/>\n<\/span><span style=\"font-weight: 400; font-family: 'book antiqua', palatino, serif;\">\u041a\u0443\u043f\u0430\u043b\u0441\u044f, \u043a\u0443\u043f\u0430\u043b\u0441\u044f, \u043d\u0435 \u0432\u044b\u043a\u0443\u043f\u0430\u043b\u0441\u044f,<br \/>\n<\/span><span style=\"font-weight: 400; font-family: 'book antiqua', palatino, serif;\">\u041d\u0435 \u0432\u044b\u043a\u0443\u043f\u0430\u043b\u0441\u044f, \u0430 \u0432\u0435\u0441\u044c \u0432\u044b\u043c\u0430\u0440\u0430\u043b\u0441\u044f.<br \/>\n<\/span><span style=\"font-weight: 400; font-family: 'book antiqua', palatino, serif;\">\u041d\u0430 \u0433\u043e\u0440\u043a\u0443 \u0432\u0441\u0445\u043e\u0434\u0438\u043b, \u043e\u0433\u043b\u044f\u0434\u044b\u0432\u0430\u043b\u0441\u044f,<br \/>\n<\/span><span style=\"font-weight: 400; font-family: 'book antiqua', palatino, serif;\">\u041e\u0433\u043b\u044f\u0434\u044b\u0432\u0430\u043b\u0441\u044f, \u043d\u0435 \u0441\u0432\u0438\u0449\u0435\u0442 \u043b\u0438 \u043a\u0442\u043e?<br \/>\n<\/span><span style=\"font-weight: 400; font-family: 'book antiqua', palatino, serif;\">\u041d\u0435 \u0441\u0432\u0438\u0449\u0435\u0442 \u043b\u0438 \u043a\u0442\u043e? \u041d\u0435 \u0438\u0449\u0435\u0442 \u043b\u0438 \u0447\u0442\u043e?<br \/>\n<\/span><span style=\"font-weight: 400; font-family: 'book antiqua', palatino, serif;\">\u041e\u0445\u043e\u0442\u043d\u0438\u0447\u043a\u0438 \u0441\u0432\u0438\u0449\u0443\u0442, \u0447\u0435\u0440\u043d\u043e\u0433\u043e \u0431\u043e\u0431\u0440\u0430 \u0438\u0449\u0443\u0442.<br \/>\n<\/span><span style=\"font-weight: 400; font-family: 'book antiqua', palatino, serif;\">\u0425\u043e\u0442\u044f\u0442 \u0431\u043e\u0431\u0440\u0430 \u0431\u0438\u0442\u044c, \u0445\u043e\u0442\u044f\u0442 \u0443\u0448\u0438\u0431\u0438\u0442\u044c,<br \/>\n<\/span><span style=\"font-weight: 400; font-family: 'book antiqua', palatino, serif;\">\u041a\u0443\u043d\u044c\u044e \u0448\u0443\u0431\u0443 \u0441\u0448\u0438\u0442\u044c, \u0431\u043e\u0431\u0440\u043e\u043c \u043e\u0431\u043b\u043e\u0436\u0438\u0442\u044c.\u201d<br \/>\n<\/span><\/span><span style=\"font-family: 'book antiqua', palatino, serif; color: #ba0000;\"><b><span style=\"font-size: 14pt;\">\u25aa<\/span><br \/>\n<\/b><\/span><span style=\"color: #ba0000;\"><span style=\"font-weight: 400; font-family: 'book antiqua', palatino, serif;\">\u201cMlada, mlada Mladice,<br \/>\n<\/span><span style=\"font-weight: 400; font-family: 'book antiqua', palatino, serif;\">Glavica tvoja je pobjedni\u010dka.<br \/>\n<\/span><span style=\"font-weight: 400; font-family: 'book antiqua', palatino, serif;\">-Nemam s kime, mladi\u0107u, no\u0107 preno\u0107iti,<br \/>\n<\/span><span style=\"font-weight: 400; font-family: 'book antiqua', palatino, serif;\">Le\u0107i \u0107u sama spavati, bez milog druga.<br \/>\n<\/span><span style=\"font-weight: 400; font-family: 'book antiqua', palatino, serif;\">Bez milog druga tuga me obuzima,<br \/>\n<\/span><span style=\"font-weight: 400; font-family: 'book antiqua', palatino, serif;\">tuga obuzima, daleko mili \u017eivi.<br \/>\n<\/span><span style=\"font-weight: 400; font-family: 'book antiqua', palatino, serif;\">Oj, daleko, daleko; na toj strani,<br \/>\n<\/span><span style=\"font-weight: 400; font-family: 'book antiqua', palatino, serif;\">na toj strani, nije meni blizu.<br \/>\n<\/span><span style=\"font-weight: 400; font-family: 'book antiqua', palatino, serif;\">Hoda mili moj tom stranom,<br \/>\n<\/span><span style=\"font-weight: 400; font-family: 'book antiqua', palatino, serif;\">ma\u0161e moj mili desnom rukom,<br \/>\n<\/span><span style=\"font-weight: 400; font-family: 'book antiqua', palatino, serif;\">Desnom rukom, crnim \u0161e\u0161irom:<br \/>\n<\/span><span style=\"font-weight: 400; font-family: 'book antiqua', palatino, serif;\">-Prije\u0111i, gospo\u0111ice, na moju stranu!<br \/>\n<\/span><span style=\"font-weight: 400; font-family: 'book antiqua', palatino, serif;\">-Rado bih pre\u0161la, ali prijelaz nisam na\u0161la,<br \/>\n<\/span><span style=\"font-weight: 400; font-family: 'book antiqua', palatino, serif;\">gran\u010dica je tanka, rijeka je duboka.<\/span><span style=\"font-family: 'book antiqua', palatino, serif;\">&nbsp;<\/span><\/span><\/p>\n<p style=\"text-align: center;\"><span style=\"color: #ba0000;\"><span style=\"font-weight: 400; font-family: 'book antiqua', palatino, serif;\">Gran\u010dica je tanka, rijeka je duboka,<br \/>\n<\/span><span style=\"font-weight: 400; font-family: 'book antiqua', palatino, serif;\">u toj rijeci kupa se dabar.<br \/>\n<\/span><span style=\"font-weight: 400; font-family: 'book antiqua', palatino, serif;\">Kupao se, kupao, a ne okupao.<br \/>\n<\/span><span style=\"font-weight: 400; font-family: 'book antiqua', palatino, serif;\">ne okupao, ne o\u010distio.<br \/>\n<\/span><span style=\"font-weight: 400; font-family: 'book antiqua', palatino, serif;\">Na goru je iza\u0161ao, ogledava se,<br \/>\n<\/span><span style=\"font-weight: 400; font-family: 'book antiqua', palatino, serif;\">Ogledava, ne zvi\u017edi li tko?<br \/>\n<\/span><span style=\"font-weight: 400; font-family: 'book antiqua', palatino, serif;\">Ne zvi\u017edi li tko? Ne tra\u017ei li \u0161to?<br \/>\n<\/span><span style=\"font-weight: 400; font-family: 'book antiqua', palatino, serif;\">Zavijaju psi, tra\u017ee crnog dabra.<br \/>\n<\/span><span style=\"font-weight: 400; font-family: 'book antiqua', palatino, serif;\">\u017dele dabra ubiti, \u017eele ga prebiti.<br \/>\n<\/span><span style=\"font-weight: 400; font-family: 'book antiqua', palatino, serif;\">Od kune krzneni kaput sa\u0161iti, dabrom ogrnuti,<br \/>\n<\/span><span style=\"font-weight: 400; font-family: 'book antiqua', palatino, serif;\">od kune krzneni kaput sa\u0161iti, dabrom ogrnuti.\u201d<\/span><\/span><\/p>\n<p style=\"text-align: left;\"><span style=\"font-family: 'book antiqua', palatino, serif; color: #000000;\"><span style=\"font-weight: 400;\">U pjesmi je spomenut dabar, koji je ba\u0161 kao i Jarilo zapeo u vodi i blatu. Jarilo za vrijeme Gromnice naprosto jo\u0161 nije dovoljno sna\u017ean da iza\u0111e iz Velesovih vla\u017enih <\/span><i><span style=\"font-weight: 400;\">virovitih <\/span><\/i><span style=\"font-weight: 400;\">dvora, da oslobodi <\/span><i><span style=\"font-weight: 400;\">klju\u010daju\u0107u vodu<\/span><\/i><span style=\"font-weight: 400;\">.<\/span><\/span><\/p>\n<p style=\"text-align: center;\"><span style=\"font-family: 'book antiqua', palatino, serif; color: #000000;\"><span style=\"font-weight: 400;\"><br \/>\n<img loading=\"lazy\" decoding=\"async\" class=\" wp-image-1611 aligncenter\" src=\"https:\/\/rodnovjerje.com.hr\/wp-content\/uploads\/2024\/05\/2a-560x365.png\" alt=\"\" width=\"654\" height=\"426\" srcset=\"https:\/\/rodnovjerje.com.hr\/wp-content\/uploads\/2024\/05\/2a-560x365.png 560w, https:\/\/rodnovjerje.com.hr\/wp-content\/uploads\/2024\/05\/2a-840x548.png 840w, https:\/\/rodnovjerje.com.hr\/wp-content\/uploads\/2024\/05\/2a-768x501.png 768w, https:\/\/rodnovjerje.com.hr\/wp-content\/uploads\/2024\/05\/2a.png 1080w\" sizes=\"(max-width: 654px) 100vw, 654px\" \/><span style=\"color: #808080; font-size: 12pt;\">Slika 8. Jurjevo u \u010crnomlju, 1938. (<a style=\"color: #808080;\" href=\"https:\/\/jurjevo.splet.arnes.si\/\">izvor<\/a>)<\/span><br \/>\n<\/span><\/span><\/p>\n<p><span style=\"font-family: 'book antiqua', palatino, serif; color: #000000;\"><span style=\"font-weight: 400;\">No, u jednoj je jurjevskoj ruskoj pjesmi vidljivo njegovo tumaranje zelenim livadama i travkama, potraga za putom, \u0161to nagovje\u0161tava njegovu rastu\u0107u i snagu pa i kona\u010dan <\/span><b>prijelaz <\/b><b><i>putem<\/i><\/b><i><span style=\"font-weight: 400;\">, <\/span><\/i><span style=\"font-weight: 400;\">odnosno <\/span><b>preko mosta<\/b><span style=\"font-weight: 400;\"> (pojmovi <\/span><i><span style=\"font-weight: 400;\">put <\/span><\/i><span style=\"font-weight: 400;\">i <\/span><i><span style=\"font-weight: 400;\">most <\/span><\/i><span style=\"font-weight: 400;\">imaju zajedni\u010dki indoeuropski korijen *<\/span><i><span style=\"font-weight: 400;\">pont-i-s<\/span><\/i><span style=\"font-weight: 400;\">, \u0161to zna\u010di \u201chodati po mo\u010dvarnom zemlji\u0161tu\u201d):<\/span><\/span><\/p>\n<p style=\"text-align: center;\"><span style=\"color: #ba0000;\"><span style=\"font-weight: 400; font-family: 'book antiqua', palatino, serif;\">\u201c\u041c\u043e\u043b\u043e\u0434\u043e\u0439-\u043e\u043d \u0445\u043e\u043b\u043e\u0441\u0442\u043e\u0439,<br \/>\n<\/span><span style=\"font-weight: 400; font-family: 'book antiqua', palatino, serif;\">\u0412 \u0437\u0435\u043b\u0435\u043d\u044b\u0445 \u043b\u0443\u0433\u0430\u0445 \u0433\u0443\u043b\u044f\u043b,<br \/>\n<\/span><span style=\"font-weight: 400; font-family: 'book antiqua', palatino, serif;\">\u041c\u043d\u043e\u0433\u043e \u0442\u0440\u0430\u0432\u043e\u0447\u043a\u0438 \u043f\u0440\u0438\u043c\u044f\u043b,<br \/>\n<\/span><span style=\"font-weight: 400; font-family: 'book antiqua', palatino, serif;\">\u041f\u0440\u0438\u043c\u044f\u043b, \u043f\u0440\u0438\u043c\u044f\u043b \u0434\u0430 \u043f\u0440\u0438\u0442\u043e\u043f\u0442\u0430\u043b,<br \/>\n<\/span><span style=\"font-weight: 400; font-family: 'book antiqua', palatino, serif;\">\u041f\u0443\u0442\u044c-\u0434\u043e\u0440\u043e\u0436\u0435\u043d\u044c\u043a\u0443 \u0438\u0441\u043a\u0430\u043b.<br \/>\n<\/span><span style=\"font-weight: 400; font-family: 'book antiqua', palatino, serif;\">\u0418\u0441\u043a\u0430\u043b, \u0438\u0441\u043a\u0430\u043b, \u043d\u0435 \u043d\u0430\u0448\u0435\u043b, \u0421\u0430\u043c \u0437\u0430\u043f\u043b\u0430\u043a\u0430\u043b \u0434\u0430 \u043f\u043e\u0448\u0435\u043b<br \/>\n<\/span><span style=\"font-weight: 400; font-family: 'book antiqua', palatino, serif;\">\u041a\u043e \u043b\u044e\u0431\u0435\u0437\u043d\u043e\u0439 \u0432\u043e \u0433\u043e\u0441\u0442\u0438.\u201d<br \/>\n<\/span><span style=\"font-family: 'book antiqua', palatino, serif;\"><b>\u25aa<br \/>\n<\/b><\/span><span style=\"font-weight: 400; font-family: 'book antiqua', palatino, serif;\">&#8220;Mlad on, lud,<br \/>\n<\/span><span style=\"font-weight: 400; font-family: 'book antiqua', palatino, serif;\">Po zelenim livadama \u0161etao,<br \/>\n<\/span><span style=\"font-weight: 400; font-family: 'book antiqua', palatino, serif;\">Mnoge travke pogazio,<br \/>\n<\/span><span style=\"font-weight: 400; font-family: 'book antiqua', palatino, serif;\">Pogazio, pogazio i istapkao,<br \/>\n<\/span><span style=\"font-weight: 400; font-family: 'book antiqua', palatino, serif;\">Put-cesticu tra\u017ei.<br \/>\n<\/span><span style=\"font-family: 'book antiqua', palatino, serif; font-size: 1.0625rem;\">Tra\u017eio, tra\u017eio, nije ju na\u0161ao,<br \/>\n<\/span><span style=\"font-weight: 400; font-family: 'book antiqua', palatino, serif;\">Sam zaplakao, jer je krenuo<br \/>\n<\/span><span style=\"font-weight: 400; font-family: 'book antiqua', palatino, serif;\">&nbsp;Ljubljenoj u posjetu.&#8221;<\/span><span style=\"font-family: 'book antiqua', palatino, serif;\">&nbsp;<\/span><\/span><\/p>\n<p><span style=\"font-weight: 400; font-family: 'book antiqua', palatino, serif; color: #000000;\">Na Jarilovo se situacija bitno mijenja. On se probija jednom nogom gaze\u0107i kroz blato i vodu do ramena, a drugom je ve\u0107 na suhom i pra\u0161nom putu, te mu je ispod te noge iskre\u0107i oganj.&nbsp;<\/span><\/p>\n<p style=\"text-align: center;\"><span style=\"color: #ba0000;\"><span style=\"font-weight: 400; font-family: 'book antiqua', palatino, serif;\">\u201c\u0418\u0434\u0451\u0442-\u0442\u043e \u0432\u0435\u0434\u044c \u0447\u0443\u0436-\u0447\u0443\u0436\u0435\u043d\u0438\u043d<br \/>\n<\/span><span style=\"font-weight: 400; font-family: 'book antiqua', palatino, serif;\">\u043f\u043e \u043c\u043e\u0441\u0442\u043e\u0446\u044c\u043a\u0443 \u043a\u0430\u043b\u0438\u043d\u043e\u0432\u0443. &#8211;<br \/>\n<\/span><span style=\"font-weight: 400; font-family: 'book antiqua', palatino, serif;\">\u041a\u0430\u043b\u0438\u043d \u043c\u043e\u0441\u0442 \u0432\u044b\u0433\u0438\u0431\u0430\u0438\u0442\u0446\u0435,<br \/>\n<\/span><span style=\"font-weight: 400; font-family: 'book antiqua', palatino, serif;\">\u043a\u0430\u043b\u0438\u043d\u044b-\u0442\u0435 \u043b\u043e\u043c\u0430\u044e\u0442\u0446\u0435.<br \/>\n<\/span><span style=\"font-weight: 400; font-family: 'book antiqua', palatino, serif;\">\u2026<br \/>\n<\/span><span style=\"font-weight: 400; font-family: 'book antiqua', palatino, serif;\">\u0418\u0437-\u043f\u043e\u0434 \u043f\u0440\u0430\u0432\u043e\u0439-\u043e\u0442 \u043d\u043e\u0436\u0435\u043d\u044c\u043a\u0438<br \/>\n<\/span><span style=\"font-weight: 400; font-family: 'book antiqua', palatino, serif;\">\u0432\u043e\u0434\u0430-\u0433\u0440\u0435\u0437\u044c \u0432\u044b\u0436\u0438\u043c\u0430\u0438\u0442\u0446\u0435,<br \/>\n<\/span><span style=\"font-weight: 400; font-family: 'book antiqua', palatino, serif;\">\u0438\u0437-\u043f\u043e\u0434 \u043b\u0435\u0432\u043e\u0439-\u043e\u0442 \u043d\u043e\u0436\u0435\u043d\u044c\u043a\u0438<br \/>\n<\/span><span style=\"font-weight: 400; font-family: 'book antiqua', palatino, serif;\">\u043e\u0433\u043e\u043d\u044c \u0441 \u0438\u0441\u043a\u0440\u0430\u043c \u0432\u044b\u043b\u0435\u0442\u044b\u0432\u0430\u0435\u0442\u201d<br \/>\n<\/span><span style=\"font-family: 'book antiqua', palatino, serif;\"><b>\u25aa<br \/>\n<\/b><\/span><span style=\"font-weight: 400; font-family: 'book antiqua', palatino, serif;\">\u201cIde pak to tu\u0111i tu\u0111inac po mosti\u0107u kalinovu. &#8211;<br \/>\n<\/span><span style=\"font-weight: 400; font-family: 'book antiqua', palatino, serif;\">&nbsp;Kalinov se most sagiba, kaline se lome.<br \/>\n<\/span><span style=\"font-weight: 400; font-family: 'book antiqua', palatino, serif;\">\u2026<br \/>\n<\/span><span style=\"font-weight: 400; font-family: 'book antiqua', palatino, serif;\">&nbsp;Ispod desne noge voda se i mulj i\u017eima,<br \/>\n<\/span><span style=\"font-weight: 400; font-family: 'book antiqua', palatino, serif;\">ispod lijeve noge oganj s iskrama izlije\u010de.\u201d<\/span><span style=\"font-family: 'book antiqua', palatino, serif;\">&nbsp;<\/span><\/span><\/p>\n<p><span style=\"font-family: 'book antiqua', palatino, serif; color: #000000;\"><span style=\"font-weight: 400;\">Od siline Jarilova hoda <\/span><b>lomi se <\/b><span style=\"font-weight: 400;\">kalinov <\/span><b>most<\/b><span style=\"font-weight: 400;\">. Most i ne mora biti kalinov, u pri\u010dama on biva na\u010dinjen od svibovine, kovan ili oki\u0107en biserjem, zlatom i srebrom. <\/span><b>Preko <\/b><span style=\"font-weight: 400;\">njega <\/span><b>prolaze bo\u017eanski svatovi <\/b><span style=\"font-weight: 400;\">i bo\u017eanski mlado\u017eenja prilikom \u010dega se most<\/span><b> nji\u0161e, zvoni, svija i lomi.<\/b><span style=\"font-weight: 400;\"> Taj je prizor dobro potvr\u0111en u usmenoj predaji slavenskih naroda. Mitski smisao Jarilova hoda po mostu napokon otkriva ruska poslovica:<\/span><\/span><\/p>\n<p style=\"text-align: center;\"><span style=\"color: #bf0404;\"><span style=\"font-weight: 400; font-family: 'book antiqua', palatino, serif;\">\u201c\u041a\u043e\u0433\u0434\u0430 \u0441\u0432\u0435\u0442 \u0437\u0430\u0440\u043e\u0434\u0438\u043b\u0441\u044f, \u0442\u043e\u0433\u0434\u0430 \u0434\u0443\u0431 \u043f\u043e\u0432\u0430\u043b\u0438\u043b\u0441\u044f \u0438 \u0442\u0435\u043f\u0435\u0440\u044c \u043b\u0435\u0436\u0438\u0442. \u0414\u043e\u0440\u043e\u0433\u0430 \u043b\u0435\u0436\u0438\u0442.\u201d<br \/>\n<\/span><span style=\"font-family: 'book antiqua', palatino, serif;\"><b>\u25aa<br \/>\n<\/b><\/span><span style=\"font-weight: 400; font-family: 'book antiqua', palatino, serif;\">\u201cKada se svijet zametnuo, tada se dub povalio, i sada le\u017ei. Le\u017ei put.<\/span><\/span><\/p>\n<p><span style=\"font-family: 'book antiqua', palatino, serif; color: #000000;\"><span style=\"font-weight: 400;\">Povaljen <\/span><b>dub <\/b><span style=\"font-weight: 400;\">\u0161to le\u017ei <\/span><b>je deblo Drva svijeta<\/b><span style=\"font-weight: 400;\">. Jarilo, bo\u017eanski posrednik, hoda od korijena i Velesova luga, iz mo\u010dvare, preko povaljenog debla, do kro\u0161nje, suhe (zlatne) grane Perunova dvora gdje je nevjesta. Taj <\/span><b>put <\/b><span style=\"font-weight: 400;\">je zapravo <\/span><b>me\u0111usvjetovni most<\/b><span style=\"font-weight: 400;\">.&nbsp;<\/span><\/span><\/p>\n<p><span style=\"font-weight: 400; font-family: 'book antiqua', palatino, serif; color: #000000;\">Kada kora\u010da, jednom nogom gazi u blato, vodu, zemlju u kojem uspijeva zelenilo mahovine, alga i trave. Ispod druge noge, na suhome, izbija oganj, iskre i crven \u017ear.<br \/>\n<\/span><span style=\"font-family: 'book antiqua', palatino, serif; color: #000000;\"><span style=\"font-weight: 400;\">Jarilovo kora\u010danje zeleno-crvenog ritma smjena je dvaju vrsta zemlji\u0161ta: blatnoga (praslav. <\/span><i><span style=\"font-weight: 400;\">bolto<\/span><\/i><span style=\"font-weight: 400;\">), mo\u010dvarnoga, niskoga i vla\u017enoga (praslav. <\/span><b><i>orkyta<\/i><\/b><i><span style=\"font-weight: 400;\">): mahovine <\/span><\/i><span style=\"font-weight: 400;\">(praslav. <\/span><i><span style=\"font-weight: 400;\">m\u044ch\u044c<\/span><\/i><span style=\"font-weight: 400;\">); te suhog povi\u0161enog s karakteristi\u010dnom vegetacijom (praslav. <\/span><b><i>bor\u044c<\/i><\/b><span style=\"font-weight: 400;\">) po kojem kasnije drvo \u0161to raste na takvu zemlji\u0161tu dobiva ime (bor). Istom analogijom po praslav. <\/span><i><span style=\"font-weight: 400;\">orkyta<\/span><\/i><span style=\"font-weight: 400;\"> ime dobiva drvo rakita.&nbsp;<\/span><\/span><\/p>\n<p><span style=\"font-family: 'book antiqua', palatino, serif; color: #000000;\"><b>Jarilo <\/b><span style=\"font-weight: 400;\">zapravo hoda <\/span><b>izme\u0111u dva svijeta<\/b><span style=\"font-weight: 400;\">, i to <\/span><b>bo\u017eanska<\/b><span style=\"font-weight: 400;\">. Naime, vla\u017ena zelena <\/span><b><i>orkyta <\/i><\/b><b>pripada Velesu<\/b><span style=\"font-weight: 400;\">, a suh crven <\/span><b><i>bor\u044c <\/i><\/b><b>Perunu<\/b><span style=\"font-weight: 400;\">. Jarilo povezuje sve \u0161to je suprotstavljeno, on je posrednik.<br \/>\n<\/span><\/span><span style=\"font-family: 'book antiqua', palatino, serif; color: #000000;\"><span style=\"font-weight: 400;\">On <\/span><b>zlatnim klju\u010dem otvara vrata <\/b><span style=\"font-weight: 400;\">zemlje koja su zelenilo i plodnost prirode \u010duvala u <\/span><b>Vireju<\/b><span style=\"font-weight: 400;\">, <\/span><b>pu\u0161ta <\/b><span style=\"font-weight: 400;\">za lug i polje \u017eivototvornu <\/span><b>rosu<\/b><span style=\"font-weight: 400;\">. <\/span><b>Zeleni se <\/b><span style=\"font-weight: 400;\">jo\u0161 od zime suh <\/span><b>lug i polje<\/b><span style=\"font-weight: 400;\"> te tjeraju mladice i trava.<\/span><\/span><\/p>\n<p style=\"text-align: center;\"><span style=\"font-family: 'book antiqua', palatino, serif; color: #000000;\"><span style=\"font-weight: 400;\"><br \/>\n<img loading=\"lazy\" decoding=\"async\" class=\" wp-image-1641 aligncenter\" src=\"https:\/\/rodnovjerje.com.hr\/wp-content\/uploads\/2024\/05\/jarilo-7-660x219.jpg\" alt=\"\" width=\"536\" height=\"178\" srcset=\"https:\/\/rodnovjerje.com.hr\/wp-content\/uploads\/2024\/05\/jarilo-7-660x219.jpg 660w, https:\/\/rodnovjerje.com.hr\/wp-content\/uploads\/2024\/05\/jarilo-7-840x279.jpg 840w, https:\/\/rodnovjerje.com.hr\/wp-content\/uploads\/2024\/05\/jarilo-7-768x255.jpg 768w, https:\/\/rodnovjerje.com.hr\/wp-content\/uploads\/2024\/05\/jarilo-7-1536x511.jpg 1536w, https:\/\/rodnovjerje.com.hr\/wp-content\/uploads\/2024\/05\/jarilo-7.jpg 1624w\" sizes=\"(max-width: 536px) 100vw, 536px\" \/><\/span><\/span><span style=\"font-family: 'book antiqua', palatino, serif; color: #000000;\"><span style=\"font-weight: 400;\"><span style=\"font-family: 'book antiqua', palatino, serif; color: #808080; font-size: 12pt;\">Slika 13. Prikaz simbola Jarila u bjeloruskom tradicionalnom vezu<br \/>\nIzvor: <span style=\"font-family: 'book antiqua', palatino, serif;\">M. S. Kacar: <em>Bjeloruski ornament <\/em>(1996.)<\/span><\/span><\/span><\/span><\/p>\n<p style=\"text-align: center;\"><span style=\"font-family: 'book antiqua', palatino, serif; color: #000000;\"><span style=\"font-family: 'book antiqua', palatino, serif; color: #c70000; font-size: 30pt;\"><b><span style=\"color: #c70000; font-size: 30pt;\"><strong><span style=\"font-size: 16pt; color: #ba0000;\"><span style=\"font-size: 14pt;\"><span style=\"font-weight: 400;\"><img fetchpriority=\"high\" decoding=\"async\" class=\"alignnone wp-image-1344\" src=\"https:\/\/rodnovjerje.com.hr\/wp-content\/uploads\/2024\/02\/pejdz-2-660x59.jpg\" alt=\"\" width=\"839\" height=\"75\" srcset=\"https:\/\/rodnovjerje.com.hr\/wp-content\/uploads\/2024\/02\/pejdz-2-660x59.jpg 660w, https:\/\/rodnovjerje.com.hr\/wp-content\/uploads\/2024\/02\/pejdz-2-840x75.jpg 840w, https:\/\/rodnovjerje.com.hr\/wp-content\/uploads\/2024\/02\/pejdz-2-768x69.jpg 768w, https:\/\/rodnovjerje.com.hr\/wp-content\/uploads\/2024\/02\/pejdz-2-1536x138.jpg 1536w, https:\/\/rodnovjerje.com.hr\/wp-content\/uploads\/2024\/02\/pejdz-2-2048x184.jpg 2048w\" sizes=\"(max-width: 839px) 100vw, 839px\" \/><\/span><\/span><\/span><\/strong><\/span><\/b><\/span><\/span><span style=\"font-family: 'book antiqua', palatino, serif; color: #000000; font-size: 30pt;\"><span style=\"color: #c70000;\"><b><span style=\"color: #c70000; font-size: 30pt;\"><strong><span style=\"font-size: 16pt; color: #ba0000;\"><span style=\"font-size: 14pt;\">\u25c6 <\/span><\/span><\/strong><\/span><span style=\"color: #000000;\">Do\u0161<\/span><\/b><span style=\"color: #000000;\"><b>\u044c<\/b><b>dl<\/b><b>\u044a<\/b><b> jest<\/b><b>\u044c<\/b><b> Jarylo j<\/b><b>\u044c<\/b><\/span><\/span><b>z za l\u01ebga zelena jego <span style=\"color: #c70000; font-size: 30pt;\"><strong><span style=\"font-size: 16pt; color: #ba0000;\"><span style=\"font-size: 14pt;\">\u25c6<\/span><\/span><\/strong><\/span><\/b><\/span><\/p>\n<p style=\"text-align: left;\"><span style=\"font-family: 'book antiqua', palatino, serif; color: #000000;\"><span style=\"font-weight: 400;\">Jurjevska ophodna pjesma iz Turopolja opisuje Jarilov dolazak u <\/span><i><span style=\"font-weight: 400;\">zeleni lug<\/span><\/i><span style=\"font-weight: 400;\">. Poja\u0161njava \u0161to mlada nevjesta Mara, koja jo\u0161 nije u njemu, tada \u010dini:<\/span><\/span><\/p>\n<p style=\"text-align: center;\"><span style=\"color: #ba0000;\"><span style=\"font-family: 'book antiqua', palatino, serif;\">&nbsp;<\/span><span style=\"font-weight: 400; font-family: 'book antiqua', palatino, serif;\">\u201cOvo se klanja zeleni Juraj &#8211; kirales!<br \/>\n<\/span><span style=\"font-weight: 400; font-family: 'book antiqua', palatino, serif;\">Zeleni Juraj, zeleno drevce &#8211; kirales!<br \/>\n<\/span><span style=\"font-weight: 400; font-family: 'book antiqua', palatino, serif;\">Zeleno drevce (v) zelenoj hali &#8211; kirales!<br \/>\n<\/span><span style=\"font-weight: 400; font-family: 'book antiqua', palatino, serif;\">Zelenoj hali, jukuni kapi &#8211; kirales!<br \/>\n<\/span><span style=\"font-weight: 400; font-family: 'book antiqua', palatino, serif;\">Jukuni kapi, u ba\u010dkom pasu &#8211; kirales!<br \/>\n<\/span><span style=\"font-weight: 400; font-family: 'book antiqua', palatino, serif;\">U ba\u010dkom pasu, u plavi hla\u010di &#8211; kirales!<br \/>\n<\/span><span style=\"font-weight: 400; font-family: 'book antiqua', palatino, serif;\">U plavi hla\u010di, u \u017eutih \u010dizmah &#8211; kirales!<\/span><span style=\"font-family: 'book antiqua', palatino, serif;\"><br \/>\n<\/span><span style=\"font-family: 'book antiqua', palatino, serif;\"><span style=\"font-weight: 400;\">Kukuva\u010dica zakukuvala<\/span><span style=\"font-weight: 400;\"> &#8211; kirales!<br \/>\n<\/span><\/span><span style=\"font-weight: 400; font-family: 'book antiqua', palatino, serif;\">U jutro rano v zelenom lugu &#8211; kirales!<br \/>\n<\/span><span style=\"font-family: 'book antiqua', palatino, serif;\"><span style=\"font-weight: 400;\">V zelenom lugu, na suhom drugu &#8211;<\/span><span style=\"font-weight: 400;\"> kirales!<br \/>\n<\/span><\/span><span style=\"font-family: 'book antiqua', palatino, serif;\"><span style=\"font-weight: 400;\">Na suhom drugu, na rakitovom <\/span><span style=\"font-weight: 400;\">&#8211; kirales!<br \/>\n<\/span><\/span><span style=\"font-family: 'book antiqua', palatino, serif;\"><span style=\"font-weight: 400;\">Na rakitovom i na borovom<\/span><span style=\"font-weight: 400;\"> &#8211; kirales!<br \/>\n<\/span><\/span><span style=\"font-family: 'book antiqua', palatino, serif;\"><span style=\"font-weight: 400;\">To mi <\/span><span style=\"font-weight: 400;\">ni bila kukuva\u010dica<\/span><span style=\"font-weight: 400;\"> &#8211; kirales!<br \/>\n<\/span><\/span><span style=\"font-family: 'book antiqua', palatino, serif;\"><span style=\"font-weight: 400;\">Ve\u0107 <\/span><span style=\"font-weight: 400;\">mi je bila mlada <\/span><span style=\"font-weight: 400;\">nevjesta <\/span><span style=\"font-weight: 400;\">&#8211; kirales!<br \/>\n<\/span><\/span><span style=\"font-family: 'book antiqua', palatino, serif;\"><span style=\"font-weight: 400;\">Mlada nevjesta po gradu \u0161e\u0107e<\/span><span style=\"font-weight: 400;\"> &#8211; kirales!<br \/>\n<\/span><\/span><span style=\"font-family: 'book antiqua', palatino, serif;\"><span style=\"font-weight: 400;\">Po gradu \u0161e\u0107e, <\/span><span style=\"font-weight: 400;\">deverke budi <\/span><span style=\"font-weight: 400;\">&#8211; kirales!<br \/>\n<\/span><\/span><span style=\"font-weight: 400; font-family: 'book antiqua', palatino, serif;\">Dever neverek kako brajenek &#8211; kirales!<br \/>\n<\/span><span style=\"font-weight: 400; font-family: 'book antiqua', palatino, serif;\">Stante se gore mlade sna\u0161ice &#8211; kirales!<br \/>\n<\/span><span style=\"font-weight: 400; font-family: 'book antiqua', palatino, serif;\">Pak nadjelite nas djevoj\u010dice &#8211; kirales!<br \/>\n<\/span><span style=\"font-weight: 400; font-family: 'book antiqua', palatino, serif;\">Nas djevoj\u010dice, zelena Jurja &#8211; kirales!<\/span><span style=\"font-family: 'book antiqua', palatino, serif;\"><br \/>\n<\/span><span style=\"font-weight: 400; font-family: 'book antiqua', palatino, serif;\">Sve su djevojke zamur otisle &#8211; kirales!<br \/>\n<\/span><span style=\"font-weight: 400; font-family: 'book antiqua', palatino, serif;\">Samo ostala Mara djevojka &#8211; kirales!<br \/>\n<\/span><span style=\"font-weight: 400; font-family: 'book antiqua', palatino, serif;\">Mara imala zlatu jabuku &#8211; kirales!<br \/>\n<\/span><span style=\"font-weight: 400; font-family: 'book antiqua', palatino, serif;\">Puno gospode za jabuku dr\u017ee &#8211; kirales!<br \/>\n<\/span><span style=\"font-weight: 400; font-family: 'book antiqua', palatino, serif;\">Komu jabuka, temu djevojka &#8211; kirales!<br \/>\n<\/span><span style=\"font-weight: 400; font-family: 'book antiqua', palatino, serif;\">Juri jabuka, Juri djevojka &#8211; kirales!<br \/>\n<\/span><span style=\"font-weight: 400; font-family: 'book antiqua', palatino, serif;\">Jura ju ta\u010de u ra(v)no polje &#8211; kirales!<br \/>\n<\/span><span style=\"font-weight: 400; font-family: 'book antiqua', palatino, serif;\">U ra(v) no polje, u crne gore &#8211; kirales!<br \/>\n<\/span><span style=\"font-weight: 400; font-family: 'book antiqua', palatino, serif;\">Dajte nam dajte kaj ste kanili &#8211; kirales!<br \/>\n<\/span><span style=\"font-weight: 400; font-family: 'book antiqua', palatino, serif;\">Aj zbogom, zbogom, vi dobri ljudi &#8211; kirales!<br \/>\n<\/span><span style=\"font-weight: 400; font-family: 'book antiqua', palatino, serif;\">Mi vam hvalimo, aj Bog vam plati &#8211; kirales!\u201d<\/span><\/span><\/p>\n<p style=\"text-align: center;\"><span style=\"font-family: 'book antiqua', palatino, serif; color: #ba0000;\"><b>\u25c6\u25c6\u25c6<\/b><\/span><\/p>\n<p><iframe title=\"Tira les\" width=\"1170\" height=\"878\" src=\"https:\/\/www.youtube.com\/embed\/49wC2tdbwrY?feature=oembed\" frameborder=\"0\" allow=\"accelerometer; autoplay; clipboard-write; encrypted-media; gyroscope; picture-in-picture; web-share\" referrerpolicy=\"strict-origin-when-cross-origin\" allowfullscreen><\/iframe><\/p>\n<p style=\"text-align: center;\"><span style=\"font-family: 'book antiqua', palatino, serif; color: #c70000; font-size: 10pt;\"><b><span style=\"color: #c70000;\"><strong><span style=\"color: #ba0000;\">\u25c6<\/span><\/strong><\/span><\/b><\/span><\/p>\n<p><span style=\"font-family: 'book antiqua', palatino, serif; color: #000000;\"><b>U zelenom lugu stoji <\/b><b><i>suh drug<\/i><\/b><span style=\"font-weight: 400;\">. Drug (praslav. <\/span><i><span style=\"font-weight: 400;\">dr\u01ebg\u044a<\/span><\/i><span style=\"font-weight: 400;\">) je motka, poluga, a staronordijska rije\u010d (koja je u potpunoj podudarnosti s <\/span><i><span style=\"font-weight: 400;\">dr\u01ebg\u044a<\/span><\/i><span style=\"font-weight: 400;\">) <\/span><i><span style=\"font-weight: 400;\">drangr<\/span><\/i><span style=\"font-weight: 400;\"> ozna\u010dava deblo, \u0161tap. Litavska rije\u010d <\/span><i><span style=\"font-weight: 400;\">dr\u00e1nga<\/span><\/i><span style=\"font-weight: 400;\"> ozna\u010dava motku, kolac, dug \u0161tap. <\/span><i><span style=\"font-weight: 400;\">Suh drug<\/span><\/i><span style=\"font-weight: 400;\"> je <\/span><i><span style=\"font-weight: 400;\">suhorek<\/span><\/i><span style=\"font-weight: 400;\">, zlatna grana Drva svijeta (<\/span><i><span style=\"font-weight: 400;\">arbor mundi<\/span><\/i><span style=\"font-weight: 400;\">), kako obja\u0161njava R. Kati\u010di\u0107. <\/span><b>Cijeli je svijet<\/b><span style=\"font-weight: 400;\"> zami\u0161ljen kao <\/span><b>Drvo svijeta<\/b><span style=\"font-weight: 400;\"> u \u010dijem <\/span><b>korjenju <\/b><span style=\"font-weight: 400;\">je <\/span><i><span style=\"font-weight: 400;\">Vyrej <\/span><\/i><span style=\"font-weight: 400;\">(podzemni svijet preminulih)<\/span> <span style=\"font-weight: 400;\">&#8211; Velesov <\/span><i><span style=\"font-weight: 400;\">zeleni lug<\/span><\/i><span style=\"font-weight: 400;\"> (<\/span><b><i>orkyta<\/i><\/b><b>, <\/b><span style=\"font-weight: 400;\">vla\u017eno, mo\u010dvarno zemlji\u0161te gdje raste rakita). <\/span><b>Deblo Drva<\/b><span style=\"font-weight: 400;\"> svijeta je <\/span><b>svijet smrtnika<\/b><span style=\"font-weight: 400;\">, a <\/span><b>kro\u0161nja <\/b><span style=\"font-weight: 400;\">dom nebesnih bogova. U samom vrhu te kro\u0161nje nalazi se <\/span><i><span style=\"font-weight: 400;\">suhi drug<\/span><\/i><span style=\"font-weight: 400;\">, <\/span><i><span style=\"font-weight: 400;\">suhorek<\/span><\/i><span style=\"font-weight: 400;\">, odnosno <\/span><i><span style=\"font-weight: 400;\">suha<\/span><\/i><span style=\"font-weight: 400;\"> (zlatna) grana, <\/span><b><i>dr\u01ebg\u044a<\/i><\/b><span style=\"font-weight: 400;\">, ujedno i motka \u0161to dr\u017ei nebeski svod od ru\u0161enja na zemlju.<br \/>\n<\/span><\/span><span style=\"font-family: 'book antiqua', palatino, serif; color: #000000;\"><span style=\"font-weight: 400;\">U jednoj se Turopoljskoj ophodni\u010dkoj pjesmi opisuje ta suha grana, ona koja se nije <\/span><i><span style=\"font-weight: 400;\">oklenula<\/span><\/i><span style=\"font-weight: 400;\">, zazelenila, na njoj sjede <\/span><i><span style=\"font-weight: 400;\">gospoda<\/span><\/i><span style=\"font-weight: 400;\"> i <\/span><i><span style=\"font-weight: 400;\">gospon Bog<\/span><\/i><span style=\"font-weight: 400;\">:<\/span><\/span><\/p>\n<p style=\"text-align: center;\"><span style=\"font-weight: 400; font-family: 'book antiqua', palatino, serif; color: #ba0000;\">\u201cStara majko, hvaljen budi Bog!<br \/>\n<\/span><span style=\"font-weight: 400; font-family: 'book antiqua', palatino, serif; color: #ba0000;\">Nastalo je novo leto pomozi nam Bog!<br \/>\n<\/span><span style=\"font-weight: 400; font-family: 'book antiqua', palatino, serif; color: #ba0000;\">Sve su kite oklenile, samo jedna ne.<br \/>\n<\/span><span style=\"font-weight: 400; font-family: 'book antiqua', palatino, serif; color: #ba0000;\">Ona nije oklenila kaj zelena ni.<br \/>\n<\/span><span style=\"font-family: 'book antiqua', palatino, serif; color: #ba0000;\"><span style=\"font-weight: 400;\">Na toj kiti sva gospoda i gospon Bog.<\/span><span style=\"font-weight: 400;\">\u201d<\/span><\/span><\/p>\n<p><span style=\"font-family: 'book antiqua', palatino, serif; color: #000000;\"><span style=\"font-weight: 400;\">Mit o <\/span><i><span style=\"font-weight: 400;\">suhorku<\/span><\/i><span style=\"font-weight: 400;\"> potvr\u0111uju i ludbre\u0161ki svadbeni obi\u010daji prilikom kojih se mlado\u017eenja penje na drvo, na \u010dijoj najvi\u0161oj grani, <\/span><i><span style=\"font-weight: 400;\">suhorku<\/span><\/i><span style=\"font-weight: 400;\">, visi vijenac ili mladin rubac. On taj vijenac ili rubac simboli\u010dno dohva\u0107a i spu\u0161ta, kao \u0161to se <\/span><b>sa zlatne grane spu\u0161ta Mara na svadbu u zelenom lugu<\/b><span style=\"font-weight: 400;\">. <\/span><b>Mara <\/b><span style=\"font-weight: 400;\">je kukavica koja je <\/span><b><i>zakukuvala<\/i><\/b><span style=\"font-weight: 400;\">, odnosno <\/span><b>probudila <\/b><i><span style=\"font-weight: 400;\">deverke<\/span><\/i><span style=\"font-weight: 400;\"> (djeveru\u0161e) <\/span><b>i Velesovu <\/b><b><i>rakitu<\/i><\/b><b> i Perunov <\/b><b><i>bor.<br \/>\n<\/i><\/b><\/span><span style=\"font-family: 'book antiqua', palatino, serif; color: #000000;\"><span style=\"font-weight: 400;\">Kao \u0161to kli\u010de i nevjesta, mladoj rodnoj i plodnoj prirodi kli\u010du i ljudi, kao u navedenoj pjesmi svaki stih zavr\u0161avaju\u0107i s <\/span><b><i>kirales<\/i><\/b><span style=\"font-weight: 400;\">. Izvorno, kao \u0161to je vidljivo u nekim pjesmama (npr. turopoljskim), pjevalo se <\/span><b><i>tira les<\/i><\/b><span style=\"font-weight: 400;\">, \u0161to zna\u010di \u201cpupa ljeska\u201d ili \u201c<\/span><b>pupa<\/b> <b>\u0161uma<\/b><span style=\"font-weight: 400;\">\u201d. Taj se pripjev poku\u0161ao s vremenom ubla\u017eiti liturgijskim zazivom <\/span><i><span style=\"font-weight: 400;\">Kyrie eleison<\/span><\/i><span style=\"font-weight: 400;\">, koji je u narodu postao kompromis, prvotno kao usklik <\/span><i><span style=\"font-weight: 400;\">kirjelejs<\/span><\/i><span style=\"font-weight: 400;\">, a na kraju <\/span><i><span style=\"font-weight: 400;\">kirales<\/span><\/i><span style=\"font-weight: 400;\">.&nbsp;<\/span><\/span><\/p>\n<p><span style=\"font-family: 'book antiqua', palatino, serif; color: #000000;\"><b>Mara<\/b><span style=\"font-weight: 400;\">, nevjesta, <\/span><i><span style=\"font-weight: 400;\">kukuva\u010dica<\/span><\/i><span style=\"font-weight: 400;\">, <\/span><b>\u0161e\u0107e po <\/b><b><i>gradu<\/i><\/b> <span style=\"font-weight: 400;\">koji se nalazi <\/span><b>na zlatnoj grani<\/b><span style=\"font-weight: 400;\">. Taj grad, praslav. <\/span><b><i>gord\u044a<\/i><\/b><span style=\"font-weight: 400;\"> &#8211; \u2018plot\u2019, \u2018drvena ograda\u2019 je <\/span><i><span style=\"font-weight: 400;\">vrt<\/span><\/i><b>. <\/b><span style=\"font-weight: 400;\">Nekada je i u hrvatskom jeziku rije\u010d \u2018grad\u2019 ozna\u010davala <\/span><b>ogra\u0111en vrt<\/b><span style=\"font-weight: 400;\">. O tome govori pjesma iz Ple\u0161ivica kraj Severina na Kupi:<br \/>\n<\/span><\/span><\/p>\n<p style=\"text-align: center;\"><span style=\"color: #ba0000;\"><span style=\"font-weight: 400; font-family: 'book antiqua', palatino, serif;\"><span style=\"color: #ba0000; font-size: 14pt;\">\u201cMal mi je vertec ograjen, pun mi je ro\u017eic nasajen.<\/span><br \/>\n<span style=\"font-size: 14pt;\">Po njem se \u0161e\u0107e Marica, nju so se ro\u017ee klanjale.\u201d<\/span><\/span><\/span><\/p>\n<p style=\"text-align: center;\"><span style=\"font-family: 'book antiqua', palatino, serif; color: #ba0000;\"><b>\u25c6\u25c6\u25c6<\/b><\/span><\/p>\n<p><iframe title=\"Mal mi je vertec ograjen\" width=\"1170\" height=\"878\" src=\"https:\/\/www.youtube.com\/embed\/L3JAEf02BRY?list=OLAK5uy_lU4Ps8CVX_3Qu4ge2d7fO-V_X5XWPckgo\" frameborder=\"0\" allow=\"accelerometer; autoplay; clipboard-write; encrypted-media; gyroscope; picture-in-picture; web-share\" referrerpolicy=\"strict-origin-when-cross-origin\" allowfullscreen><\/iframe><\/p>\n<p style=\"text-align: center;\"><span style=\"font-family: 'book antiqua', palatino, serif; color: #c70000; font-size: 10pt;\"><b><span style=\"color: #c70000;\"><strong><span style=\"color: #ba0000;\">\u25c6<\/span><\/strong><\/span><\/b><\/span><\/p>\n<p><span style=\"font-family: 'book antiqua', palatino, serif; color: #000000;\"><span style=\"font-weight: 400;\"><strong>Mara<\/strong> ponekad <\/span><b>obilazi zdenac <\/b><span style=\"font-weight: 400;\">svoje <\/span><b>majke Moko\u0161i<\/b><span style=\"font-weight: 400;\">. Gazdarica otvara i zatvara vrata nebeskog dvora iz kojeg put vodi u vlagu i vodu te vrela skrivena u \u0161a\u0161u. Taj zdenac zlata, srebra i \u017eivototvorne vode, \u0161to se osloba\u0111a na Velikdan, u nekim je predajama <\/span><b>u <\/b><b><i>gradu<\/i><\/b><span style=\"font-weight: 400;\">. Izvor je obilja i bogatstva za nadolaze\u0107u godinu, kao i bo\u017eansku svadbu Jurja i Mare. <\/span><b>Motiv vrela klju\u010daju\u0107eg zlata ili srebra povezan <\/b><span style=\"font-weight: 400;\">je <\/span><b>sa zlatnim klju\u010dem <\/b><span style=\"font-weight: 400;\">kojim su u kona\u010dnici <\/span><b>otvorena vrata prolje\u0107a<\/b><span style=\"font-weight: 400;\">, tople rose, rodnosti i plodnosti, za \u0161to, prema R. Kati\u010di\u0107u, potvrda stoji u baltoslavenskoj i slavenskoj predaji, zajedno sa podudarnostima u germanskoj.<br \/>\n<\/span><\/span><span style=\"font-family: 'book antiqua', palatino, serif; color: #000000;\"><b>Klju\u010deve Jurju na <\/b><span style=\"font-weight: 400;\">Velju no\u0107\/ <\/span><b>Velikdan daje Morana<\/b><span style=\"font-weight: 400;\">, odnosno <\/span><i><span style=\"font-weight: 400;\">Smrtolka, Smrtna nedjelja<\/span><\/i><span style=\"font-weight: 400;\"> (4. korizmena), <strong>ponegdje<\/strong> i <strong>Moko\u0161<\/strong>, kada se lutka Morane \u0161to predstavlja zimu spaljuje, zakapa ili komada, \u010dime se ozna\u010dava kraj zime i po\u010detak prolje\u0107a. Juraj \u0107e tim klju\u010devima otvoriti vrata vla\u017enog podzemlja. O tome govori \u010de\u0161ka jurjevska pjesma:<br \/>\n<\/span><\/span><\/p>\n<p style=\"text-align: center;\"><span style=\"color: #ba0000;\"><span style=\"font-family: 'book antiqua', palatino, serif;\">&nbsp;<\/span><span style=\"font-weight: 400; font-family: 'book antiqua', palatino, serif;\">\u201cSmrtna nedjeljo, kamo si klju\u010deve djela?<br \/>\n<\/span><span style=\"font-weight: 400; font-family: 'book antiqua', palatino, serif;\">Ja sam ih dala svetomu Jurju.<br \/>\n<\/span><span style=\"font-weight: 400; font-family: 'book antiqua', palatino, serif;\">Sveti Juraj ustaje, Zemlju otklju\u010dava<br \/>\n<\/span><span style=\"font-weight: 400; font-family: 'book antiqua', palatino, serif;\">Da bi trava rasla, Trava zelena, Cvjetak crveni.&#8221;<\/span><\/span><\/p>\n<p><span style=\"font-family: 'book antiqua', palatino, serif; color: #000000;\">&nbsp;<\/span><span style=\"font-family: 'book antiqua', palatino, serif; color: #000000;\"><span style=\"font-weight: 400;\">Osim \u0161to je klju\u010d zlatan, <strong>zlatna<\/strong> <strong>je<\/strong> i <strong>bo\u017eanska<\/strong> <strong>jabuka<\/strong>. Njime se otvaraju vrata plodnosti i rodnosti koja se pu\u0161ta na polja, a jabukom se ista potom u njih <\/span><i><span style=\"font-weight: 400;\"><strong>zata\u010de<\/strong>.<\/span><\/i><\/span><\/p>\n<p>&nbsp;<\/p>\n<p style=\"text-align: center;\"><span style=\"font-family: 'book antiqua', palatino, serif; color: #000000;\"><i><span style=\"font-weight: 400;\"><img loading=\"lazy\" decoding=\"async\" class=\"size-medium wp-image-1613 aligncenter\" src=\"https:\/\/rodnovjerje.com.hr\/wp-content\/uploads\/2024\/05\/podravske-sirine-510x365.jpg\" alt=\"\" width=\"510\" height=\"365\" srcset=\"https:\/\/rodnovjerje.com.hr\/wp-content\/uploads\/2024\/05\/podravske-sirine-510x365.jpg 510w, https:\/\/rodnovjerje.com.hr\/wp-content\/uploads\/2024\/05\/podravske-sirine-768x549.jpg 768w, https:\/\/rodnovjerje.com.hr\/wp-content\/uploads\/2024\/05\/podravske-sirine.jpg 800w\" sizes=\"(max-width: 510px) 100vw, 510px\" \/><\/span><\/i><\/span><span style=\"font-family: 'book antiqua', palatino, serif; color: #333333;\"><span style=\"font-size: 12pt; color: #808080;\">Slika 9. Jurja\u0161i uz <em>ru\u010danje <\/em>tra\u017ee dar za Zelenog Juru u pratnji&nbsp;<\/span><a href=\"https:\/\/drava.info\/2018\/04\/durdevdan-o-jurjevskim-obicajima-u-staroj-podravini\/\"><span style=\"font-size: 12pt; color: #808080;\">(izvor)<\/span><\/a><\/span><\/p>\n<p style=\"text-align: center;\"><span style=\"font-family: 'book antiqua', palatino, serif; color: #000000;\"><span style=\"font-family: 'book antiqua', palatino, serif; color: #c70000; font-size: 30pt;\"><b><span style=\"color: #c70000; font-size: 30pt;\"><strong><span style=\"font-size: 16pt; color: #ba0000;\"><span style=\"font-size: 14pt;\"><span style=\"font-weight: 400;\"><img fetchpriority=\"high\" decoding=\"async\" class=\"alignnone wp-image-1344\" src=\"https:\/\/rodnovjerje.com.hr\/wp-content\/uploads\/2024\/02\/pejdz-2-660x59.jpg\" alt=\"\" width=\"839\" height=\"75\" srcset=\"https:\/\/rodnovjerje.com.hr\/wp-content\/uploads\/2024\/02\/pejdz-2-660x59.jpg 660w, https:\/\/rodnovjerje.com.hr\/wp-content\/uploads\/2024\/02\/pejdz-2-840x75.jpg 840w, https:\/\/rodnovjerje.com.hr\/wp-content\/uploads\/2024\/02\/pejdz-2-768x69.jpg 768w, https:\/\/rodnovjerje.com.hr\/wp-content\/uploads\/2024\/02\/pejdz-2-1536x138.jpg 1536w, https:\/\/rodnovjerje.com.hr\/wp-content\/uploads\/2024\/02\/pejdz-2-2048x184.jpg 2048w\" sizes=\"(max-width: 839px) 100vw, 839px\" \/><\/span><\/span><\/span><\/strong><\/span><\/b><\/span><\/span><span style=\"font-family: 'book antiqua', palatino, serif; color: #c70000; font-size: 30pt;\"><b><span style=\"color: #c70000; font-size: 30pt;\"><strong><span style=\"font-size: 16pt; color: #ba0000;\"><span style=\"font-size: 14pt;\">\u25c6&nbsp; <\/span><\/span><\/strong><\/span><span style=\"color: #000000;\">Jabuka se <\/span><\/b><b><span style=\"color: #000000;\"><i>ta\u010de<\/i><\/span> <span style=\"color: #c70000; font-size: 30pt;\"><strong><span style=\"font-size: 16pt; color: #ba0000;\"><span style=\"font-size: 14pt;\">\u25c6<\/span><\/span><\/strong><\/span><\/b><\/span><\/p>\n<p><span style=\"font-family: 'book antiqua', palatino, serif; color: #000000;\">&nbsp;<\/span><span style=\"font-family: 'book antiqua', palatino, serif; color: #000000;\"><span style=\"font-weight: 400;\">Temeljni srokovi <\/span><i><span style=\"font-weight: 400;\">hoditi-ploditi, hoditi-roditi<\/span><\/i><span style=\"font-weight: 400;\"> i <\/span><i><span style=\"font-weight: 400;\">pol\u2019e <\/span><\/i><span style=\"font-weight: 400;\">prisutni su i u recentnijim pjesmama,&nbsp; primjerice iz koprivni\u010dke Podravine:&nbsp;&nbsp;<\/span><\/span><\/p>\n<p><span style=\"font-family: 'book antiqua', palatino, serif; color: #000000;\">&nbsp;<\/span><span style=\"font-weight: 400; font-family: 'book antiqua', palatino, serif; color: #ba0000;\">\u201cPoto\u010di nam, gazda, jabuku vu to na\u0161e polje \u0161iroko, da bi nam polje rodilo, zlatnom p\u0161enicom plodilo.\u201d<\/span><\/p>\n<p><span style=\"font-family: 'book antiqua', palatino, serif; color: #000000;\">&nbsp;<\/span><span style=\"font-family: 'book antiqua', palatino, serif; color: #000000;\"><b>Jabuka <\/b><span style=\"font-weight: 400;\">se zapravo <\/span><b><i>ta\u010de <\/i><\/b><i><span style=\"font-weight: 400;\">(te\u010de, kotrlja<\/span><\/i><span style=\"font-weight: 400;\">) <\/span><b>u polje za plodnost <\/b><span style=\"font-weight: 400;\">(upravo kotrljanje jabuke poti\u010de plodnost), \u0161to se mo\u017ee zaklju\u010diti i iz jurja\u0161kih ophodnih stihova koji opisuju svetu svadbu:<\/span><\/span><\/p>\n<p style=\"text-align: center;\"><span style=\"color: #ba0000;\"><span style=\"font-weight: 400; font-family: 'book antiqua', palatino, serif;\">&nbsp;<\/span><span style=\"font-weight: 400; font-family: 'book antiqua', palatino, serif;\">\u201cMara imala zlatu jabuku &#8211; kirales!<br \/>\n<\/span><span style=\"font-weight: 400; font-family: 'book antiqua', palatino, serif;\">Puno gospode za jabuku dr\u017ee &#8211; kirales!<br \/>\n<\/span><span style=\"font-weight: 400; font-family: 'book antiqua', palatino, serif;\">Komu jabuka, temu djevojka &#8211; kirales!<br \/>\n<\/span><span style=\"font-weight: 400; font-family: 'book antiqua', palatino, serif;\">Juri jabuka, Juri djevojka &#8211; kirales!<br \/>\n<\/span><span style=\"font-family: 'book antiqua', palatino, serif;\"><span style=\"font-weight: 400;\">Jura ju ta\u010de u ra(v)no polje<\/span><span style=\"font-weight: 400;\"> &#8211; kirales!<br \/>\n<\/span><\/span><span style=\"font-weight: 400; font-family: 'book antiqua', palatino, serif;\">U ra(v)no polje, u crne gore &#8211; kirales!\u201d<\/span><\/span><\/p>\n<p><span style=\"font-family: 'book antiqua', palatino, serif; color: #000000;\"><span style=\"font-weight: 400;\">Jabuka se ne ta\u010de samo u polje, ve\u0107 i <\/span><b>u <\/b><b><i>crnu goru<\/i><\/b><b> i u <\/b><b><i>djevoja\u0161tvo<\/i><\/b><span style=\"font-weight: 400;\">. Vi\u0161ezna\u010dna je. Ona je <\/span><b>simbol <\/b><span style=\"font-weight: 400;\">ljubavi me\u0111u mladima te pristajanja na brak. Igranje, odnosno <\/span><i><span style=\"font-weight: 400;\">hitanje <\/span><\/i><span style=\"font-weight: 400;\">jabukom ima i seksualnu konotaciju:<\/span><\/span><\/p>\n<p style=\"text-align: center;\"><span style=\"color: #ba0000;\"><span style=\"font-family: 'book antiqua', palatino, serif;\">&nbsp;<\/span><span style=\"font-weight: 400; font-family: 'book antiqua', palatino, serif;\">\u201cKada je do\u0161la mlada skraj vode, zagledala ljub\u010di\u0107a.<br \/>\n<\/span><span style=\"font-weight: 400; font-family: 'book antiqua', palatino, serif;\">Po\u010deli su se mladi igrati, jabukom se hitati.<br \/>\n<\/span><span style=\"font-weight: 400; font-family: 'book antiqua', palatino, serif;\">Po\u010dela mlada plakati, \u0161to \u0107e majki lagati.\u201d<\/span><\/span><\/p>\n<p><span style=\"font-family: 'book antiqua', palatino, serif; color: #000000;\"><span style=\"font-weight: 400;\">Njome se simboli\u010dki potvr\u0111uju <\/span><b>veze <\/b><span style=\"font-weight: 400;\">i izbori. Kada je <\/span><b>zlatna<\/b><span style=\"font-weight: 400;\">, ozna\u010dava bo\u017eansko, njegovu intervenciju, <\/span><b>bo\u017eanski grom i munju<\/b><span style=\"font-weight: 400;\">.&nbsp;<\/span><\/span><\/p>\n<p><span style=\"font-weight: 400; font-family: 'book antiqua', palatino, serif; color: #000000;\">Njome Mara na kraju odabire pravog prosca, dok sve druge, koji su se za nju borili, otpu\u0161ta.<\/span><\/p>\n<p><span style=\"font-family: 'book antiqua', palatino, serif;\"> <span style=\"font-family: 'book antiqua', palatino, serif; color: #c70000; font-size: 30pt;\"><b><span style=\"color: #c70000; font-size: 30pt;\"><strong><span style=\"font-size: 16pt; color: #ba0000;\"><span style=\"font-size: 14pt;\"><span style=\"font-weight: 400;\"><img fetchpriority=\"high\" decoding=\"async\" class=\"alignnone wp-image-1344\" src=\"https:\/\/rodnovjerje.com.hr\/wp-content\/uploads\/2024\/02\/pejdz-2-660x59.jpg\" alt=\"\" width=\"839\" height=\"75\" srcset=\"https:\/\/rodnovjerje.com.hr\/wp-content\/uploads\/2024\/02\/pejdz-2-660x59.jpg 660w, https:\/\/rodnovjerje.com.hr\/wp-content\/uploads\/2024\/02\/pejdz-2-840x75.jpg 840w, https:\/\/rodnovjerje.com.hr\/wp-content\/uploads\/2024\/02\/pejdz-2-768x69.jpg 768w, https:\/\/rodnovjerje.com.hr\/wp-content\/uploads\/2024\/02\/pejdz-2-1536x138.jpg 1536w, https:\/\/rodnovjerje.com.hr\/wp-content\/uploads\/2024\/02\/pejdz-2-2048x184.jpg 2048w\" sizes=\"(max-width: 839px) 100vw, 839px\" \/><\/span><\/span><\/span><\/strong><\/span><\/b><\/span><\/span><span style=\"font-family: 'book antiqua', palatino, serif; font-size: 18pt; color: #c90000;\"><b>Literatura:<\/b><\/span><\/p>\n<p><span style=\"font-family: 'book antiqua', palatino, serif; color: #333333;\">Belaj, V.:&nbsp;<em>Hod kroz godinu,<\/em>&nbsp;Golden marketing-Tehni\u010dka knjiga, Zagreb, 2007.<\/span><br \/>\n<span style=\"font-family: 'book antiqua', palatino, serif; color: #333333;\">Gavazzi, M.:&nbsp;<em>Godina dana hrvatskih obi\u010daja, II. Oko Bo\u017ei\u0107a<\/em>, Matica hrvatska, Zagreb, 1939.<\/span><br \/>\n<span style=\"font-family: 'book antiqua', palatino, serif; color: #333333;\">Kati\u010di\u0107, R.:&nbsp;<em>Zeleni lug,&nbsp;<\/em>Ibis grafika d.o.o., Zagreb\/Mo\u0161\u010deni\u010dka draga, 2008.<br \/>\n<span style=\"font-size: 13pt;\">M. S. Kacar: <em>Bjeloruski ornament,<\/em> Bjeloruska enciklopedija, Minsk (1996.)<\/span><br \/>\n<\/span><\/p>\n<p><span style=\"font-family: 'book antiqua', palatino, serif; color: #333333;\">https:\/\/hrcak.srce.hr\/file\/171692<\/span><span style=\"font-family: 'book antiqua', palatino, serif;\"><span style=\"font-family: 'book antiqua', palatino, serif; color: #c70000; font-size: 30pt;\"><b><span style=\"color: #c70000; font-size: 30pt;\"><strong><span style=\"font-size: 16pt; color: #ba0000;\"><span style=\"font-size: 14pt;\"><span style=\"font-weight: 400;\"><img fetchpriority=\"high\" decoding=\"async\" class=\"alignnone wp-image-1344\" src=\"https:\/\/rodnovjerje.com.hr\/wp-content\/uploads\/2024\/02\/pejdz-2-660x59.jpg\" alt=\"\" width=\"839\" height=\"75\" srcset=\"https:\/\/rodnovjerje.com.hr\/wp-content\/uploads\/2024\/02\/pejdz-2-660x59.jpg 660w, https:\/\/rodnovjerje.com.hr\/wp-content\/uploads\/2024\/02\/pejdz-2-840x75.jpg 840w, https:\/\/rodnovjerje.com.hr\/wp-content\/uploads\/2024\/02\/pejdz-2-768x69.jpg 768w, https:\/\/rodnovjerje.com.hr\/wp-content\/uploads\/2024\/02\/pejdz-2-1536x138.jpg 1536w, https:\/\/rodnovjerje.com.hr\/wp-content\/uploads\/2024\/02\/pejdz-2-2048x184.jpg 2048w\" sizes=\"(max-width: 839px) 100vw, 839px\" \/><\/span><\/span><\/span><\/strong><\/span><\/b><\/span><br \/>\n<\/span><\/p>\n","protected":false},"excerpt":{"rendered":"<p>&#8220;Potucao se Jarilo po svem svijetu, polju je \u017eito rodio, ljudima djecu plodio. A gdje pak nogom, tamo \u017eito stogom, a kamo on gurne, tamo se klas rascvate.&#8221; \u25c6 &#8220;\u0412\u0430\u043b\u0430\u0447\u044b\u0432\u0441\u044f \u042f\u0440\u044b\u043b\u043e \u043f\u0430 \u0443\u0441\u0435\u043c\u0443 \u0441\u0432\u0435\u0442\u0443, \u043f\u043e\u043b\u044e \u0436\u044b\u0442\u043e \u0440\u0430\u0434\u0437\u0438\u0432, \u043b\u044e\u0434\u0437\u044f\u043c \u0434\u0437\u0435\u0446\u0438 \u043f\u043b\u0430\u0434\u0437\u0438\u0432. \u0410 \u0433\u0434\u0437\u0435 \u0436 \u043e\u043d \u043d\u0430\u0433\u043e\u044e, \u0442\u0430\u043c \u0436\u0438\u0442\u043e \u043a\u0430\u043f\u043e\u044e, \u0430 \u0433\u0434\u0437\u0435 \u0437\u043e\u043d \u043d\u0438 \u0437\u044b\u0440\u043d\u0435, \u0442\u0430\u043c \u043a\u043e\u043b\u0430\u0441<\/p>\n<p class=\"more-link\"><a href=\"https:\/\/rodnovjerje.com.hr\/index.php\/2024\/05\/03\/jarilovo-volnoslava\/\" class=\"themebutton2\">READ MORE<\/a><\/p>\n","protected":false},"author":7,"featured_media":1546,"comment_status":"open","ping_status":"open","sticky":false,"template":"","format":"standard","meta":{"footnotes":""},"categories":[9,3,14],"tags":[],"class_list":["post-1537","post","type-post","status-publish","format-standard","has-post-thumbnail","hentry","category-blagdani","category-clanci","category-narodna-vjerovanja-i-obicaji"],"_links":{"self":[{"href":"https:\/\/rodnovjerje.com.hr\/index.php\/wp-json\/wp\/v2\/posts\/1537","targetHints":{"allow":["GET"]}}],"collection":[{"href":"https:\/\/rodnovjerje.com.hr\/index.php\/wp-json\/wp\/v2\/posts"}],"about":[{"href":"https:\/\/rodnovjerje.com.hr\/index.php\/wp-json\/wp\/v2\/types\/post"}],"author":[{"embeddable":true,"href":"https:\/\/rodnovjerje.com.hr\/index.php\/wp-json\/wp\/v2\/users\/7"}],"replies":[{"embeddable":true,"href":"https:\/\/rodnovjerje.com.hr\/index.php\/wp-json\/wp\/v2\/comments?post=1537"}],"version-history":[{"count":73,"href":"https:\/\/rodnovjerje.com.hr\/index.php\/wp-json\/wp\/v2\/posts\/1537\/revisions"}],"predecessor-version":[{"id":1864,"href":"https:\/\/rodnovjerje.com.hr\/index.php\/wp-json\/wp\/v2\/posts\/1537\/revisions\/1864"}],"wp:featuredmedia":[{"embeddable":true,"href":"https:\/\/rodnovjerje.com.hr\/index.php\/wp-json\/wp\/v2\/media\/1546"}],"wp:attachment":[{"href":"https:\/\/rodnovjerje.com.hr\/index.php\/wp-json\/wp\/v2\/media?parent=1537"}],"wp:term":[{"taxonomy":"category","embeddable":true,"href":"https:\/\/rodnovjerje.com.hr\/index.php\/wp-json\/wp\/v2\/categories?post=1537"},{"taxonomy":"post_tag","embeddable":true,"href":"https:\/\/rodnovjerje.com.hr\/index.php\/wp-json\/wp\/v2\/tags?post=1537"}],"curies":[{"name":"wp","href":"https:\/\/api.w.org\/{rel}","templated":true}]}}