{"id":138,"date":"2014-05-19T09:37:06","date_gmt":"2014-05-19T07:37:06","guid":{"rendered":"http:\/\/rodnovjerje.com.hr\/?p=138"},"modified":"2016-03-05T09:39:00","modified_gmt":"2016-03-05T08:39:00","slug":"svijet-naive-tihomira-ivancana","status":"publish","type":"post","link":"https:\/\/rodnovjerje.com.hr\/index.php\/2014\/05\/19\/svijet-naive-tihomira-ivancana\/","title":{"rendered":"Svijet naive Tihomira Ivan\u010dana"},"content":{"rendered":"<p>\n\t<strong>Sve poznatiji rije\u010dki umjetnik Tihomir Ivan\u010dan pro&scaron;log je \u010detvrtka otvorio izlo\u017ebu u lovranskoj galeriji &ldquo;Laurus&rdquo;, a neke zanimljivosti vezane uz autora i njegov rad donosimo vam u ovom \u010dlanku. <\/strong>\n<\/p>\n<p>\n\t&nbsp;\n<\/p>\n<p>\n\t&nbsp;\n<\/p>\n<p>\n\t&nbsp;\n<\/p>\n<p>\n\t&nbsp;\n<\/p>\n<p style=\"text-align: center;\">\n\t<img fetchpriority=\"high\" decoding=\"async\" alt=\"cl6-1\" class=\"aligncenter size-full wp-image-140\" height=\"504\" src=\"https:\/\/rodnovjerje.com.hr\/wp-content\/uploads\/2016\/03\/cl6-1.jpg\" style=\"\" title=\"\" width=\"672\" srcset=\"https:\/\/rodnovjerje.com.hr\/wp-content\/uploads\/2016\/03\/cl6-1.jpg 960w, https:\/\/rodnovjerje.com.hr\/wp-content\/uploads\/2016\/03\/cl6-1-300x225.jpg 300w, https:\/\/rodnovjerje.com.hr\/wp-content\/uploads\/2016\/03\/cl6-1-768x576.jpg 768w\" sizes=\"(max-width: 672px) 100vw, 672px\" \/>\n<\/p>\n<p>\n\t&nbsp;\n<\/p>\n<p style=\"text-align: justify;\">\n\t<strong><a href=\"https:\/\/www.facebook.com\/pages\/Fantasy-naive-art-Tihomir-Ivan%C4%8Dan\/229509057110857?fref=ts\">Tihomir Ivan\u010dan<\/a><\/strong>, jedan od najmla\u0111ih slikara naive u Hrvatskoj i \u010dlan Hlebinskog dru&scaron;tva slikara i kipara naive, nakon niza izlo\u017ebi u gradovima kao &scaron;to su Bruxelles, Madrid i Moskva, ovih dana otvorio je izlo\u017ebu u lovranskoj galeriji &ldquo;Laurus&rdquo; pod nazivom &ldquo;Fantazije i realnosti u svijetu naive&rdquo;. Da je hrvatska naivna umjetnost (ina\u010de od pro&scaron;le godine UNESCO-om za&scaron;ti\u0107en dio hrvatske kulturne ba&scaron;tine) stil kroz kojeg najuspje&scaron;nije izra\u017eava svoje emocije i misli dokazuju brojne nagrade iz kojih izdvajamo 3. nagradu stru\u010dnog \u017eirija na Bijenalu svjetske naivne umjetnosti u Bruxellesu te American Art Award koju dodjeljuje osam vode\u0107ih galerija u SAD-u.\n<\/p>\n<p style=\"text-align: justify;\">\n\tTihomir je pripadnik hlebinske &scaron;kole slikanja na staklu, a naiva koju stvara usko je povezana s primorskim krajem u kojem \u017eivi. Pored predivnih prirodnih krajolika, u njegovim slikama susre\u0107emo obrede ivanjskih krijesova, razna nadnaravna bi\u0107a i Bo\u017eanstva, a neki od naziva njegovih slika pribli\u017eit \u0107e vam i tematiku: &ldquo;Morana&rdquo;, &ldquo;Povratak Vesne&rdquo;, &ldquo;\u010cuvari rijeka&rdquo; i sl.\n<\/p>\n<p style=\"text-align: justify;\">\n\tOn sam se nadovezuje na to: <em>&laquo;<\/em><em>u planu je jo&scaron; jako puno slika raznih bi\u0107a i Bo\u017eanstava ovoga kraja.&raquo;. T<\/em>ako\u0111er komentira i op\u0107enito tematiku svojih slika: <em>&laquo;Jedan stari izumrli na\u010din \u017eivota, kad je \u010dovijek bio povezan sa prirodom, to se u mojim slikama mo\u017ee vidjeti.<\/em><em>&raquo;<\/em>\n<\/p>\n<p style=\"text-align: justify;\">\n\tKa\u017ee da svojim slikama \u017eeli poru\u010diti ljudima da se vrate prirodi i drevnom na\u010dinu \u017eivota, kada su \u010dovijek i priroda bili jedno. <em>&laquo;<\/em><em>\u017delim poslati poruku da se zaustavi zaga\u0111ivanje i ovakav odnos \u010dovijeka prema Majci Zemlji, prema prirodi. \u017delim pokazati \u010dovijeku da je oti&scaron;ao predaleko u nekim sferama osvajanja zemlje, a da nije jo&scaron; dovoljno upoznao ni svoj mozak, odnosno samog sebe, a \u017eeli upravljati cijelim svijetom te elementima u prirodi i cijelom svemiru.<\/em><em>&raquo;<\/em>\n<\/p>\n<p style=\"text-align: center;\">\n\t<img decoding=\"async\" alt=\"cl6-2\" class=\"aligncenter size-full wp-image-141\" height=\"504\" src=\"https:\/\/rodnovjerje.com.hr\/wp-content\/uploads\/2016\/03\/cl6-2.jpg\" style=\"\" title=\"\" width=\"672\" srcset=\"https:\/\/rodnovjerje.com.hr\/wp-content\/uploads\/2016\/03\/cl6-2.jpg 960w, https:\/\/rodnovjerje.com.hr\/wp-content\/uploads\/2016\/03\/cl6-2-300x225.jpg 300w, https:\/\/rodnovjerje.com.hr\/wp-content\/uploads\/2016\/03\/cl6-2-768x576.jpg 768w\" sizes=\"(max-width: 672px) 100vw, 672px\" \/>\n<\/p>\n<p style=\"text-align: justify;\">\n\tNa pitanje &scaron;to misli o duhovnosti svojih predaka on odgovara: <em>&laquo;Rodnovjerje za mene zna\u010di ono &scaron;to u stvari je, ono &scaron;to ustvari i vidim. Kad recimo dolaze tmurni oblaci, ili kad dolazi zima &ndash; stvarno to i jest nekakva sila, nekakva &ldquo;Morana&rdquo;, odnosno na&scaron;i preci su ju nazvali Morana. Dakle vjerujem u ono &scaron;to vidim, a vidim da je sve oko mene priroda, a u prirodi se kriju mnoga \u010duda, mnoge ljepote, mnoge dra\u017ei. Rekli su mi &ldquo;Ti vjeruje&scaron; u Vile!&rdquo; &ndash; Da! Ja vjerujem u Vile, jer u ljepoti tog prolje\u0107a mora ne&scaron;to iza toga biti! U toj strahoti zime, tog crnog, tmurnog neba, kad se nad ravnicom, iznad velikog, &scaron;irokog polja i one p&scaron;enice po\u010dnu gomilati veliki, crni oblaci &ndash; ne&scaron;to iza toga mora biti! Dakle ponovno, ja vjerujem u ono &scaron;to vidim, a vidim prirodu. Ona je moja rodna vjera.&raquo;<\/em>\n<\/p>\n<p style=\"text-align: justify;\">\n\tIzlo\u017eba, koja je otvorena jo&scaron; pro&scaron;li tjedan, traje do 6. lipnja, pa pozivamo sve koji su u mogu\u0107nosti, da posjete taj divni svijet Tihomira Ivan\u010dana. Uz obe\u0107anje da \u0107emo se uskoro \u010duti povodom nekog detaljnijeg i du\u017eeg intervjua on sve vas pozdravlja uz jednu od njegovih divnih umjetnina, &ldquo;Gospodari zemlje&rdquo;, sa prigodnom pri\u010dom koju je napisao uz ovu sliku.\n<\/p>\n<p style=\"text-align: center;\">\n\t<img decoding=\"async\" alt=\"cl6-3\" class=\"aligncenter size-full wp-image-142\" height=\"486\" src=\"https:\/\/rodnovjerje.com.hr\/wp-content\/uploads\/2016\/03\/cl6-3.jpg\" style=\"\" title=\"\" width=\"768\" srcset=\"https:\/\/rodnovjerje.com.hr\/wp-content\/uploads\/2016\/03\/cl6-3.jpg 960w, https:\/\/rodnovjerje.com.hr\/wp-content\/uploads\/2016\/03\/cl6-3-300x190.jpg 300w, https:\/\/rodnovjerje.com.hr\/wp-content\/uploads\/2016\/03\/cl6-3-768x486.jpg 768w\" sizes=\"(max-width: 768px) 100vw, 768px\" \/>\n<\/p>\n<p style=\"text-align: justify;\">\n\t<strong><a href=\"file:\/\/\/E:\/Rodnovjerje.com.hr\/Postovi\/7522\/Svijet%20naive%20Tihomira%20Ivan%C4%8Dana.%20Savez%20Hrvatskih%20Rodnovjeraca.htm#\">&ldquo; <\/a><\/strong><em>Ja sam jedini gospodar ovoga kraljevstva na Zemlji. Ja vladam potocima u planinama, pticama na nebu, dolinama prepunim cvije\u0107a i svim zvijerima u dubokim &scaron;umama. I svi mi se moraju klanjati i slu&scaron;ati samo mene&#8230;<\/em> Tako je govorio kralj stoje\u0107i na zidinama svog dvorca i dr\u017ee\u0107i svoju ruku uperenu prema nebu. A Sunce i Mjesec su ga samo promatrali. Dr\u017ee\u0107i Zemlju u svojim rukama. <a href=\"file:\/\/\/E:\/Rodnovjerje.com.hr\/Postovi\/7522\/Svijet%20naive%20Tihomira%20Ivan%C4%8Dana.%20Savez%20Hrvatskih%20Rodnovjeraca.htm#\"><strong>&rdquo;<\/strong><\/a>\n<\/p>\n<p>\n\tPosjetite i<a href=\"https:\/\/www.facebook.com\/pages\/Fantasy-naive-art-Tihomir-Ivan%C4%8Dan\/229509057110857?fref=ts\"> <strong>slu\u017ebenu Facebook-stranicu Tihomira Ivan\u010dana<\/strong><\/a>.\n<\/p>\n<p>\n\t&nbsp;\n<\/p>\n<p>\n\t<img loading=\"lazy\" decoding=\"async\" alt=\"cl6-4\" class=\"aligncenter size-full wp-image-143\" height=\"376\" src=\"https:\/\/rodnovjerje.com.hr\/wp-content\/uploads\/2016\/03\/cl6-4.jpg\" width=\"376\" srcset=\"https:\/\/rodnovjerje.com.hr\/wp-content\/uploads\/2016\/03\/cl6-4.jpg 376w, https:\/\/rodnovjerje.com.hr\/wp-content\/uploads\/2016\/03\/cl6-4-150x150.jpg 150w, https:\/\/rodnovjerje.com.hr\/wp-content\/uploads\/2016\/03\/cl6-4-300x300.jpg 300w\" sizes=\"(max-width: 376px) 100vw, 376px\" \/>\n<\/p>\n<p>\n\t&nbsp;<\/p>\n","protected":false},"excerpt":{"rendered":"<p>Sve poznatiji rije\u010dki umjetnik Tihomir Ivan\u010dan pro&scaron;log je \u010detvrtka otvorio izlo\u017ebu u lovranskoj galeriji &ldquo;Laurus&rdquo;, a neke zanimljivosti vezane uz autora i njegov rad donosimo vam u ovom \u010dlanku. &nbsp; &nbsp; &nbsp; &nbsp; &nbsp; Tihomir Ivan\u010dan, jedan od najmla\u0111ih slikara naive u Hrvatskoj i \u010dlan Hlebinskog dru&scaron;tva slikara i kipara naive, nakon niza izlo\u017ebi u<\/p>\n<p class=\"more-link\"><a href=\"https:\/\/rodnovjerje.com.hr\/index.php\/2014\/05\/19\/svijet-naive-tihomira-ivancana\/\" class=\"themebutton2\">READ MORE<\/a><\/p>\n","protected":false},"author":2,"featured_media":139,"comment_status":"open","ping_status":"open","sticky":false,"template":"","format":"standard","meta":{"footnotes":""},"categories":[7],"tags":[],"class_list":["post-138","post","type-post","status-publish","format-standard","has-post-thumbnail","hentry","category-razgovori"],"_links":{"self":[{"href":"https:\/\/rodnovjerje.com.hr\/index.php\/wp-json\/wp\/v2\/posts\/138","targetHints":{"allow":["GET"]}}],"collection":[{"href":"https:\/\/rodnovjerje.com.hr\/index.php\/wp-json\/wp\/v2\/posts"}],"about":[{"href":"https:\/\/rodnovjerje.com.hr\/index.php\/wp-json\/wp\/v2\/types\/post"}],"author":[{"embeddable":true,"href":"https:\/\/rodnovjerje.com.hr\/index.php\/wp-json\/wp\/v2\/users\/2"}],"replies":[{"embeddable":true,"href":"https:\/\/rodnovjerje.com.hr\/index.php\/wp-json\/wp\/v2\/comments?post=138"}],"version-history":[{"count":4,"href":"https:\/\/rodnovjerje.com.hr\/index.php\/wp-json\/wp\/v2\/posts\/138\/revisions"}],"predecessor-version":[{"id":1043,"href":"https:\/\/rodnovjerje.com.hr\/index.php\/wp-json\/wp\/v2\/posts\/138\/revisions\/1043"}],"wp:featuredmedia":[{"embeddable":true,"href":"https:\/\/rodnovjerje.com.hr\/index.php\/wp-json\/wp\/v2\/media\/139"}],"wp:attachment":[{"href":"https:\/\/rodnovjerje.com.hr\/index.php\/wp-json\/wp\/v2\/media?parent=138"}],"wp:term":[{"taxonomy":"category","embeddable":true,"href":"https:\/\/rodnovjerje.com.hr\/index.php\/wp-json\/wp\/v2\/categories?post=138"},{"taxonomy":"post_tag","embeddable":true,"href":"https:\/\/rodnovjerje.com.hr\/index.php\/wp-json\/wp\/v2\/tags?post=138"}],"curies":[{"name":"wp","href":"https:\/\/api.w.org\/{rel}","templated":true}]}}