{"id":1315,"date":"2022-05-10T11:38:55","date_gmt":"2022-05-10T09:38:55","guid":{"rendered":"http:\/\/rodnovjerje.com.hr\/?p=1315"},"modified":"2022-05-10T11:40:10","modified_gmt":"2022-05-10T09:40:10","slug":"postanske-marke-europa-mitovi-i-legende-perun-i-veles","status":"publish","type":"post","link":"https:\/\/rodnovjerje.com.hr\/index.php\/2022\/05\/10\/postanske-marke-europa-mitovi-i-legende-perun-i-veles\/","title":{"rendered":"Po\u0161tanske marke Europa &#8211; mitovi i legende &#8211; Perun i Veles"},"content":{"rendered":"\n<p>Hrvatska po\u0161ta objavila je dvije po\u0161tanske marke u seriji <em>Europa &#8211; mitovi i legende<\/em>, s crte\u017eima Peruna i Velesa. Autor je poznati hrvatski umjetnik Zdenko Ba\u0161i\u0107.<\/p>\n\n\n\n<p>Pi\u0161e: Vlk, HR\u017d Perunica<\/p>\n\n\n\n<p><strong>Zdenko Ba\u0161i\u0107<\/strong>, svestrani hrvatski multimedijski umjetnik, autor i illustrator u suradnji s <strong>Hrvatskom po\u0161tom <\/strong>oblikovao je <strong>dvije po\u0161tanske marke s likovima Peruna i Velesa.<\/strong><\/p>\n\n\n\n<figure class=\"wp-block-image size-large\"><img fetchpriority=\"high\" decoding=\"async\" width=\"740\" height=\"500\" src=\"https:\/\/rodnovjerje.com.hr\/wp-content\/uploads\/2022\/05\/fdc-1395-2022.jpg\" alt=\"\" class=\"wp-image-1316\" srcset=\"https:\/\/rodnovjerje.com.hr\/wp-content\/uploads\/2022\/05\/fdc-1395-2022.jpg 740w, https:\/\/rodnovjerje.com.hr\/wp-content\/uploads\/2022\/05\/fdc-1395-2022-540x365.jpg 540w\" sizes=\"(max-width: 740px) 100vw, 740px\" \/><figcaption>Dopisnica s markama Peruna i Velesa i pe\u010datom prvoga dana, 9. svibnja 2022., Hrvatska po\u0161ta \/ Zdenko Ba\u0161i\u0107<\/figcaption><\/figure>\n\n\n\n<p>Ba\u0161i\u0107 o svome radu ka\u017ee:<\/p>\n\n\n\n<blockquote class=\"wp-block-quote is-layout-flow wp-block-quote-is-layout-flow\"><p>&#8220;Starohrvatska mitologija je jedinstveni spoj slavenskih vjerovanja koja su se asimilirala sa starosjedila\u010dkim rimskim i predrimskim narodima na ovome podru\u010dju. Ono kako su ti na\u0161i drevni preci razlikovali u svemiru kojeg su promatrali je dva osnovna elementa prema kojima su dijelili svemir na nebo i zemlju. Ono \u0161to je spajalo nebo i zemlju bilo je ogromno \u201cDrvo svijeta\u201d kao os koja je sve dr\u017eala na okupu; zvijezde, planete, oblake i vjetrova, ali i sve ono pod zemljom u utrobi svijeta. To drvo se naj\u010de\u0161\u0107e spominje kao divovski hrast, koje se i kao drvo u ovim krajevima najvi\u0161e cijenilo. Na granama \u201cDrveta svijeta\u201d sjede nebeska stvorenja i bogovi, a na samome vrhu drevni Nebesnik Perun, gospodar munja i vremena. Drevni pravednik kojemu pripadaju sve ptice, zvijezde, nebo i sve zra\u010dno. Pojavljivao se \u010desto u obliku velikoga orla ili jastreba a njegovo kraljestvo na vrhu Drveta svijeta zove se Prav. S druge strane, korijenje toga drveta se\u017ee duboko u zemlju gdje dr\u017ei svijet na okupu, ali i vodu koja je sakrivena pod njegovim korijenjem, a koja ga odr\u017eava \u017eivim. Tamo na dnu stoluje tamni Gospodar podzemlja i vode: Veles &#8211; Perunov brat. On gospodari svijetom mrtvih, duhova i mraka, ali i tri vrste blaga. Onog svjetovnog &#8211; nov\u010danog, blaga u obliku stoke, ali i blaga u obliku mudrosti i znanja. \u010cesto ga se opisuje u obliku rogatoga zmaja ili pak medvjeda. Njegovo kraljestvo pod zemlju zove se Virej. I premda oni u drevnome mitu \u010desto budu u bo\u017eanskoj zavadi i nadmetanju, suprotstavljaju\u0107i svoje mo\u0107i i snagu jedan nad drugim, ipak sve \u017eivo \u0161to raste na povr\u0161ini pod kro\u0161njom Drveta svijeta, uklju\u010duju\u0107i i nas ljude ovisi o njima obojici i njihovoj ravnote\u017ei. Taj svijet ljudi i \u017eivotinja u podno\u017eju debla ljudi su poznavali kao Jav. Sunce koje je tre\u0107i element \u017eivota u toj drevnoj slici svemira kroz godinu kru\u017ei oko Drveta svijeta u svom ciklusu, borave\u0107i \u0161est mjeseci u kro\u0161nji drveta kod nebesnika Peruna, a onda drugu polovinu godine silazi i prolazi kroz podzemni svijet Velosa gdje se pro\u010di\u0161\u0107ava u toj drevnoj vodi da bi se u prolje\u0107e moglo ponovo roditi novo i obnovljeno. Na taj na\u010din ovaj drevni mit opisuje cikluse godi\u0161njih doba kroz jednu solarnu godinu.&#8221;<\/p><\/blockquote>\n\n\n\n<div class=\"wp-block-image\"><figure class=\"aligncenter size-large is-resized\"><img decoding=\"async\" src=\"https:\/\/rodnovjerje.com.hr\/wp-content\/uploads\/2022\/05\/1395.jpg\" alt=\"\" class=\"wp-image-1317\" width=\"297\" height=\"481\"\/><figcaption>Po\u0161tanska marka Veles, Hrvatska po\u0161ta \/ Zdenko Ba\u0161i\u0107<\/figcaption><\/figure><\/div>\n\n\n\n<div class=\"wp-block-image\"><figure class=\"aligncenter size-large is-resized\"><img decoding=\"async\" src=\"https:\/\/rodnovjerje.com.hr\/wp-content\/uploads\/2022\/05\/1396.jpg\" alt=\"\" class=\"wp-image-1318\" width=\"295\" height=\"476\"\/><figcaption>Po\u0161tanska marka Perun, Hrvatska po\u0161ta \/ Zdenko Ba\u0161i\u0107<\/figcaption><\/figure><\/div>\n\n\n\n<p>O ovoj jedinstvenoj seriji mo\u017ee se vi\u0161e pro\u010ditati na poveznici <a rel=\"noreferrer noopener\" href=\"https:\/\/dnevnik.hr\/vijesti\/hrvatska\/stari-hrvatski-mit-o-strukturi-svemira-sve-zivo-ovisi-o-dva-gospodara-i-njihovoj-ravnotezi---723293.html?fbclid=IwAR3DRN10QkwjZXU3tae_-1MDQj7KLHikueF9Jkq2JsoKsjVdbiZASyTeCzM\" target=\"_blank\">https:\/\/dnevnik.hr\/vijesti\/hrvatska\/stari-hrvatski-mit-o-strukturi-svemira-sve-zivo-ovisi-o-dva-gospodara-i-njihovoj-ravnotezi&#8212;723293.html?fbclid=IwAR3DRN10QkwjZXU3tae_-1MDQj7KLHikueF9Jkq2JsoKsjVdbiZASyTeCzM<\/a>.<\/p>\n\n\n\n<div class=\"wp-block-image\"><figure class=\"aligncenter size-large\"><img loading=\"lazy\" decoding=\"async\" width=\"508\" height=\"768\" src=\"https:\/\/rodnovjerje.com.hr\/wp-content\/uploads\/2022\/05\/1395a.jpg\" alt=\"\" class=\"wp-image-1319\" srcset=\"https:\/\/rodnovjerje.com.hr\/wp-content\/uploads\/2022\/05\/1395a.jpg 508w, https:\/\/rodnovjerje.com.hr\/wp-content\/uploads\/2022\/05\/1395a-241x365.jpg 241w\" sizes=\"(max-width: 508px) 100vw, 508px\" \/><figcaption>Po\u0161tanske marke Perun i Veles u sutisku u arku od 16 maraka (2 x 8), Hrvatska po\u0161ta \/ Zdenko Ba\u0161i\u0107<\/figcaption><\/figure><\/div>\n\n\n\n<p>Marke su izdane u sutisku u arku od 16 maraka (2 x 8), a Hrvatska po\u0161ta izdala je i prigodnu omotnicu prvog dana (FDC). Same po\u0161tanske marke u razli\u010ditim izdanjima mo\u017ee se kupiti u poslovnicama Hrvatske po\u0161te ili online na poveznici <a href=\"https:\/\/www.posta.hr\/pregled-postanskih-maraka\/195?m=55637\">https:\/\/www.posta.hr\/pregled-postanskih-maraka\/195?m=55637<\/a><\/p>\n\n\n\n<p><\/p>\n\n\n\n<p><\/p>\n","protected":false},"excerpt":{"rendered":"<p>Hrvatska po\u0161ta objavila je dvije po\u0161tanske marke u seriji Europa &#8211; mitovi i legende, s crte\u017eima Peruna i Velesa. Autor je poznati hrvatski umjetnik Zdenko Ba\u0161i\u0107. Pi\u0161e: Vlk, HR\u017d Perunica Zdenko Ba\u0161i\u0107, svestrani hrvatski multimedijski umjetnik, autor i illustrator u suradnji s Hrvatskom po\u0161tom oblikovao je dvije po\u0161tanske marke s likovima Peruna i Velesa. Ba\u0161i\u0107<\/p>\n<p class=\"more-link\"><a href=\"https:\/\/rodnovjerje.com.hr\/index.php\/2022\/05\/10\/postanske-marke-europa-mitovi-i-legende-perun-i-veles\/\" class=\"themebutton2\">READ MORE<\/a><\/p>\n","protected":false},"author":3,"featured_media":1320,"comment_status":"closed","ping_status":"closed","sticky":false,"template":"","format":"standard","meta":{"footnotes":""},"categories":[3,8,4,2],"tags":[],"class_list":["post-1315","post","type-post","status-publish","format-standard","has-post-thumbnail","hentry","category-clanci","category-prikazi","category-umjetnost","category-vijesti"],"_links":{"self":[{"href":"https:\/\/rodnovjerje.com.hr\/index.php\/wp-json\/wp\/v2\/posts\/1315","targetHints":{"allow":["GET"]}}],"collection":[{"href":"https:\/\/rodnovjerje.com.hr\/index.php\/wp-json\/wp\/v2\/posts"}],"about":[{"href":"https:\/\/rodnovjerje.com.hr\/index.php\/wp-json\/wp\/v2\/types\/post"}],"author":[{"embeddable":true,"href":"https:\/\/rodnovjerje.com.hr\/index.php\/wp-json\/wp\/v2\/users\/3"}],"replies":[{"embeddable":true,"href":"https:\/\/rodnovjerje.com.hr\/index.php\/wp-json\/wp\/v2\/comments?post=1315"}],"version-history":[{"count":2,"href":"https:\/\/rodnovjerje.com.hr\/index.php\/wp-json\/wp\/v2\/posts\/1315\/revisions"}],"predecessor-version":[{"id":1322,"href":"https:\/\/rodnovjerje.com.hr\/index.php\/wp-json\/wp\/v2\/posts\/1315\/revisions\/1322"}],"wp:featuredmedia":[{"embeddable":true,"href":"https:\/\/rodnovjerje.com.hr\/index.php\/wp-json\/wp\/v2\/media\/1320"}],"wp:attachment":[{"href":"https:\/\/rodnovjerje.com.hr\/index.php\/wp-json\/wp\/v2\/media?parent=1315"}],"wp:term":[{"taxonomy":"category","embeddable":true,"href":"https:\/\/rodnovjerje.com.hr\/index.php\/wp-json\/wp\/v2\/categories?post=1315"},{"taxonomy":"post_tag","embeddable":true,"href":"https:\/\/rodnovjerje.com.hr\/index.php\/wp-json\/wp\/v2\/tags?post=1315"}],"curies":[{"name":"wp","href":"https:\/\/api.w.org\/{rel}","templated":true}]}}