{"id":1284,"date":"2022-04-18T20:43:17","date_gmt":"2022-04-18T18:43:17","guid":{"rendered":"http:\/\/rodnovjerje.com.hr\/?p=1284"},"modified":"2022-04-18T21:00:32","modified_gmt":"2022-04-18T19:00:32","slug":"izlozba-luke-tomica-sicanje","status":"publish","type":"post","link":"https:\/\/rodnovjerje.com.hr\/index.php\/2022\/04\/18\/izlozba-luke-tomica-sicanje\/","title":{"rendered":"Izlo\u017eba Luke Tomi\u0107a +SICANJE+"},"content":{"rendered":"\n<p>Samostalna izlo\u017eba<strong> Luke Tomi\u0107a<\/strong> u zagreba\u010dkoj Galeriji Karas spoj je stare tradicijske umjetnosti tetoviranja i \u017eive reprezentacije kulturne ba\u0161tine.<\/p>\n\n\n\n<p><strong>Pi\u0161e: Vlk, HR\u017d Perunica<\/strong><\/p>\n\n\n\n<p>Od utorka, <strong>12. travnja 2022.<\/strong> do subote <strong>16. travnja 2022.<\/strong> u zagreba\u010dkoj <strong>Galeriji Karas<\/strong> umjetnik i student Akademije likovnih umjetnosti u Zagrebu na odsjeku novih medija <strong>Luka Tomi\u0107<\/strong> odr\u017eao je svoju prvu samostalnu izlo\u017ebu<strong> <\/strong>pod nazivom <strong>+SICANJE+<\/strong>. Izlo\u017eba je odr\u017eana u organizaciji Hrvatskog dru\u0161tva likovnih umjetnika, uz potporu Ministarstva kulture RH i Grada Zagreba.<\/p>\n\n\n\n<figure class=\"wp-block-image size-large\"><img fetchpriority=\"high\" decoding=\"async\" width=\"711\" height=\"840\" src=\"https:\/\/rodnovjerje.com.hr\/wp-content\/uploads\/2022\/04\/Tom-711x840.jpg\" alt=\"\" class=\"wp-image-1296\" srcset=\"https:\/\/rodnovjerje.com.hr\/wp-content\/uploads\/2022\/04\/Tom-711x840.jpg 711w, https:\/\/rodnovjerje.com.hr\/wp-content\/uploads\/2022\/04\/Tom-309x365.jpg 309w, https:\/\/rodnovjerje.com.hr\/wp-content\/uploads\/2022\/04\/Tom-768x907.jpg 768w, https:\/\/rodnovjerje.com.hr\/wp-content\/uploads\/2022\/04\/Tom.jpg 1281w\" sizes=\"(max-width: 711px) 100vw, 711px\" \/><figcaption>Autor Luka Tomi\u0107 ispred galerije Karas<\/figcaption><\/figure>\n\n\n\n<p>U procesu organizacije izlo\u017ebe <strong>+<\/strong>SICANJE+ umjetniku Luki Tomi\u0107u pomogli su Lukin profesor s Akademije likovnih umjetnosti <strong>Josip Zanki<\/strong>, <strong>Marija Kamber<\/strong> i kustosica <strong>Sara Mikeli\u0107<\/strong>. Brojni prijatelji i obitelj pomogli su mu u prikupljanju namje\u0161taja i predmeta za opremanje prve doma\u0107inske sobe, a prijatelj <strong>Tomislav Cvar<\/strong> posudio mu je ve\u0107inu stvari potrebnih za ure\u0111enje prostorije u kojoj je tetovirao.<\/p>\n\n\n\n<p>Prostor Galerije Karas u tjednu izlo\u017ebe pretvorio se u dvije sobe. Prva, <strong>dnevna soba tradicionalnog bosansko-hercegova\u010dkog doma\u0107instva<\/strong> u kojem je autor odrastao mjesto je ulaska, dobrodo\u0161lice i gostoprimstva u kojem je posjetitelj mogao popiti kavu i\/ili rakiju s doma\u0107inom. <\/p>\n\n\n\n<div class=\"wp-block-image\"><figure class=\"aligncenter size-large\"><img decoding=\"async\" width=\"840\" height=\"560\" src=\"https:\/\/rodnovjerje.com.hr\/wp-content\/uploads\/2022\/04\/278381890_368650035275151_7074235185518434399_n-840x560.jpg\" alt=\"\" class=\"wp-image-1303\" srcset=\"https:\/\/rodnovjerje.com.hr\/wp-content\/uploads\/2022\/04\/278381890_368650035275151_7074235185518434399_n-840x560.jpg 840w, https:\/\/rodnovjerje.com.hr\/wp-content\/uploads\/2022\/04\/278381890_368650035275151_7074235185518434399_n-548x365.jpg 548w, https:\/\/rodnovjerje.com.hr\/wp-content\/uploads\/2022\/04\/278381890_368650035275151_7074235185518434399_n-768x512.jpg 768w, https:\/\/rodnovjerje.com.hr\/wp-content\/uploads\/2022\/04\/278381890_368650035275151_7074235185518434399_n-1536x1024.jpg 1536w, https:\/\/rodnovjerje.com.hr\/wp-content\/uploads\/2022\/04\/278381890_368650035275151_7074235185518434399_n.jpg 1944w\" sizes=\"(max-width: 840px) 100vw, 840px\" \/><figcaption>Prva, dnevna soba za primanje gostiju<\/figcaption><\/figure><\/div>\n\n\n\n<p>U <strong>drugoj, skrivenoj sobi<\/strong> autor je nekoliko puta kroz dan tetovirao na na\u010din <strong>sicanja<\/strong>, iglom i tintom, unose\u0107i drevne simbole pod ko\u017eu posjetitelja.<\/p>\n\n\n\n<div class=\"wp-block-image\"><figure class=\"aligncenter size-large\"><img decoding=\"async\" width=\"560\" height=\"840\" src=\"https:\/\/rodnovjerje.com.hr\/wp-content\/uploads\/2022\/04\/278218158_368649798608508_455150518928847997_n-560x840.jpg\" alt=\"\" class=\"wp-image-1299\" srcset=\"https:\/\/rodnovjerje.com.hr\/wp-content\/uploads\/2022\/04\/278218158_368649798608508_455150518928847997_n-560x840.jpg 560w, https:\/\/rodnovjerje.com.hr\/wp-content\/uploads\/2022\/04\/278218158_368649798608508_455150518928847997_n-243x365.jpg 243w, https:\/\/rodnovjerje.com.hr\/wp-content\/uploads\/2022\/04\/278218158_368649798608508_455150518928847997_n-768x1152.jpg 768w, https:\/\/rodnovjerje.com.hr\/wp-content\/uploads\/2022\/04\/278218158_368649798608508_455150518928847997_n-1024x1536.jpg 1024w, https:\/\/rodnovjerje.com.hr\/wp-content\/uploads\/2022\/04\/278218158_368649798608508_455150518928847997_n.jpg 1296w\" sizes=\"(max-width: 560px) 100vw, 560px\" \/><figcaption>Druga, soba za tetoviranje<\/figcaption><\/figure><\/div>\n\n\n\n<p>Sam rad na tetoviranju bio je netaknut izravnim pogledom posjetitelja, ve\u0107 preno\u0161en na televizijski ekran u prvoj sobi.<\/p>\n\n\n\n<figure class=\"wp-block-image size-large\"><img loading=\"lazy\" decoding=\"async\" width=\"840\" height=\"560\" src=\"https:\/\/rodnovjerje.com.hr\/wp-content\/uploads\/2022\/04\/278215307_368649241941897_4540823896824922329_n-840x560.jpg\" alt=\"\" class=\"wp-image-1297\" srcset=\"https:\/\/rodnovjerje.com.hr\/wp-content\/uploads\/2022\/04\/278215307_368649241941897_4540823896824922329_n-840x560.jpg 840w, https:\/\/rodnovjerje.com.hr\/wp-content\/uploads\/2022\/04\/278215307_368649241941897_4540823896824922329_n-548x365.jpg 548w, https:\/\/rodnovjerje.com.hr\/wp-content\/uploads\/2022\/04\/278215307_368649241941897_4540823896824922329_n-768x512.jpg 768w, https:\/\/rodnovjerje.com.hr\/wp-content\/uploads\/2022\/04\/278215307_368649241941897_4540823896824922329_n-1536x1024.jpg 1536w, https:\/\/rodnovjerje.com.hr\/wp-content\/uploads\/2022\/04\/278215307_368649241941897_4540823896824922329_n.jpg 1944w\" sizes=\"(max-width: 840px) 100vw, 840px\" \/><figcaption>Prijenos sicanja na TV ekran<\/figcaption><\/figure>\n\n\n\n<p>Prije otvorenja putem dru\u0161tvenih mre\u017ea organizirana je tombola kojom je odabrano \u0161estero osoba koje su kao mediji sudjelovali u samoj izlo\u017ebi i s nje ponijeli svoju tetova\u017eu. Luka Tomi\u0107 je pripremio <strong>knji\u017eicu skica<\/strong> u kojoj su se mogli vidjeti motivi i simboli  izme\u0111u kojih se moglo odabrati. Umjetnik od sudionika nije o\u010dekivao nov\u010dano pla\u0107anje ve\u0107 samo mali znak pa\u017enje, u bilo kojem obliku.<\/p>\n\n\n\n<div class=\"wp-block-image\"><figure class=\"aligncenter size-large\"><img loading=\"lazy\" decoding=\"async\" width=\"560\" height=\"840\" src=\"https:\/\/rodnovjerje.com.hr\/wp-content\/uploads\/2022\/04\/278232143_368649571941864_3288110221427224441_n-560x840.jpg\" alt=\"\" class=\"wp-image-1298\" srcset=\"https:\/\/rodnovjerje.com.hr\/wp-content\/uploads\/2022\/04\/278232143_368649571941864_3288110221427224441_n-560x840.jpg 560w, https:\/\/rodnovjerje.com.hr\/wp-content\/uploads\/2022\/04\/278232143_368649571941864_3288110221427224441_n-243x365.jpg 243w, https:\/\/rodnovjerje.com.hr\/wp-content\/uploads\/2022\/04\/278232143_368649571941864_3288110221427224441_n-768x1152.jpg 768w, https:\/\/rodnovjerje.com.hr\/wp-content\/uploads\/2022\/04\/278232143_368649571941864_3288110221427224441_n-1024x1536.jpg 1024w, https:\/\/rodnovjerje.com.hr\/wp-content\/uploads\/2022\/04\/278232143_368649571941864_3288110221427224441_n.jpg 1296w\" sizes=\"(max-width: 560px) 100vw, 560px\" \/><figcaption>Knji\u017eica s motivima tetova\u017ea za sicanje<\/figcaption><\/figure><\/div>\n\n\n\n<p><strong>Kustosica Sara Mikeli\u0107 <\/strong>u svom je predogovoru izlo\u017ebe istaknula: <\/p>\n\n\n\n<p><em>Inspiriran i potaknut bakinim potko\u017enim ornamentom na ruci, Luka Tomi\u0107 nastoji kroz performativno tatauiranje temeljeno na razmjeni dobara rekreirati tradiciju karakteristi\u010dnu kod katolika u sredi\u0161njoj Bosni. Nakon pru\u017eanja \u010duvenog bosansko-hercegova\u010dkog gostoprimstva u prvoj prostoriji uz prijatnu tursku kahvu ili doma\u0107u rakiju, performativno o\u017eivljavanje obi\u010daja sicanja nastavit \u0107e se u drugom dijelu galerijskog prostora. Magijski i ritualni aspekt samog \u010dina potenciran je intimno\u0161\u0107u ritualne sobe gdje \u0107e uz upotrebu igle i tinte Tomi\u0107 bocanjem trajno modificirati ko\u017eu svojih gostiju, u ambijentu punom objekata od prirodnih materijala.<\/em><\/p>\n\n\n\n<figure class=\"wp-block-image size-large\"><img loading=\"lazy\" decoding=\"async\" width=\"840\" height=\"560\" src=\"https:\/\/rodnovjerje.com.hr\/wp-content\/uploads\/2022\/04\/278300741_368650238608464_9015042916186896222_n-840x560.jpg\" alt=\"\" class=\"wp-image-1300\" srcset=\"https:\/\/rodnovjerje.com.hr\/wp-content\/uploads\/2022\/04\/278300741_368650238608464_9015042916186896222_n-840x560.jpg 840w, https:\/\/rodnovjerje.com.hr\/wp-content\/uploads\/2022\/04\/278300741_368650238608464_9015042916186896222_n-548x365.jpg 548w, https:\/\/rodnovjerje.com.hr\/wp-content\/uploads\/2022\/04\/278300741_368650238608464_9015042916186896222_n-768x512.jpg 768w, https:\/\/rodnovjerje.com.hr\/wp-content\/uploads\/2022\/04\/278300741_368650238608464_9015042916186896222_n-1536x1024.jpg 1536w, https:\/\/rodnovjerje.com.hr\/wp-content\/uploads\/2022\/04\/278300741_368650238608464_9015042916186896222_n.jpg 1944w\" sizes=\"(max-width: 840px) 100vw, 840px\" \/><figcaption>Kustosica Sara Mikeli\u0107 i autor Luka Tomi\u0107 prilikom sve\u010danog otvaranja izlo\u017ebe 12. travnja 2022. <\/figcaption><\/figure>\n\n\n\n<p><strong>Sicanje <\/strong>ili <strong>bockanje<\/strong> je stari obi\u010daj tetoviranja iglom i tintom, tako da se igla zabija u ko\u017eu i ostavlja to\u010dku, a niz to\u010daka \u010dini linije. Crte\u017ei su vrlo specifi\u010dni i prepoznatljivi, od <strong>jednostavnih crta, Jeli\u010dinih kri\u017ei\u0107a, kola, ograde, peteljki, zvjezdice, sunca<\/strong> i drugih. Sve do druge polovice 20. stolje\u0107a na prostoru Bosne i Hercegovine ovaj je obi\u010daj bio vrlo \u017eiv. \u010cesto se smatra da je ovo isklju\u010divo <strong>katoli\u010dki obi\u010daj<\/strong>, uz naglasak da su se ovako kr\u0161\u0107anskim simbolima tetovirale \u017eene i djeca kako bi se poku\u0161ali za\u0161tititi od osmanlijskih otmica ili prelaska na islam, bilo dobrovoljno bilo nasilno. <\/p>\n\n\n\n<p>O ovome obi\u010daju napisano je nekoliko znanstvenih radova, a me\u0111u poznatijima su rad  dr. <strong>Leopolda Gl\u00fccka<\/strong>, austrijskoga lije\u010dnika koji je kratko \u017eivio u Bosni i 1889. napisao rad &#8220;Tetoviranje ko\u017ee kod katolika u Bosni i Hercegovini&#8221;, zatim rad dr. <strong>\u0106ire Truhelke<\/strong> &#8220;Tetoviranje katolika u Bosni i Hercegovini&#8221; iz 1894. godine u kojem je prikupljen velik broj samih crte\u017ea i ukrasa, <strong>Mario Petri\u0107<\/strong> sa svojim doktorskim radom &#8220;Obi\u010daj tatuiranja kod balkanskih naroda, karakteristike, uloga i porijeklo, iz 1973. kao dosad najdetaljnijom studijom ovoga fenomena,<strong> Toni Herceg<\/strong> &#8220;Tetova\u017ee katolika u Srednjoj Bosni &#8211; simboli\u010dki ornament duha i tijela&#8221; iz 2017. i drugi.<\/p>\n\n\n\n<div class=\"wp-block-image\"><figure class=\"aligncenter size-large\"><img loading=\"lazy\" decoding=\"async\" width=\"840\" height=\"597\" src=\"https:\/\/rodnovjerje.com.hr\/wp-content\/uploads\/2022\/04\/Truh-840x597.jpg\" alt=\"\" class=\"wp-image-1291\" srcset=\"https:\/\/rodnovjerje.com.hr\/wp-content\/uploads\/2022\/04\/Truh-840x597.jpg 840w, https:\/\/rodnovjerje.com.hr\/wp-content\/uploads\/2022\/04\/Truh-514x365.jpg 514w, https:\/\/rodnovjerje.com.hr\/wp-content\/uploads\/2022\/04\/Truh-768x546.jpg 768w, https:\/\/rodnovjerje.com.hr\/wp-content\/uploads\/2022\/04\/Truh.jpg 1312w\" sizes=\"(max-width: 840px) 100vw, 840px\" \/><figcaption>Simboli kri\u017ea u radu dr. \u0106ire Truhelke &#8220;Tetoviranje katolika u Bosni i Hercegovini&#8221; iz 1894. godine<\/figcaption><\/figure><\/div>\n\n\n\n<p>Podru\u010dja na tijelu na kojima su se sicali crte\u017ei bila su naj\u010de\u0161\u0107e \u0161ake, \u010delo, podlaktica, izme\u0111u \u010dlanaka prstiju i na \u010dlancima prstiju, korijen nosa, zape\u0161\u0107e, prsa i nadlaktica. <\/p>\n\n\n\n<div class=\"wp-block-image\"><figure class=\"aligncenter size-large\"><img loading=\"lazy\" decoding=\"async\" width=\"560\" height=\"840\" src=\"https:\/\/rodnovjerje.com.hr\/wp-content\/uploads\/2022\/04\/278243915_368649285275226_8300082121586859352_n-560x840.jpg\" alt=\"\" class=\"wp-image-1302\" srcset=\"https:\/\/rodnovjerje.com.hr\/wp-content\/uploads\/2022\/04\/278243915_368649285275226_8300082121586859352_n-560x840.jpg 560w, https:\/\/rodnovjerje.com.hr\/wp-content\/uploads\/2022\/04\/278243915_368649285275226_8300082121586859352_n-243x365.jpg 243w, https:\/\/rodnovjerje.com.hr\/wp-content\/uploads\/2022\/04\/278243915_368649285275226_8300082121586859352_n-768x1152.jpg 768w, https:\/\/rodnovjerje.com.hr\/wp-content\/uploads\/2022\/04\/278243915_368649285275226_8300082121586859352_n-1024x1536.jpg 1024w, https:\/\/rodnovjerje.com.hr\/wp-content\/uploads\/2022\/04\/278243915_368649285275226_8300082121586859352_n.jpg 1156w\" sizes=\"(max-width: 560px) 100vw, 560px\" \/><figcaption>Jedan od Tomi\u0107evih radova nastalih tijekom izlo\u017ebe<\/figcaption><\/figure><\/div>\n\n\n\n<p>Tradicionalno, prije nego bi se smutila smjesa za sicanje nacrtala bi se <strong>skica<\/strong>. Potom bi se umutila <strong>smjesa<\/strong> koja bi se nanosila brzim ubodima igle.  Smjesa se obi\u010dno sastojala od crnila prire\u0111enog od \u010da\u0111i lu\u010di, barut, ugljenog praha ili smole bora koja bi se skupljala na plati te vode, meda ili maj\u010dinog mlijeka. Ponegdje se osnova mije\u0161ala s rakijom ili sto\u010dnim mlijekom, petrolejem ili ma\u0161\u0107u. Koristila se i tinta plave boje. <\/p>\n\n\n\n<figure class=\"wp-block-image size-large\"><img loading=\"lazy\" decoding=\"async\" width=\"840\" height=\"560\" src=\"https:\/\/rodnovjerje.com.hr\/wp-content\/uploads\/2022\/04\/278247979_368650798608408_4903118508986871219_n-840x560.jpg\" alt=\"\" class=\"wp-image-1301\" srcset=\"https:\/\/rodnovjerje.com.hr\/wp-content\/uploads\/2022\/04\/278247979_368650798608408_4903118508986871219_n-840x560.jpg 840w, https:\/\/rodnovjerje.com.hr\/wp-content\/uploads\/2022\/04\/278247979_368650798608408_4903118508986871219_n-548x365.jpg 548w, https:\/\/rodnovjerje.com.hr\/wp-content\/uploads\/2022\/04\/278247979_368650798608408_4903118508986871219_n-768x512.jpg 768w, https:\/\/rodnovjerje.com.hr\/wp-content\/uploads\/2022\/04\/278247979_368650798608408_4903118508986871219_n-1536x1024.jpg 1536w, https:\/\/rodnovjerje.com.hr\/wp-content\/uploads\/2022\/04\/278247979_368650798608408_4903118508986871219_n.jpg 1692w\" sizes=\"(max-width: 840px) 100vw, 840px\" \/><figcaption>Tomi\u0107ev rad na ruci posjetiteljice<\/figcaption><\/figure>\n\n\n\n<p>Op\u0107e mi\u0161ljenje etnologa i antropologa je da je ovaj specifi\u010dan obi\u010daj preuzela skupina bosanskih katolika kao stariji lokalni starosjedila\u010dki obi\u010daj koji se zadr\u017eao u kontinuitetu o prapovijesti, od Japoda ili drugih predslavenskih naroda ilirskoga kruga. Ovaj obi\u010daj ne smatra se izvorno slavenskim jer se prema dosad poznatim izvorima srednjovjekovni Slaveni nisu tetovirali. <\/p>\n\n\n\n<p>Posljednjih godina sve je ve\u0107i interes za ovaj oblik i stil tetoviranja. Sve se \u010de\u0161\u0107e mogu vidjeti motivi iz sicaju\u0107e tradicije na rukama i nogama mla\u0111ih generacija, no uglavnom ra\u0111eni suvremenim alatom za tetoviranje. Tako\u0111er, ovi motivi se mogu vidjeti i dijelom u suvremenoj rodnovjernoj umjetnosti i kulturi, bez obzira na kr\u0161\u0107anski kontekst, ve\u0107 u drugim (re)interpretacijama simbolike. <\/p>\n\n\n\n<p>Tomi\u0107eva sjajna performativna izlo\u017eba pokazatelj je kako je mogu\u0107e i pristupiti ovome obi\u010daju na izvorni na\u010din, a svakako ne dopustiti da bude zaboravljen kao jedna zanimljiva i specifi\u010dna tradicija na ovim prostorima. Nadamo se da \u0107e ovaj mladi umjetnik nastaviti i dalje uspje\u0161no raditi na promi\u0161ljanjima tradicijske kulture i o\u010duvanju ba\u0161tine kroz svoju umjetnost.<\/p>\n\n\n\n<p>Zanimljiv osvrt i intervju s umjetnikom Lukom Tomi\u0107em mo\u017ee se pro\u010ditati na poveznici: <a rel=\"noreferrer noopener\" href=\"https:\/\/www.jutarnji.hr\/kultura\/art\/u-dnevnoj-sobi-po-uzoru-na-klasicno-hercegovacko-domacinstvo-umjetnik-tetovira-ljude-uz-rakijicu-i-kavu-15184938\" target=\"_blank\">https:\/\/www.jutarnji.hr\/kultura\/art\/u-dnevnoj-sobi-po-uzoru-na-klasicno-hercegovacko-domacinstvo-umjetnik-tetovira-ljude-uz-rakijicu-i-kavu-15184938 <\/a><\/p>\n\n\n\n<p><\/p>\n","protected":false},"excerpt":{"rendered":"<p>Samostalna izlo\u017eba Luke Tomi\u0107a u zagreba\u010dkoj Galeriji Karas spoj je stare tradicijske umjetnosti tetoviranja i \u017eive reprezentacije kulturne ba\u0161tine. Pi\u0161e: Vlk, HR\u017d Perunica Od utorka, 12. travnja 2022. do subote 16. travnja 2022. u zagreba\u010dkoj Galeriji Karas umjetnik i student Akademije likovnih umjetnosti u Zagrebu na odsjeku novih medija Luka Tomi\u0107 odr\u017eao je svoju prvu<\/p>\n<p class=\"more-link\"><a href=\"https:\/\/rodnovjerje.com.hr\/index.php\/2022\/04\/18\/izlozba-luke-tomica-sicanje\/\" class=\"themebutton2\">READ MORE<\/a><\/p>\n","protected":false},"author":3,"featured_media":1312,"comment_status":"open","ping_status":"open","sticky":false,"template":"","format":"standard","meta":{"footnotes":""},"categories":[3,14,8,4],"tags":[],"class_list":["post-1284","post","type-post","status-publish","format-standard","has-post-thumbnail","hentry","category-clanci","category-narodna-vjerovanja-i-obicaji","category-prikazi","category-umjetnost"],"_links":{"self":[{"href":"https:\/\/rodnovjerje.com.hr\/index.php\/wp-json\/wp\/v2\/posts\/1284","targetHints":{"allow":["GET"]}}],"collection":[{"href":"https:\/\/rodnovjerje.com.hr\/index.php\/wp-json\/wp\/v2\/posts"}],"about":[{"href":"https:\/\/rodnovjerje.com.hr\/index.php\/wp-json\/wp\/v2\/types\/post"}],"author":[{"embeddable":true,"href":"https:\/\/rodnovjerje.com.hr\/index.php\/wp-json\/wp\/v2\/users\/3"}],"replies":[{"embeddable":true,"href":"https:\/\/rodnovjerje.com.hr\/index.php\/wp-json\/wp\/v2\/comments?post=1284"}],"version-history":[{"count":15,"href":"https:\/\/rodnovjerje.com.hr\/index.php\/wp-json\/wp\/v2\/posts\/1284\/revisions"}],"predecessor-version":[{"id":1311,"href":"https:\/\/rodnovjerje.com.hr\/index.php\/wp-json\/wp\/v2\/posts\/1284\/revisions\/1311"}],"wp:featuredmedia":[{"embeddable":true,"href":"https:\/\/rodnovjerje.com.hr\/index.php\/wp-json\/wp\/v2\/media\/1312"}],"wp:attachment":[{"href":"https:\/\/rodnovjerje.com.hr\/index.php\/wp-json\/wp\/v2\/media?parent=1284"}],"wp:term":[{"taxonomy":"category","embeddable":true,"href":"https:\/\/rodnovjerje.com.hr\/index.php\/wp-json\/wp\/v2\/categories?post=1284"},{"taxonomy":"post_tag","embeddable":true,"href":"https:\/\/rodnovjerje.com.hr\/index.php\/wp-json\/wp\/v2\/tags?post=1284"}],"curies":[{"name":"wp","href":"https:\/\/api.w.org\/{rel}","templated":true}]}}