{"id":123,"date":"2014-03-02T09:25:10","date_gmt":"2014-03-02T08:25:10","guid":{"rendered":"http:\/\/rodnovjerje.com.hr\/?p=123"},"modified":"2016-03-05T09:38:04","modified_gmt":"2016-03-05T08:38:04","slug":"dusan-bozic-umjetnost-je-jedan-od-nacina-kroz-koji-se-rodnovjerci-mogu-izrazavati","status":"publish","type":"post","link":"https:\/\/rodnovjerje.com.hr\/index.php\/2014\/03\/02\/dusan-bozic-umjetnost-je-jedan-od-nacina-kroz-koji-se-rodnovjerci-mogu-izrazavati\/","title":{"rendered":"DU\u0160AN BO\u017dI\u0106: Umjetnost je jedan od na\u010dina kroz koji se rodnovjerci mogu izra\u017eavati"},"content":{"rendered":"<p style=\"text-align: justify;\">\n\t&nbsp;\n<\/p>\n<p style=\"text-align: justify;\">\n\t<strong>Srpski &quot;GLAS PREDAKA&quot; donosi nam razgovor sa Du&scaron;anom Bo\u017ei\u0107em iz srpske rodnovjerne \u017eupe &bdquo;Lug Velesa&rdquo;, koji \u0107e nam ispri\u010dati vi&scaron;e o svojim stavovima, ali i o stanju rodnovjerja u susjednoj nam Srbiji.<\/strong>\n<\/p>\n<p style=\"text-align: justify;\">\n\t&nbsp;\n<\/p>\n<p style=\"text-align: center;\">\n\t<img fetchpriority=\"high\" decoding=\"async\" alt=\"cl4-1\" class=\"aligncenter size-full wp-image-124\" height=\"456\" src=\"https:\/\/rodnovjerje.com.hr\/wp-content\/uploads\/2016\/03\/cl4-1.jpg\" style=\"\" title=\"\" width=\"377\" srcset=\"https:\/\/rodnovjerje.com.hr\/wp-content\/uploads\/2016\/03\/cl4-1.jpg 629w, https:\/\/rodnovjerje.com.hr\/wp-content\/uploads\/2016\/03\/cl4-1-248x300.jpg 248w\" sizes=\"(max-width: 377px) 100vw, 377px\" \/>\n<\/p>\n<p style=\"text-align: center;\">\n\t&nbsp;\n<\/p>\n<p style=\"text-align: justify;\">\n\t<strong>GLAS PREDAKA:<\/strong> <em>Recite nam neke osnovne stvari o Srpskoj rodnovjernoj \u017eupi &bdquo;Lug Velesa&rdquo;, kada i kako je nastala, i da li su vam uzor sli\u010dne organizacije iz drugih slavenskih zemalja?<\/em>\n<\/p>\n<p style=\"text-align: justify;\">\n\t<strong>DU&Scaron;AN BO\u017dI\u0106:<\/strong> Zamisao o osnivanju srpske rodnovjerne \u017eupe &bdquo;Lug Velesa&rdquo; se javlja u ljeto 2013. godine, kad se nekoliko ljudi iz Novog Sada udru\u017euje i po\u010dinje sara\u0111ivati. Od tada se radi na uobli\u010davanju same zajednice kao i njenih stavova, te pristupa odre\u0111enim pitanjima. &Scaron;to se ti\u010de uzora, ne postoji posebna organizacija ili udru\u017eenje na koje bi smo se u potpunosti ugledali ili preuzeli njihove obrasce djelovanja, pratimo rad ve\u0107ine rodnovjernih organizacija iz slavenskih zemalja ali nastojimo razviti ne&scaron;to &scaron;to \u0107e biti povezano sa slavenskim svijetom a opet prilago\u0111eno na&scaron;oj kulturi i tradiciji.\n<\/p>\n<p style=\"text-align: justify;\">\n\t<strong>GLAS PREDAKA:<\/strong><em> &Scaron;to Vama predstavlja rodnovjerje? Iskrenu duhovnost ili samo o\u010duvanje i obnavljanje starih srpskih i slavenskih obi\u010daja?<\/em>\n<\/p>\n<p style=\"text-align: justify;\">\n\t<strong>DU&Scaron;AN BO\u017dI\u0106:<\/strong> Rodnovjerje je sve, da se najop\u0107enitije izrazim. Rodna vjera je protkana kroz sve dijelove \u017eivota pojedinca, ona ima svoje upori&scaron;te u jeziku koji govorimo, u najrazli\u010ditim obi\u010dajima koje upra\u017enjavamo, tu su mitovi kroz koje \u0107e nam prenijeti razli\u010dita saznanja o svijetu oko nas, ona je na\u010din na koji vrijednujemo prirodu i kroz nju \u0107emo se obra\u0107ati bogovima ma kako ih do\u017eivljavali. Dakle, rodna vjera je duhovnost u svom najizvornijem obliku, a upravo kroz o\u010duvanje i obnavljanje obreda nastavljamo je njegovati.\n<\/p>\n<p style=\"text-align: justify;\">\n\t<strong>GLAS PREDAKA:<\/strong> <em>Ima li &bdquo;Lug Velesa&ldquo; ambiciju u budu\u0107nosti postati registrirana vjerska organizacija?<\/em>\n<\/p>\n<p style=\"text-align: justify;\">\n\t<strong>DU&Scaron;AN BO\u017dI\u0106:<\/strong> Ne, \u017eelja nije da se radi na ozvani\u010davanju &bdquo;Luga Velesa&rdquo; kao vjerske organizacije. Prije svega nastojimo uspostavi jaku zajednicu koja \u0107e biti slo\u017ena i udru\u017eena, i koja \u0107e djelovati na prostoru odre\u0111ene oblasti, odnosno \u017eupe. &Scaron;to se rodnovjerne vjerske organizacije ti\u010de, smatramo najboljim da se tako ne&scaron;to u\u010dini ujedinjeno za prostor cijele Srbije. To bi bila organizacija u kojoj bi udru\u017eena bila sva mjesna udru\u017eenja. Tako ne&scaron;to je pred nama i stoga je bitno postaviti jaku osnovu.\n<\/p>\n<p style=\"text-align: justify;\">\n\t<strong>GLAS PREDAKA:<\/strong> <em>Po va&scaron;em mi&scaron;ljenju, &scaron;to nekoga danas \u010dini rodnovjernim?<\/em>\n<\/p>\n<p style=\"text-align: justify;\">\n\t<strong>DU&Scaron;AN BO\u017dI\u0106: <\/strong>Ne\u010diji stav prema mitologiji, prirodi, obi\u010dajima ali prvenstveno osobno opredjeljenje. Svako od nas ima pravo izjasniti se prema osobnoj volji. Kako su mnogi vjerski pojmovi jako rastegljivi i \u010desto obuhva\u0107aju vi&scaron;e razli\u010ditih zna\u010denja jedino &scaron;to bi rodnovjerna zajednica mogla u\u010diniti je da odredi nekakve okvire u kojima se odre\u0111eno u\u010denje i odre\u0111eni stavovi smatraju rodnovjernim.\n<\/p>\n<p style=\"text-align: center;\">\n\t<img decoding=\"async\" alt=\"cl4-2\" class=\"aligncenter size-full wp-image-125\" height=\"322\" src=\"https:\/\/rodnovjerje.com.hr\/wp-content\/uploads\/2016\/03\/cl4-2.jpg\" style=\"\" title=\"\" width=\"672\" srcset=\"https:\/\/rodnovjerje.com.hr\/wp-content\/uploads\/2016\/03\/cl4-2.jpg 960w, https:\/\/rodnovjerje.com.hr\/wp-content\/uploads\/2016\/03\/cl4-2-300x144.jpg 300w, https:\/\/rodnovjerje.com.hr\/wp-content\/uploads\/2016\/03\/cl4-2-768x368.jpg 768w\" sizes=\"(max-width: 672px) 100vw, 672px\" \/>\n<\/p>\n<p style=\"text-align: center;\">\n\t&nbsp;\n<\/p>\n<p style=\"text-align: justify;\">\n\t<strong>GLAS PREDAKA:<\/strong> <em>&Scaron;to smatrate glavnim problemima rodnovjerja danas i kako ih prevladati?<\/em>\n<\/p>\n<p style=\"text-align: justify;\">\n\t<strong>DU&Scaron;AN BO\u017dI\u0106: <\/strong>Jedan od glavnih problema svakako je manjak znanja. Na \u017ealost mi danas o mnogim stvarima koje se ti\u010du rodne vjere moramo u\u010diti i saznavati. Ovakva situjacija ide na ruku onima koji ne \u017eele vidjeti napredak rodnovjerja ili nesvjesno rade protiv istog, tako da se pojavljuje veliki broj neutemeljenih i \u010desto potpuno izmi&scaron;ljenih tvrdnji koje se zatim brzo &scaron;ire time nanose\u0107i &scaron;tetu zajednici. Takvi problemi se mogu prevladati obrazovanjem i stjecanjem znanja, kao i suradnjom znanstvene i rodnovjerne zajednice, \u010dime se dolazi do jasnih stavova i odgovora.\n<\/p>\n<p style=\"text-align: justify;\">\n\t<strong>GLAS PREDAKA: <\/strong><em>Da li je rodnovjercima danas potrebna kultura i umjetnost?<\/em>\n<\/p>\n<p style=\"text-align: justify;\">\n\t<strong>DU&Scaron;AN BO\u017dI\u0106: <\/strong>Naravno! Vjera i duhovnost su oduvijek nadahnjivali umjetnike i oblikovali kulturu zajednice, stoga je prirodno da se me\u0111usobno pro\u017eimaju. Umjetnost je jedan od na\u010dina kroz koji se rodnovjerci mogu izra\u017eavati, time stvaraju\u0107i odre\u0111ene odlike svoje kulture.\n<\/p>\n<p style=\"text-align: justify;\">\n\t<strong>GLAS PREDAKA:<\/strong> <em>Smatrate li da se rodnovjerju danas mogu dodavati novi elementi, shodno vremenu u kojem \u017eivimo, ili se treba striktno dr\u017eati pro&scaron;losti i tradicije?<\/em>\n<\/p>\n<p style=\"text-align: justify;\">\n\t<strong>DU&Scaron;AN BO\u017dI\u0106: <\/strong>U rodnovjerju se moramo dr\u017eati onoga &scaron;to su nam preci ostavili u nasljedstvo, jer je to jedan od na\u010dina na koji im odajemo po&scaron;tovanje. Naravno prilikom obnove susre&scaron;\u0107emo se sa situacijama za koje nam nedostaju izvori, i tu bih ostavio slobodu u izra\u017eavanju, ali i tada treba paziti da takve stvari budu done&scaron;ene u duhu onoga &scaron;to o rodnoj vjeri znamo. Mislim da je rodna vjera kompatibilna sa dana&scaron;njim vremenom i da se njena arhaji\u010dnost mo\u017ee lijepo ukopiti u moderno doba.\n<\/p>\n<p style=\"text-align: justify;\">\n\t<strong>GLAS PREDAKA: <\/strong><em>Kako Vi vidite perspektivu rodnovjerja u Srbiji, budu\u0107i da se dosta zaostaje za rodnovjernim organizacijama iz drugih slavenskih zemalja?<\/em>\n<\/p>\n<p style=\"text-align: justify;\">\n\t<strong>DU&Scaron;AN BO\u017dI\u0106:<\/strong> Iskreno, pomalo maglovito. Pohvalan je broj zainteresiranih ljudi kao i primjetna sveop\u0107a zainteresiranost za slavensko rodnovjerje. Me\u0111utim uvi\u0111a se i porast raznih nekvalitetnih izvora, koji mogu zamesti ljude na njihovom traganju. Ipak ostavljam vi&scaron;e mogu\u0107nost svjetlijem ishodu, vjerujem i da \u0107e se ulo\u017eeni trud isplatiti i da \u0107e sve vi&scaron;e ljudi po\u010deti razaznavati kvalitetu od &scaron;karta, a u tome im mora pomo\u0107i zajednica, uostalom stoga smo i mi tu.\n<\/p>\n<p>\n\t&nbsp;\n<\/p>\n<p>\n\t&nbsp;\n<\/p>\n<p align=\"right\">\n\t<strong>Du&scaron;an Bo\u017ei\u0107<\/strong><br \/>\n\t<a href=\"https:\/\/www.facebook.com\/SRZlugvelesa\">Srpska rodnovjerna \u017eupa &bdquo;Lug Velesa&rdquo;<\/a>\n<\/p>\n<p>\n\t&nbsp;\n<\/p>\n<p>\n\t<img decoding=\"async\" alt=\"glaspredakabanner\" class=\"aligncenter size-full wp-image-126\" height=\"374\" src=\"https:\/\/rodnovjerje.com.hr\/wp-content\/uploads\/2016\/03\/glaspredakabanner.png\" width=\"478\" srcset=\"https:\/\/rodnovjerje.com.hr\/wp-content\/uploads\/2016\/03\/glaspredakabanner.png 478w, https:\/\/rodnovjerje.com.hr\/wp-content\/uploads\/2016\/03\/glaspredakabanner-300x235.png 300w\" sizes=\"(max-width: 478px) 100vw, 478px\" \/>\n<\/p>\n<p>\n\tUz dopu&scaron;tenje autora preuzeto sa: <a href=\"http:\/\/www.glaspredaka.info\/index.php?option=com_content&amp;view=article&amp;id=176%3A2014-03-01-21-37-29&amp;catid=35%3A2012-01-16-17-51-12&amp;Itemid=27\">GLAS PREDAKA<\/a>, 1. o\u017eujka 2014<\/p>\n","protected":false},"excerpt":{"rendered":"<p>&nbsp; Srpski &quot;GLAS PREDAKA&quot; donosi nam razgovor sa Du&scaron;anom Bo\u017ei\u0107em iz srpske rodnovjerne \u017eupe &bdquo;Lug Velesa&rdquo;, koji \u0107e nam ispri\u010dati vi&scaron;e o svojim stavovima, ali i o stanju rodnovjerja u susjednoj nam Srbiji. &nbsp; &nbsp; GLAS PREDAKA: Recite nam neke osnovne stvari o Srpskoj rodnovjernoj \u017eupi &bdquo;Lug Velesa&rdquo;, kada i kako je nastala, i da<\/p>\n<p class=\"more-link\"><a href=\"https:\/\/rodnovjerje.com.hr\/index.php\/2014\/03\/02\/dusan-bozic-umjetnost-je-jedan-od-nacina-kroz-koji-se-rodnovjerci-mogu-izrazavati\/\" class=\"themebutton2\">READ MORE<\/a><\/p>\n","protected":false},"author":2,"featured_media":128,"comment_status":"open","ping_status":"open","sticky":false,"template":"","format":"standard","meta":{"footnotes":""},"categories":[7],"tags":[],"class_list":["post-123","post","type-post","status-publish","format-standard","has-post-thumbnail","hentry","category-razgovori"],"_links":{"self":[{"href":"https:\/\/rodnovjerje.com.hr\/index.php\/wp-json\/wp\/v2\/posts\/123","targetHints":{"allow":["GET"]}}],"collection":[{"href":"https:\/\/rodnovjerje.com.hr\/index.php\/wp-json\/wp\/v2\/posts"}],"about":[{"href":"https:\/\/rodnovjerje.com.hr\/index.php\/wp-json\/wp\/v2\/types\/post"}],"author":[{"embeddable":true,"href":"https:\/\/rodnovjerje.com.hr\/index.php\/wp-json\/wp\/v2\/users\/2"}],"replies":[{"embeddable":true,"href":"https:\/\/rodnovjerje.com.hr\/index.php\/wp-json\/wp\/v2\/comments?post=123"}],"version-history":[{"count":1,"href":"https:\/\/rodnovjerje.com.hr\/index.php\/wp-json\/wp\/v2\/posts\/123\/revisions"}],"predecessor-version":[{"id":127,"href":"https:\/\/rodnovjerje.com.hr\/index.php\/wp-json\/wp\/v2\/posts\/123\/revisions\/127"}],"wp:featuredmedia":[{"embeddable":true,"href":"https:\/\/rodnovjerje.com.hr\/index.php\/wp-json\/wp\/v2\/media\/128"}],"wp:attachment":[{"href":"https:\/\/rodnovjerje.com.hr\/index.php\/wp-json\/wp\/v2\/media?parent=123"}],"wp:term":[{"taxonomy":"category","embeddable":true,"href":"https:\/\/rodnovjerje.com.hr\/index.php\/wp-json\/wp\/v2\/categories?post=123"},{"taxonomy":"post_tag","embeddable":true,"href":"https:\/\/rodnovjerje.com.hr\/index.php\/wp-json\/wp\/v2\/tags?post=123"}],"curies":[{"name":"wp","href":"https:\/\/api.w.org\/{rel}","templated":true}]}}