{"id":1171,"date":"2021-03-11T15:06:17","date_gmt":"2021-03-11T14:06:17","guid":{"rendered":"http:\/\/rodnovjerje.com.hr\/?p=1171"},"modified":"2021-03-11T17:15:17","modified_gmt":"2021-03-11T16:15:17","slug":"novi-blagdanar-za-1390-hod-kroz-godinu","status":"publish","type":"post","link":"https:\/\/rodnovjerje.com.hr\/index.php\/2021\/03\/11\/novi-blagdanar-za-1390-hod-kroz-godinu\/","title":{"rendered":"Novi blagdanar za 1390. hod kroz godinu"},"content":{"rendered":"\n<p><strong>Savez hrvatskih rodnovjeraca pripremio je novi blagdanar za 1390. hod kroz godinu.<\/strong><\/p>\n\n\n\n<p>Pi\u0161e: Vlk, HR\u017d Perunica<\/p>\n\n\n\n<div class=\"wp-block-image\"><figure class=\"aligncenter size-large\"><img fetchpriority=\"high\" decoding=\"async\" width=\"594\" height=\"840\" src=\"https:\/\/rodnovjerje.com.hr\/wp-content\/uploads\/2021\/03\/Blagdanar-1390-594x840.jpg\" alt=\"\" class=\"wp-image-1174\" srcset=\"https:\/\/rodnovjerje.com.hr\/wp-content\/uploads\/2021\/03\/Blagdanar-1390-594x840.jpg 594w, https:\/\/rodnovjerje.com.hr\/wp-content\/uploads\/2021\/03\/Blagdanar-1390-258x365.jpg 258w, https:\/\/rodnovjerje.com.hr\/wp-content\/uploads\/2021\/03\/Blagdanar-1390-768x1086.jpg 768w, https:\/\/rodnovjerje.com.hr\/wp-content\/uploads\/2021\/03\/Blagdanar-1390.jpg 1076w\" sizes=\"(max-width: 594px) 100vw, 594px\" \/><figcaption>Blagdanar za 1390. hod kroz godinu Saveza hrvatskih rodnovjeraca<\/figcaption><\/figure><\/div>\n\n\n\n<p>Savez hrvatskih rodnovjeraca posljednjih osam godina priprema svoj blagdanar, kalendar va\u017enih datuma vezanih uz rodnovjerna slavlja koja se slave unutar ove hrvatske rodnovjerne zajednice. Proteklih je godina objavljivana i tiskana ina\u010dica koja se mogla nabaviti izravno od Saveza. Lani, na\u017ealost, zbog \u010ditavog niza situacija, bila je godina u kojoj nismo napravili dizajnirani blagdanar, ve\u0107 smo samo koristili interni za svoje potrebe.<\/p>\n\n\n\n<p>Od ove godine odlu\u010dili smo pokloniti blagdanar svima zainteresiranima. Na poveznici<\/p>\n\n\n\n<p><a rel=\"noreferrer noopener\" href=\"https:\/\/drive.google.com\/file\/d\/11T2jcaeRC5bpd1RskuvCty2I_TOR1SnG\/view?usp=sharing\" target=\"_blank\"><strong>Blagdanar 1390.<\/strong><\/a><\/p>\n\n\n\n<p>mo\u017eete preuzeti pdf Blagdanara u visokoj rezoluciji te ga koristiti ili na ra\u010dunalu, ali i isprintati u bilo kojoj fotokopiraonici na A3 formatu u boji, na debljem i sjajnijem papiru. Tekst blagdanara sastavio je \u017erec Vlk, dizajn i prijelom napravio je \u010dlan HR\u017d Perunica Hrastomir, a naslovnu fotografiju Peruna s U\u010dke uslikao je \u010dlan HR\u017d Perunica Stribor. <\/p>\n\n\n\n<p>Ponekad dobivamo pitanja vezana uz na\u0161 blagdanar pa \u0107emo iskoristiti priliku i ovdje odgovoriti na naj\u010de\u0161\u0107a:<\/p>\n\n\n\n<ul class=\"wp-block-list\"><li><strong>Koje sve blagdane prikazuje blagdanar i za\u0161to?<\/strong><\/li><\/ul>\n\n\n\n<p>Blagdanar Saveza hrvatskih rodnovjeraca prikazuje sve ve\u0107e i manje blagdane koje Savez hrvatskih rodnovjeraca prepoznaje, slavi i obilje\u017eava unutar svoje rodnovjerne tradicije. To su prije svega veliki godi\u0161nji blagdani Jarilova, Kupale, Plodova i Koleda, ali i niz brojnih manjih, uglavnom tradicijskih blagdana u kolu godine. S obzirom da djelujemo na prostoru Republike Hrvatske na blagdanaru su popisani i aktualni dr\u017eavni blagdani i praznici u Republici Hrvatskoj. Tako\u0111er donosimo i datume i sate suncostaja i ravnodnevnica te mjese\u010deve mjene u ovom hodu kroz godinu.<\/p>\n\n\n\n<ul>\n<li><strong>Za\u0161to godina po\u010dinje i zavr\u0161ava na razli\u010dite datume?<\/strong><\/li>\n<\/ul>\n\n\n\n<p>Hod kroz godinu u Savezu hrvatskih rodnovjeraca ra\u010dunamo starim na\u010dinom izra\u010duna po\u010detka i kraja godine. Po\u010detak nove obredne godine naziva se Velikdan i on pada na prvi dan nakon no\u0107i zadnjeg mladog mjeseca prije proljetne ravnodnevnice. No\u0107 prije njega naziva se Velja no\u0107 i ona je zadnji dan u obrednoj godini. Stoga svaki hod kroz godinu po\u010dinje Velikdanom, a zavr\u0161ava Veljom no\u0107i, u rasponu od o\u017eujka jedne do o\u017eujka druge kalendarske godine zapadnog ra\u010dunanja godina.<\/p>\n\n\n\n<ul class=\"wp-block-list\"><li><strong>Za\u0161to je Savez hrvatskih rodnovjeraca u 14. stolje\u0107u?<\/strong><\/li><\/ul>\n\n\n\n<p>Uspostavom Saveza hrvatskih rodnovjeraca 2012. godine nove ere, uz podr\u0161ku jednog od najve\u0107ih ukrajinskih rodnovjernih saveza (ORU), Savez je za sakralno ozna\u010davanje godina preuzeo ra\u010dunanje vremena jednako onome ORU kao i jo\u0161 nekih isto\u010dnoeuropskih slavenskih rodnovjernih zajednica. <\/p>\n\n\n\n<p>Tu je ustvari bila rije\u010d o starom <strong>bizantinskom kr\u0161\u0107anskom kalendaru<\/strong>, odnosno &#8220;<strong>Od stvaranja svijeta 5508. g. pr. n. e.&#8221;<\/strong>, a koje su brojni Slaveni, poglavito Isto\u010dni, preuzeli od Bizantskog Carstva u srednjemu vijeku. Tako je i Savez hrvatskih rodnovjeraca od 2012. do 2015. godine zapadnog ra\u010dunanja vremena u svojim blagdanarima i obredima ra\u010dunao i pisao godine tim sustavom, dodaju\u0107i godini zapadnog kalendara 5508 godina. Na taj su se na\u010din obilje\u017eavale godine 7520. \u2013 7523. (2012. \u2013 2015. n. e.). Ve\u0107ina slavenskih rodnovjernih zajednica i danas koristi taj na\u010din ra\u010duna godina.<\/p>\n\n\n\n<div class=\"wp-block-image\"><figure class=\"aligncenter size-large\"><img decoding=\"async\" width=\"631\" height=\"840\" src=\"https:\/\/rodnovjerje.com.hr\/wp-content\/uploads\/2021\/03\/830353_592629914099978_1838684884_o-631x840.jpg\" alt=\"\" class=\"wp-image-1178\" srcset=\"https:\/\/rodnovjerje.com.hr\/wp-content\/uploads\/2021\/03\/830353_592629914099978_1838684884_o-631x840.jpg 631w, https:\/\/rodnovjerje.com.hr\/wp-content\/uploads\/2021\/03\/830353_592629914099978_1838684884_o-274x365.jpg 274w, https:\/\/rodnovjerje.com.hr\/wp-content\/uploads\/2021\/03\/830353_592629914099978_1838684884_o-768x1023.jpg 768w, https:\/\/rodnovjerje.com.hr\/wp-content\/uploads\/2021\/03\/830353_592629914099978_1838684884_o.jpg 772w\" sizes=\"(max-width: 631px) 100vw, 631px\" \/><figcaption>Blagdanar Saveza hrvatskih rodnovjeraca iz 2013. &#8211; 2014. godine, tada vo\u0111ene kao 7521. h. o. g.<\/figcaption><\/figure><\/div>\n\n\n\n<p class=\"has-text-align-left\">Od 2016. godine zapadnog ra\u010dunanja godina Savez hrvatskih rodnovjeraca odlu\u010dio je <strong>konsensusom svoje zajednice<\/strong> promijeniti svoje ra\u010dunanje vremena. Kao glavna to\u010dka po\u010detka ra\u010dunanja vremena uzet je <strong>dolazak Slavena na hrvatski povijesni prostor<\/strong> za \u0161to smatramo da je<strong> povijesno najva\u017enija kulturna promjena paradigme ovih prostora<\/strong>, od esencijalne va\u017enosti stvaranja, oblikovanja i \u017eivota budu\u0107e hrvatske kulture i tradicije. Uz dogovor Vije\u0107a Starje\u0161ina Saveza hrvatskih rodnovjeraca kao i Velikog Vije\u0107a Saveza hrvatskih rodnovjeraca te prema procjeni najrecentnijih povijesnih izvora za tu temu, uzeta je godina <strong>631.<\/strong> <strong>zapadnog ra\u010dunanja vremena kao nulta godina hrvatskog rodnovjernog kalendara prema Savezu hrvatskih rodnovjeraca<\/strong>. Tako da se primjerice <strong>godina 2021.<\/strong> i <strong>po\u010detak 2022. godine <\/strong>u kalendarima, blagdanarima, obredima i rodnovjernoj korespodenciji prema Savezu hrvatskih rodnovjeraca pi\u0161u kao <strong>1390. h. k. g. (hod kroz godinu)<\/strong>.&nbsp;<\/p>\n\n\n\n<p>Ove, 1389. godine, Velja no\u0107 je pala na petak 12. o\u017eujka, stoga je Velikdan i <strong>prvi dan 1390. godine subota 13. o\u017eujka<\/strong>. \u017delimo vam svima sretan i uspje\u0161niji 1390. hod kroz godinu!<\/p>\n\n\n\n<div class=\"wp-block-image\"><figure class=\"aligncenter size-large\"><img decoding=\"async\" width=\"840\" height=\"473\" src=\"https:\/\/rodnovjerje.com.hr\/wp-content\/uploads\/2021\/03\/157302281_478565849984645_2152394257447187076_n-840x473.jpg\" alt=\"\" class=\"wp-image-1181\" srcset=\"https:\/\/rodnovjerje.com.hr\/wp-content\/uploads\/2021\/03\/157302281_478565849984645_2152394257447187076_n-840x473.jpg 840w, https:\/\/rodnovjerje.com.hr\/wp-content\/uploads\/2021\/03\/157302281_478565849984645_2152394257447187076_n-648x365.jpg 648w, https:\/\/rodnovjerje.com.hr\/wp-content\/uploads\/2021\/03\/157302281_478565849984645_2152394257447187076_n-768x433.jpg 768w, https:\/\/rodnovjerje.com.hr\/wp-content\/uploads\/2021\/03\/157302281_478565849984645_2152394257447187076_n.jpg 960w\" sizes=\"(max-width: 840px) 100vw, 840px\" \/><figcaption>Proslava Velje no\u0107i u Savezu hrvatskih rodnovjeraca<\/figcaption><\/figure><\/div>\n","protected":false},"excerpt":{"rendered":"<p>Savez hrvatskih rodnovjeraca pripremio je novi blagdanar za 1390. hod kroz godinu. Pi\u0161e: Vlk, HR\u017d Perunica Savez hrvatskih rodnovjeraca posljednjih osam godina priprema svoj blagdanar, kalendar va\u017enih datuma vezanih uz rodnovjerna slavlja koja se slave unutar ove hrvatske rodnovjerne zajednice. Proteklih je godina objavljivana i tiskana ina\u010dica koja se mogla nabaviti izravno od Saveza. Lani,<\/p>\n<p class=\"more-link\"><a href=\"https:\/\/rodnovjerje.com.hr\/index.php\/2021\/03\/11\/novi-blagdanar-za-1390-hod-kroz-godinu\/\" class=\"themebutton2\">READ MORE<\/a><\/p>\n","protected":false},"author":3,"featured_media":1185,"comment_status":"open","ping_status":"open","sticky":false,"template":"","format":"standard","meta":{"footnotes":""},"categories":[9,11,14,2],"tags":[],"class_list":["post-1171","post","type-post","status-publish","format-standard","has-post-thumbnail","hentry","category-blagdani","category-literatura","category-narodna-vjerovanja-i-obicaji","category-vijesti"],"_links":{"self":[{"href":"https:\/\/rodnovjerje.com.hr\/index.php\/wp-json\/wp\/v2\/posts\/1171","targetHints":{"allow":["GET"]}}],"collection":[{"href":"https:\/\/rodnovjerje.com.hr\/index.php\/wp-json\/wp\/v2\/posts"}],"about":[{"href":"https:\/\/rodnovjerje.com.hr\/index.php\/wp-json\/wp\/v2\/types\/post"}],"author":[{"embeddable":true,"href":"https:\/\/rodnovjerje.com.hr\/index.php\/wp-json\/wp\/v2\/users\/3"}],"replies":[{"embeddable":true,"href":"https:\/\/rodnovjerje.com.hr\/index.php\/wp-json\/wp\/v2\/comments?post=1171"}],"version-history":[{"count":18,"href":"https:\/\/rodnovjerje.com.hr\/index.php\/wp-json\/wp\/v2\/posts\/1171\/revisions"}],"predecessor-version":[{"id":1197,"href":"https:\/\/rodnovjerje.com.hr\/index.php\/wp-json\/wp\/v2\/posts\/1171\/revisions\/1197"}],"wp:featuredmedia":[{"embeddable":true,"href":"https:\/\/rodnovjerje.com.hr\/index.php\/wp-json\/wp\/v2\/media\/1185"}],"wp:attachment":[{"href":"https:\/\/rodnovjerje.com.hr\/index.php\/wp-json\/wp\/v2\/media?parent=1171"}],"wp:term":[{"taxonomy":"category","embeddable":true,"href":"https:\/\/rodnovjerje.com.hr\/index.php\/wp-json\/wp\/v2\/categories?post=1171"},{"taxonomy":"post_tag","embeddable":true,"href":"https:\/\/rodnovjerje.com.hr\/index.php\/wp-json\/wp\/v2\/tags?post=1171"}],"curies":[{"name":"wp","href":"https:\/\/api.w.org\/{rel}","templated":true}]}}