{"id":1024,"date":"2018-05-25T15:32:26","date_gmt":"2018-05-25T13:32:26","guid":{"rendered":"http:\/\/rodnovjerje.com.hr\/?p=1024"},"modified":"2019-11-13T12:14:57","modified_gmt":"2019-11-13T11:14:57","slug":"sjeverozapadni-vjetar-izmedu-legende-i-stvarnosti-sudbina","status":"publish","type":"post","link":"https:\/\/rodnovjerje.com.hr\/index.php\/2018\/05\/25\/sjeverozapadni-vjetar-izmedu-legende-i-stvarnosti-sudbina\/","title":{"rendered":"&#8220;Sjeverozapadni vjetar \u2014 izme\u0111u legende i stvarnosti&#8221; &#8211; SUDBINA"},"content":{"rendered":"<p style=\"text-align: justify;\">&#8220;Mjesto pod suncem pripada ljudima dok mjesto pod Mjesecom pripada njihovoj bra\u0107i, vilinskom narodu&#8230;&#8221;<\/p>\n<p style=\"text-align: justify;\">&#8220;Sjeverozapadni vjetar \u2014 izme\u0111u legende i stvarnosti&#8221; \u010detverodijelna je dokumentarna serija s igranim elementima koja obra\u0111uje \u010detiri teme iz hrvatskih narodnih predaja, legendi i mitova: SUDBINA, VRAGOVI, COPERNICE i VODENI \u010cOVJEK. Kroz igrane scene o\u017eivljuju se fenomeni skrivenoga i zaboravljenog mitskog svijeta Hrvatske.<\/p>\n<p style=\"text-align: justify;\">Gledatelje kroz pri\u010de vodi mladi, svestrani i snala\u017eljivi voditelj Ivan Planini\u0107. On se upu\u0161ta u istra\u017eivanje tema koje ga vode od razgovora sa svjedocima i stru\u010dnjacima do tajanstvenih lokacija i situacija u kojima se gubi spona izme\u0111u stvarnosti i mitologije. S pripovijedanjem i istra\u017eivanjem prirode gledatelji prelaze u svijet copernica, vodenog \u010dovjeka i vragova koji su nekada bili dio svijesti i \u017eivota na\u0161ih djedova i baka, a s vremenom su polako nestali u perspektivi suvremenoga svijeta. Ova serija \u017eeli biti most koji omogu\u0107uje preno\u0161enje zaboravljenoga mitskog svijeta mladim generacijama kroz suvremeni medijski jezik. Voditelj Ivan Planini\u0107 kre\u0107e tragom legendi i pri\u010da sjeverozapadnog dijela Hrvatske, tragom tema koje su zaokupljale ma\u0161tu i \u017eivote na\u0161ih starih. U ulozi u\u010denika Ivan istra\u017euje pozadinu pri\u010da, mjesta njihovog nastanka i upoznaje \u017eive svjedoke ponekad uznemiruju\u0107ih doga\u0111aja te stru\u010dnjake koji rasvjetljuju pozadinu tih legendi.<\/p>\n<p style=\"text-align: justify;\">Jesmo li slobodni ili nam je sve ve\u0107 predodre\u0111eno, u trenutku ro\u0111enja, zapisano u vjetru, u \u0161aputanju su\u0111enica? U prvoj epizodi Sjeverozapadnog vjetra saznat \u0107emo o \u010demu sude su\u0111enice.<\/p>\n<p>https:\/\/www.youtube.com\/watch?v=-AmVo4UNH9Q<\/p>\n<p>Redatelj: Zdenko Ba\u0161i\u0107<\/p>\n<p>Scenaristi: Zdenko Ba\u0161i\u0107, Judita Gamulin<\/p>\n<p>Direktor fotografije: Ivan Zadro<\/p>\n<p>Monta\u017eer: Ivan Bujevi\u0107<\/p>\n<p>Scenografkinja: Petra Poslek<\/p>\n<p>Kostimografkinje: Tajana \u0160tasni, Ivana Bili\u0107<\/p>\n<p>Majstorica maske: Silvija Bradica<\/p>\n<p>Voditelj: Ivan Planini\u0107<\/p>\n<p>Produkcija: Antitalent, 2017.<\/p>\n<p>Urednik: Mladen Santri\u0107<\/p>\n","protected":false},"excerpt":{"rendered":"<p>\u201cSjeverozapadni vjetar \u2014 izme\u0111u legende i stvarnosti\u201d \u010detverodijelna je dokumentarna serija s igranim elementima koja obra\u0111uje \u010detiri teme iz hrvatskih narodnih predaja, legendi i mitova: SUDBINA, VRAGOVI, COPERNICE i VODENI \u010cOVJEK. Kroz igrane scene o\u017eivljuju se fenomeni skrivenoga i zaboravljenog mitskog svijeta Hrvatske.<\/p>\n","protected":false},"author":3,"featured_media":1025,"comment_status":"open","ping_status":"open","sticky":false,"template":"","format":"standard","meta":{"footnotes":""},"categories":[14,5],"tags":[],"class_list":["post-1024","post","type-post","status-publish","format-standard","has-post-thumbnail","hentry","category-narodna-vjerovanja-i-obicaji","category-video"],"_links":{"self":[{"href":"https:\/\/rodnovjerje.com.hr\/index.php\/wp-json\/wp\/v2\/posts\/1024","targetHints":{"allow":["GET"]}}],"collection":[{"href":"https:\/\/rodnovjerje.com.hr\/index.php\/wp-json\/wp\/v2\/posts"}],"about":[{"href":"https:\/\/rodnovjerje.com.hr\/index.php\/wp-json\/wp\/v2\/types\/post"}],"author":[{"embeddable":true,"href":"https:\/\/rodnovjerje.com.hr\/index.php\/wp-json\/wp\/v2\/users\/3"}],"replies":[{"embeddable":true,"href":"https:\/\/rodnovjerje.com.hr\/index.php\/wp-json\/wp\/v2\/comments?post=1024"}],"version-history":[{"count":4,"href":"https:\/\/rodnovjerje.com.hr\/index.php\/wp-json\/wp\/v2\/posts\/1024\/revisions"}],"predecessor-version":[{"id":1102,"href":"https:\/\/rodnovjerje.com.hr\/index.php\/wp-json\/wp\/v2\/posts\/1024\/revisions\/1102"}],"wp:featuredmedia":[{"embeddable":true,"href":"https:\/\/rodnovjerje.com.hr\/index.php\/wp-json\/wp\/v2\/media\/1025"}],"wp:attachment":[{"href":"https:\/\/rodnovjerje.com.hr\/index.php\/wp-json\/wp\/v2\/media?parent=1024"}],"wp:term":[{"taxonomy":"category","embeddable":true,"href":"https:\/\/rodnovjerje.com.hr\/index.php\/wp-json\/wp\/v2\/categories?post=1024"},{"taxonomy":"post_tag","embeddable":true,"href":"https:\/\/rodnovjerje.com.hr\/index.php\/wp-json\/wp\/v2\/tags?post=1024"}],"curies":[{"name":"wp","href":"https:\/\/api.w.org\/{rel}","templated":true}]}}